{"id":2557,"date":"2017-03-25T11:26:46","date_gmt":"2017-03-25T10:26:46","guid":{"rendered":"http:\/\/serveiseducatius.xtec.cat\/baixllobregat2\/?p=2557"},"modified":"2017-04-03T10:00:19","modified_gmt":"2017-04-03T08:00:19","slug":"x-jornada-el-comic-una-eina-pedagogica-en-el-marc-del-35-salo-internacional-del-comic-de-barcelona","status":"publish","type":"post","link":"https:\/\/serveiseducatius.xtec.cat\/baixllobregat2\/portada\/x-jornada-el-comic-una-eina-pedagogica-en-el-marc-del-35-salo-internacional-del-comic-de-barcelona\/","title":{"rendered":"X Jornada El c\u00f2mic una eina pedag\u00f2gica en el marc del 35 Sal\u00f3 Internacional del C\u00f2mic de Barcelona"},"content":{"rendered":"<p><a href=\"http:\/\/serveiseducatius.xtec.cat\/baixllobregat2\/wp-content\/uploads\/usu760\/2017\/03\/fira_comic.jpg\"><img loading=\"lazy\" decoding=\"async\" class=\"alignleft size-medium wp-image-2558\" src=\"http:\/\/serveiseducatius.xtec.cat\/baixllobregat2\/wp-content\/uploads\/usu760\/2017\/03\/fira_comic-202x300.jpg\" alt=\"Fira Comic\" width=\"202\" height=\"300\" srcset=\"https:\/\/serveiseducatius.xtec.cat\/baixllobregat2\/wp-content\/uploads\/usu760\/2017\/03\/fira_comic-202x300.jpg 202w, https:\/\/serveiseducatius.xtec.cat\/baixllobregat2\/wp-content\/uploads\/usu760\/2017\/03\/fira_comic.jpg 220w\" sizes=\"auto, (max-width: 202px) 100vw, 202px\" \/><\/a>En el marc del\u00a0<strong><a href=\"http:\/\/comic-35.ficomic.com\/informacio.cfm\">35 Sal\u00f3 Internacional del C\u00f3mic de Barcelona<\/a><\/strong>, el dia 30 de mar\u00e7 es portar\u00e0 a terme la X Trobada Pedag\u00f2gica\u00a0del C\u00f2mic.<\/p>\n<p>La trobada pedag\u00f2gica del Sal\u00f3 del C\u00f2mic s\u2019ha convertit en el punt de contacte entre el sector del c\u00f2mic i el m\u00f3n de l\u2019educaci\u00f3. Aquesta jornada anual vol donar eines innovadores al professorat per poder utilitzar el c\u00f2mic a l\u2019aula. Els objectius, s\u00f3n:<\/p>\n<blockquote>\n<ul>\n<li>Potenciar la lectura del c\u00f2mic a l\u2019aula<\/li>\n<li>Explorar les possibilitats del c\u00f2mic com a recurs did\u00e0ctic<\/li>\n<li>Descobrir estrat\u00e8gies de treball del c\u00f2mic a l\u2019aula<\/li>\n<li>Con\u00e8ixer les novetats editorials del m\u00f3n del c\u00f2mic.<\/li>\n<\/ul>\n<\/blockquote>\n<p>La trobada constar\u00e0 d\u2019una visita guiada pel\u00a0sal\u00f3, un taller did\u00e0ctic, una confer\u00e8ncia a c\u00e0rrec d\u2019Albert S\u00e0nchez Pi\u00f1ol, Carles Santamaria i Cesc Dalmases sobre l\u2019adaptaci\u00f3 de\u00a0<em>Victus\u00a0<\/em>al\u00a0c\u00f2mic, una presentaci\u00f3 d\u2019experi\u00e8ncies i una presentaci\u00f3 de l\u2019exposici\u00f3\u00a0<em>Patufet en guerra<\/em>\u00a0del\u00a0Memorial Democr\u00e0tic.<br \/>\n<strong><a href=\"http:\/\/xtec.gencat.cat\/web\/.content\/projectes\/lectura\/impulslectura\/actes-literaris\/activitatsliteraries\/comic\/documents\/programa_jornada_salo-comic_1617.pdf\"><br \/>\nPrograma i inscripci\u00f3<\/a>\u00a0oberta\u00a0fins el 26 de mar\u00e7<\/strong><\/p>\n","protected":false},"excerpt":{"rendered":"<p>En el marc del\u00a035 Sal\u00f3 Internacional del C\u00f3mic de Barcelona, el dia 30 de mar\u00e7 es portar\u00e0 a terme la X Trobada Pedag\u00f2gica\u00a0del C\u00f2mic. La trobada pedag\u00f2gica del Sal\u00f3 del C\u00f2mic s\u2019ha convertit en el punt de contacte entre el sector del c\u00f2mic i el m\u00f3n de l\u2019educaci\u00f3. Aquesta jornada anual vol donar eines innovadores [&hellip;]<\/p>\n","protected":false},"author":1,"featured_media":2558,"comment_status":"closed","ping_status":"open","sticky":false,"template":"","format":"standard","meta":{"_bbp_topic_count":0,"_bbp_reply_count":0,"_bbp_total_topic_count":0,"_bbp_total_reply_count":0,"_bbp_voice_count":0,"_bbp_anonymous_reply_count":0,"_bbp_topic_count_hidden":0,"_bbp_reply_count_hidden":0,"_bbp_forum_subforum_count":0,"site-sidebar-layout":"default","site-content-layout":"","ast-site-content-layout":"","site-content-style":"default","site-sidebar-style":"default","ast-global-header-display":"","ast-banner-title-visibility":"","ast-main-header-display":"","ast-hfb-above-header-display":"","ast-hfb-below-header-display":"","ast-hfb-mobile-header-display":"","site-post-title":"","ast-breadcrumbs-content":"","ast-featured-img":"","footer-sml-layout":"","theme-transparent-header-meta":"","adv-header-id-meta":"","stick-header-meta":"","header-above-stick-meta":"","header-main-stick-meta":"","header-below-stick-meta":"","astra-migrate-meta-layouts":"default","ast-page-background-enabled":"default","ast-page-background-meta":{"desktop":{"background-color":"var(--ast-global-color-4)","background-image":"","background-repeat":"repeat","background-position":"center center","background-size":"auto","background-attachment":"scroll","background-type":"","background-media":"","overlay-type":"","overlay-color":"","overlay-opacity":"","overlay-gradient":""},"tablet":{"background-color":"","background-image":"","background-repeat":"repeat","background-position":"center center","background-size":"auto","background-attachment":"scroll","background-type":"","background-media":"","overlay-type":"","overlay-color":"","overlay-opacity":"","overlay-gradient":""},"mobile":{"background-color":"","background-image":"","background-repeat":"repeat","background-position":"center center","background-size":"auto","background-attachment":"scroll","background-type":"","background-media":"","overlay-type":"","overlay-color":"","overlay-opacity":"","overlay-gradient":""}},"ast-content-background-meta":{"desktop":{"background-color":"var(--ast-global-color-5)","background-image":"","background-repeat":"repeat","background-position":"center center","background-size":"auto","background-attachment":"scroll","background-type":"","background-media":"","overlay-type":"","overlay-color":"","overlay-opacity":"","overlay-gradient":""},"tablet":{"background-color":"var(--ast-global-color-5)","background-image":"","background-repeat":"repeat","background-position":"center center","background-size":"auto","background-attachment":"scroll","background-type":"","background-media":"","overlay-type":"","overlay-color":"","overlay-opacity":"","overlay-gradient":""},"mobile":{"background-color":"var(--ast-global-color-5)","background-image":"","background-repeat":"repeat","background-position":"center center","background-size":"auto","background-attachment":"scroll","background-type":"","background-media":"","overlay-type":"","overlay-color":"","overlay-opacity":"","overlay-gradient":""}},"footnotes":""},"categories":[81,29],"tags":[334],"class_list":["post-2557","post","type-post","status-publish","format-standard","has-post-thumbnail","hentry","category-biblioteca-escolar","category-portada","tag-comic"],"post_mailing_queue_ids":[],"_links":{"self":[{"href":"https:\/\/serveiseducatius.xtec.cat\/baixllobregat2\/wp-json\/wp\/v2\/posts\/2557","targetHints":{"allow":["GET"]}}],"collection":[{"href":"https:\/\/serveiseducatius.xtec.cat\/baixllobregat2\/wp-json\/wp\/v2\/posts"}],"about":[{"href":"https:\/\/serveiseducatius.xtec.cat\/baixllobregat2\/wp-json\/wp\/v2\/types\/post"}],"author":[{"embeddable":true,"href":"https:\/\/serveiseducatius.xtec.cat\/baixllobregat2\/wp-json\/wp\/v2\/users\/1"}],"replies":[{"embeddable":true,"href":"https:\/\/serveiseducatius.xtec.cat\/baixllobregat2\/wp-json\/wp\/v2\/comments?post=2557"}],"version-history":[{"count":1,"href":"https:\/\/serveiseducatius.xtec.cat\/baixllobregat2\/wp-json\/wp\/v2\/posts\/2557\/revisions"}],"predecessor-version":[{"id":2559,"href":"https:\/\/serveiseducatius.xtec.cat\/baixllobregat2\/wp-json\/wp\/v2\/posts\/2557\/revisions\/2559"}],"wp:featuredmedia":[{"embeddable":true,"href":"https:\/\/serveiseducatius.xtec.cat\/baixllobregat2\/wp-json\/wp\/v2\/media\/2558"}],"wp:attachment":[{"href":"https:\/\/serveiseducatius.xtec.cat\/baixllobregat2\/wp-json\/wp\/v2\/media?parent=2557"}],"wp:term":[{"taxonomy":"category","embeddable":true,"href":"https:\/\/serveiseducatius.xtec.cat\/baixllobregat2\/wp-json\/wp\/v2\/categories?post=2557"},{"taxonomy":"post_tag","embeddable":true,"href":"https:\/\/serveiseducatius.xtec.cat\/baixllobregat2\/wp-json\/wp\/v2\/tags?post=2557"}],"curies":[{"name":"wp","href":"https:\/\/api.w.org\/{rel}","templated":true}]}}