{"id":2428,"date":"2017-03-09T16:09:15","date_gmt":"2017-03-09T15:09:15","guid":{"rendered":"http:\/\/serveiseducatius.xtec.cat\/baixllobregat2\/?p=2428"},"modified":"2017-03-17T13:19:51","modified_gmt":"2017-03-17T12:19:51","slug":"jornades-orientacio-gava","status":"publish","type":"post","link":"https:\/\/serveiseducatius.xtec.cat\/baixllobregat2\/general\/jornades-orientacio-gava\/","title":{"rendered":"Del 15 al 18 de mar\u00e7: Educ@cci\u00f3 (Jornades d&#8217;Orientaci\u00f3 Acad\u00e8mica) a Gav\u00e0"},"content":{"rendered":"<p><a href=\"http:\/\/serveiseducatius.xtec.cat\/baixllobregat2\/wp-content\/uploads\/usu760\/2017\/03\/Jornades-Educaccio-2017-a-Gav\u00e01p.jpg\"><img loading=\"lazy\" decoding=\"async\" class=\"alignleft wp-image-2429\" src=\"http:\/\/serveiseducatius.xtec.cat\/baixllobregat2\/wp-content\/uploads\/usu760\/2017\/03\/Jornades-Educaccio-2017-a-Gav\u00e01p.jpg\" alt=\"jornades-educaccio-2017-a-gava1p\" width=\"227\" height=\"322\" srcset=\"https:\/\/serveiseducatius.xtec.cat\/baixllobregat2\/wp-content\/uploads\/usu760\/2017\/03\/Jornades-Educaccio-2017-a-Gav\u00e01p.jpg 300w, https:\/\/serveiseducatius.xtec.cat\/baixllobregat2\/wp-content\/uploads\/usu760\/2017\/03\/Jornades-Educaccio-2017-a-Gav\u00e01p-211x300.jpg 211w\" sizes=\"auto, (max-width: 227px) 100vw, 227px\" \/><\/a><\/p>\n<p>Del <strong>15 al 18 de mar\u00e7<\/strong> es celebren a la poblaci\u00f3 de <strong>Gav\u00e0<\/strong> les <strong>Jornades<\/strong> <strong>Educ@acci\u00f3<\/strong>. Es tracta d&#8217;un<strong>\u00a0<\/strong>seguit d&#8217;activitats, tallers i xerrades adre\u00e7ades al jovent, professorat i fam\u00edlies, relacionades amb l&#8217;oferta d&#8217;estudis i les sortides professionals.<\/p>\n<p>Les Jornades estan organitzades per l&#8217;Ajuntament de Gav\u00e0 i la col\u00b7laboraci\u00f3 de la Direcci\u00f3 General de Juventut de la Generalitat i la Diputaci\u00f3 de Barcelona. \u00a0Tamb\u00e9 compten amb el suport del SE-CRP de la zona en la seva difusi\u00f3.<\/p>\n<p>&nbsp;<\/p>\n<p><a href=\"https:\/\/drive.google.com\/file\/d\/0B9U4DXd6Qy1tWTdBLTlENV8wTFE\/view?usp=sharing\"><strong>PROGRAMA<\/strong><\/a><\/p>\n<p><strong><a href=\"https:\/\/drive.google.com\/drive\/folders\/0B9U4DXd6Qy1tYmVZQ1NQVEV3YTQ?usp=sharing\">Imatges de la Jornada Inaugural del dia 15 i les diferents taules informatives<\/a><\/strong> .<\/p>\n","protected":false},"excerpt":{"rendered":"<p>Del 15 al 18 de mar\u00e7 es celebren a la poblaci\u00f3 de Gav\u00e0 les Jornades Educ@acci\u00f3. Es tracta d&#8217;un\u00a0seguit d&#8217;activitats, tallers i xerrades adre\u00e7ades al jovent, professorat i fam\u00edlies, relacionades amb l&#8217;oferta d&#8217;estudis i les sortides professionals. Les Jornades estan organitzades per l&#8217;Ajuntament de Gav\u00e0 i la col\u00b7laboraci\u00f3 de la Direcci\u00f3 General de Juventut de [&hellip;]<\/p>\n","protected":false},"author":1,"featured_media":2429,"comment_status":"closed","ping_status":"open","sticky":false,"template":"","format":"standard","meta":{"_bbp_topic_count":0,"_bbp_reply_count":0,"_bbp_total_topic_count":0,"_bbp_total_reply_count":0,"_bbp_voice_count":0,"_bbp_anonymous_reply_count":0,"_bbp_topic_count_hidden":0,"_bbp_reply_count_hidden":0,"_bbp_forum_subforum_count":0,"site-sidebar-layout":"default","site-content-layout":"","ast-site-content-layout":"","site-content-style":"default","site-sidebar-style":"default","ast-global-header-display":"","ast-banner-title-visibility":"","ast-main-header-display":"","ast-hfb-above-header-display":"","ast-hfb-below-header-display":"","ast-hfb-mobile-header-display":"","site-post-title":"","ast-breadcrumbs-content":"","ast-featured-img":"","footer-sml-layout":"","theme-transparent-header-meta":"","adv-header-id-meta":"","stick-header-meta":"","header-above-stick-meta":"","header-main-stick-meta":"","header-below-stick-meta":"","astra-migrate-meta-layouts":"default","ast-page-background-enabled":"default","ast-page-background-meta":{"desktop":{"background-color":"var(--ast-global-color-4)","background-image":"","background-repeat":"repeat","background-position":"center center","background-size":"auto","background-attachment":"scroll","background-type":"","background-media":"","overlay-type":"","overlay-color":"","overlay-opacity":"","overlay-gradient":""},"tablet":{"background-color":"","background-image":"","background-repeat":"repeat","background-position":"center center","background-size":"auto","background-attachment":"scroll","background-type":"","background-media":"","overlay-type":"","overlay-color":"","overlay-opacity":"","overlay-gradient":""},"mobile":{"background-color":"","background-image":"","background-repeat":"repeat","background-position":"center center","background-size":"auto","background-attachment":"scroll","background-type":"","background-media":"","overlay-type":"","overlay-color":"","overlay-opacity":"","overlay-gradient":""}},"ast-content-background-meta":{"desktop":{"background-color":"var(--ast-global-color-5)","background-image":"","background-repeat":"repeat","background-position":"center center","background-size":"auto","background-attachment":"scroll","background-type":"","background-media":"","overlay-type":"","overlay-color":"","overlay-opacity":"","overlay-gradient":""},"tablet":{"background-color":"var(--ast-global-color-5)","background-image":"","background-repeat":"repeat","background-position":"center center","background-size":"auto","background-attachment":"scroll","background-type":"","background-media":"","overlay-type":"","overlay-color":"","overlay-opacity":"","overlay-gradient":""},"mobile":{"background-color":"var(--ast-global-color-5)","background-image":"","background-repeat":"repeat","background-position":"center center","background-size":"auto","background-attachment":"scroll","background-type":"","background-media":"","overlay-type":"","overlay-color":"","overlay-opacity":"","overlay-gradient":""}},"footnotes":""},"categories":[66,1,317,29],"tags":[],"class_list":["post-2428","post","type-post","status-publish","format-standard","has-post-thumbnail","hentry","category-dinamitzacio","category-general","category-orientacio","category-portada"],"post_mailing_queue_ids":[],"_links":{"self":[{"href":"https:\/\/serveiseducatius.xtec.cat\/baixllobregat2\/wp-json\/wp\/v2\/posts\/2428","targetHints":{"allow":["GET"]}}],"collection":[{"href":"https:\/\/serveiseducatius.xtec.cat\/baixllobregat2\/wp-json\/wp\/v2\/posts"}],"about":[{"href":"https:\/\/serveiseducatius.xtec.cat\/baixllobregat2\/wp-json\/wp\/v2\/types\/post"}],"author":[{"embeddable":true,"href":"https:\/\/serveiseducatius.xtec.cat\/baixllobregat2\/wp-json\/wp\/v2\/users\/1"}],"replies":[{"embeddable":true,"href":"https:\/\/serveiseducatius.xtec.cat\/baixllobregat2\/wp-json\/wp\/v2\/comments?post=2428"}],"version-history":[{"count":3,"href":"https:\/\/serveiseducatius.xtec.cat\/baixllobregat2\/wp-json\/wp\/v2\/posts\/2428\/revisions"}],"predecessor-version":[{"id":2480,"href":"https:\/\/serveiseducatius.xtec.cat\/baixllobregat2\/wp-json\/wp\/v2\/posts\/2428\/revisions\/2480"}],"wp:featuredmedia":[{"embeddable":true,"href":"https:\/\/serveiseducatius.xtec.cat\/baixllobregat2\/wp-json\/wp\/v2\/media\/2429"}],"wp:attachment":[{"href":"https:\/\/serveiseducatius.xtec.cat\/baixllobregat2\/wp-json\/wp\/v2\/media?parent=2428"}],"wp:term":[{"taxonomy":"category","embeddable":true,"href":"https:\/\/serveiseducatius.xtec.cat\/baixllobregat2\/wp-json\/wp\/v2\/categories?post=2428"},{"taxonomy":"post_tag","embeddable":true,"href":"https:\/\/serveiseducatius.xtec.cat\/baixllobregat2\/wp-json\/wp\/v2\/tags?post=2428"}],"curies":[{"name":"wp","href":"https:\/\/api.w.org\/{rel}","templated":true}]}}