{"id":2402,"date":"2017-03-09T11:34:56","date_gmt":"2017-03-09T10:34:56","guid":{"rendered":"http:\/\/serveiseducatius.xtec.cat\/baixllobregat2\/?p=2402"},"modified":"2017-03-15T17:42:16","modified_gmt":"2017-03-15T16:42:16","slug":"xi-jornada-matematica-al-carrer-gava","status":"publish","type":"post","link":"https:\/\/serveiseducatius.xtec.cat\/baixllobregat2\/general\/xi-jornada-matematica-al-carrer-gava\/","title":{"rendered":"XI Jornada Matem\u00e0tica al carrer (Gav\u00e0)"},"content":{"rendered":"<p><a href=\"http:\/\/serveiseducatius.xtec.cat\/baixllobregat2\/wp-content\/uploads\/usu760\/2017\/03\/Cartell-Jornada-Mates-Gav\u00e0-petitpin.jpg\"><img loading=\"lazy\" decoding=\"async\" class=\"wp-image-2403 alignleft\" src=\"http:\/\/serveiseducatius.xtec.cat\/baixllobregat2\/wp-content\/uploads\/usu760\/2017\/03\/Cartell-Jornada-Mates-Gav\u00e0-petitpin.jpg\" alt=\"cartell-jornada-mates-gava-petitpin\" width=\"252\" height=\"357\" \/><\/a><\/p>\n<p>Celebrada\u00a0la\u00a0<b>11a<\/b>\u00a0<b>edici\u00f3 <\/b>de\u00a0\u00a0la <strong>Jornada Matem\u00e0tica al Carrer el\u00a0Dv 10\/03\/2017<\/strong>.\u00a0\u00a0Aquesta jornada \u00e9s ja una cl\u00e0ssica activitat de dinamitzaci\u00f3 educativa a\u00a0<strong>Gav\u00e0<\/strong>. En una s\u00e8rie de taules\/parades instal\u00b7lades a la Rambla, talment com si d&#8217;una fira es tract\u00e9s, i ateses per dos alumnes de secund\u00e0ria cadascuna, els nois i les noies de CS de PRI i 1r d&#8217;ESO, s&#8217;enfrontaran a la resoluci\u00f3 de diverses activitats matem\u00e0tiques, amb diferent grau de dificultat, preparades conjuntament pels docents dels centres p\u00fablics de prim\u00e0ria i de secund\u00e0ria.<\/p>\n<p>Les activitats estan pensades perqu\u00e8, d&#8217;una manera l\u00fadica, els nois i les noies resolguin problemes\u00a0diversos de raonament l\u00f2gic, geom\u00e8trics, num\u00e8rics, &#8230; \u00a0fent servir capacitats treballades als seus centres.<\/p>\n<p>Un altre objectiu de la Jornada \u00e9s afavorir el contacte de l&#8217;alumnat de 6\u00e8 amb el de Secund\u00e0ria.<\/p>\n<p>L&#8217;activitat est\u00e0 organitzada pel conjunt dels centres educatius p\u00fablics de Gav\u00e0 i compta amb la col\u00b7laboraci\u00f3 del Centre de Recursos Pedag\u00f2gics de la zona i l&#8217;Ajuntament de la poblaci\u00f3.<\/p>\n<h2 style=\"text-align: left;\"><span style=\"color: #993366;\"><strong>COM VA ANAR LA JORNADA?\u00a0<\/strong><\/span><\/h2>\n<table class=\" alignleft\" style=\"height: 222px; width: 436px;\" border=\"0\">\n<tbody>\n<tr style=\"height: 182px;\">\n<td style=\"width: 216px; height: 182px; text-align: left;\"><img loading=\"lazy\" decoding=\"async\" class=\"\" src=\"http:\/\/serveiseducatius.xtec.cat\/baixllobregat2\/wp-content\/uploads\/usu760\/2017\/03\/pinmates_2017-copiapetit.png\" alt=\"pinmates_2017-copiapetit\" width=\"210\" height=\"213\" \/><\/td>\n<td style=\"width: 212px; height: 182px; text-align: left;\">\n<p style=\"text-align: right;\"><span style=\"display: inline-block; margin: .6em; width: 160px;\" title=\"Imatge Mural Puzzle Jornada Matem\u00e0tica - online jigsaw puzzle - 24 pieces\"><a style=\"display: block; text-decoration: none; position: relative; width: 113px; margin: 0 auto .4em auto;\" href=\"http:\/\/www.jigsawplanet.com\/?rc=play&amp;pid=3593e2df6bcc\"><img loading=\"lazy\" decoding=\"async\" class=\"aligncenter\" style=\"display: block; border: 1px #000 solid; box-shadow: 2px 2px 5px rgba(0,0,0,.2);\" src=\"\/\/im.jigsawplanet.com\/?rc=img&amp;pid=3593e2df6bcc&amp;size=160\" alt=\"preview\" width=\"172\" height=\"243\" \/><span style=\"position: absolute; right: 5px; bottom: 4px;\"><span style=\"font: bold 16px Verdana,sans-serif; color: #fff; text-shadow: 1px 1px 2px #000; vertical-align: middle;\">24 <\/span><img decoding=\"async\" style=\"border: 0; vertical-align: middle;\" src=\"\/\/www.jigsawplanet.com\/img\/preview\/piece.png\" alt=\"piece\" \/><\/span><\/a><a style=\"display: block; text-align: center; overflow: hidden;\" href=\"http:\/\/www.jigsawplanet.com\/?rc=play&amp;pid=3593e2df6bcc\">Fes el Mural Puzzle de la Jornada Matem\u00e0tica\u00a0<\/a><\/span><\/p>\n<\/td>\n<\/tr>\n<\/tbody>\n<\/table>\n<p style=\"text-align: left;\"><a style=\"color: #993366;\" href=\"https:\/\/drive.google.com\/file\/d\/0B9U4DXd6Qy1tQlZmSDhPUTRhcDg\/view?usp=sharing\"><strong>Necessites AJUDA per a fer el puzzle?<\/strong><\/a><\/p>\n<p style=\"text-align: center;\"><iframe loading=\"lazy\" src=\"https:\/\/www.youtube.com\/embed\/pPhUyCvZHpI\" width=\"560\" height=\"315\" frameborder=\"0\" allowfullscreen=\"allowfullscreen\"><\/iframe><\/p>\n<h2 style=\"text-align: center;\"><span style=\"color: #993366;\"><a style=\"color: #993366;\" href=\"http:\/\/serveiseducatius.xtec.cat\/baixllobregat2\/dinamitzacio\/jornada-matematica-a-gava\/fotos-de-la-jornada-matematica-al-carrer\/\">+ imatges de la JORNADA\u00a0<\/a><\/span><\/h2>\n<p style=\"text-align: center;\"><strong>&#8230;&#8230;&#8230;&#8230;&#8230;&#8230;&#8230;&#8230;&#8230;&#8230;&#8230;&#8230;&#8230;&#8230;&#8230;&#8230;&#8230;&#8230;&#8230;&#8230;&#8230;&#8230;&#8230;&#8230;&#8230;&#8230;&#8230;&#8230;&#8230;&#8230;&#8230;&#8230;&#8230;&#8230;&#8230;&#8230;<\/strong><\/p>\n<h2 style=\"text-align: center;\" align=\"justify\"><span style=\"color: #00ccff;\"><strong><a style=\"color: #00ccff;\" href=\"http:\/\/serveiseducatius.xtec.cat\/baixllobregat2\/general\/edicions-anteriors-de-la-jornada-matematica-al-carrer-gava\/\">CONSULTA D&#8217;EDICIONS ANTERIORS&#8230;<\/a><\/strong><\/span><\/h2>\n","protected":false},"excerpt":{"rendered":"<p>Celebrada\u00a0la\u00a011a\u00a0edici\u00f3 de\u00a0\u00a0la Jornada Matem\u00e0tica al Carrer el\u00a0Dv 10\/03\/2017.\u00a0\u00a0Aquesta jornada \u00e9s ja una cl\u00e0ssica activitat de dinamitzaci\u00f3 educativa a\u00a0Gav\u00e0. En una s\u00e8rie de taules\/parades instal\u00b7lades a la Rambla, talment com si d&#8217;una fira es tract\u00e9s, i ateses per dos alumnes de secund\u00e0ria cadascuna, els nois i les noies de CS de PRI i 1r d&#8217;ESO, s&#8217;enfrontaran [&hellip;]<\/p>\n","protected":false},"author":1,"featured_media":2403,"comment_status":"closed","ping_status":"open","sticky":false,"template":"","format":"standard","meta":{"_bbp_topic_count":0,"_bbp_reply_count":0,"_bbp_total_topic_count":0,"_bbp_total_reply_count":0,"_bbp_voice_count":0,"_bbp_anonymous_reply_count":0,"_bbp_topic_count_hidden":0,"_bbp_reply_count_hidden":0,"_bbp_forum_subforum_count":0,"site-sidebar-layout":"default","site-content-layout":"","ast-site-content-layout":"","site-content-style":"default","site-sidebar-style":"default","ast-global-header-display":"","ast-banner-title-visibility":"","ast-main-header-display":"","ast-hfb-above-header-display":"","ast-hfb-below-header-display":"","ast-hfb-mobile-header-display":"","site-post-title":"","ast-breadcrumbs-content":"","ast-featured-img":"","footer-sml-layout":"","theme-transparent-header-meta":"","adv-header-id-meta":"","stick-header-meta":"","header-above-stick-meta":"","header-main-stick-meta":"","header-below-stick-meta":"","astra-migrate-meta-layouts":"default","ast-page-background-enabled":"default","ast-page-background-meta":{"desktop":{"background-color":"var(--ast-global-color-4)","background-image":"","background-repeat":"repeat","background-position":"center center","background-size":"auto","background-attachment":"scroll","background-type":"","background-media":"","overlay-type":"","overlay-color":"","overlay-opacity":"","overlay-gradient":""},"tablet":{"background-color":"","background-image":"","background-repeat":"repeat","background-position":"center center","background-size":"auto","background-attachment":"scroll","background-type":"","background-media":"","overlay-type":"","overlay-color":"","overlay-opacity":"","overlay-gradient":""},"mobile":{"background-color":"","background-image":"","background-repeat":"repeat","background-position":"center center","background-size":"auto","background-attachment":"scroll","background-type":"","background-media":"","overlay-type":"","overlay-color":"","overlay-opacity":"","overlay-gradient":""}},"ast-content-background-meta":{"desktop":{"background-color":"var(--ast-global-color-5)","background-image":"","background-repeat":"repeat","background-position":"center center","background-size":"auto","background-attachment":"scroll","background-type":"","background-media":"","overlay-type":"","overlay-color":"","overlay-opacity":"","overlay-gradient":""},"tablet":{"background-color":"var(--ast-global-color-5)","background-image":"","background-repeat":"repeat","background-position":"center center","background-size":"auto","background-attachment":"scroll","background-type":"","background-media":"","overlay-type":"","overlay-color":"","overlay-opacity":"","overlay-gradient":""},"mobile":{"background-color":"var(--ast-global-color-5)","background-image":"","background-repeat":"repeat","background-position":"center center","background-size":"auto","background-attachment":"scroll","background-type":"","background-media":"","overlay-type":"","overlay-color":"","overlay-opacity":"","overlay-gradient":""}},"footnotes":""},"categories":[65,66,1,326,29],"tags":[],"class_list":["post-2402","post","type-post","status-publish","format-standard","has-post-thumbnail","hentry","category-crp","category-dinamitzacio","category-general","category-jornades-matematiques","category-portada"],"post_mailing_queue_ids":[],"_links":{"self":[{"href":"https:\/\/serveiseducatius.xtec.cat\/baixllobregat2\/wp-json\/wp\/v2\/posts\/2402","targetHints":{"allow":["GET"]}}],"collection":[{"href":"https:\/\/serveiseducatius.xtec.cat\/baixllobregat2\/wp-json\/wp\/v2\/posts"}],"about":[{"href":"https:\/\/serveiseducatius.xtec.cat\/baixllobregat2\/wp-json\/wp\/v2\/types\/post"}],"author":[{"embeddable":true,"href":"https:\/\/serveiseducatius.xtec.cat\/baixllobregat2\/wp-json\/wp\/v2\/users\/1"}],"replies":[{"embeddable":true,"href":"https:\/\/serveiseducatius.xtec.cat\/baixllobregat2\/wp-json\/wp\/v2\/comments?post=2402"}],"version-history":[{"count":4,"href":"https:\/\/serveiseducatius.xtec.cat\/baixllobregat2\/wp-json\/wp\/v2\/posts\/2402\/revisions"}],"predecessor-version":[{"id":2462,"href":"https:\/\/serveiseducatius.xtec.cat\/baixllobregat2\/wp-json\/wp\/v2\/posts\/2402\/revisions\/2462"}],"wp:featuredmedia":[{"embeddable":true,"href":"https:\/\/serveiseducatius.xtec.cat\/baixllobregat2\/wp-json\/wp\/v2\/media\/2403"}],"wp:attachment":[{"href":"https:\/\/serveiseducatius.xtec.cat\/baixllobregat2\/wp-json\/wp\/v2\/media?parent=2402"}],"wp:term":[{"taxonomy":"category","embeddable":true,"href":"https:\/\/serveiseducatius.xtec.cat\/baixllobregat2\/wp-json\/wp\/v2\/categories?post=2402"},{"taxonomy":"post_tag","embeddable":true,"href":"https:\/\/serveiseducatius.xtec.cat\/baixllobregat2\/wp-json\/wp\/v2\/tags?post=2402"}],"curies":[{"name":"wp","href":"https:\/\/api.w.org\/{rel}","templated":true}]}}