{"id":2252,"date":"2017-03-10T10:03:13","date_gmt":"2017-03-10T09:03:13","guid":{"rendered":"http:\/\/serveiseducatius.xtec.cat\/baixllobregat2\/?p=2252"},"modified":"2017-03-28T09:53:00","modified_gmt":"2017-03-28T07:53:00","slug":"xv-forum-treballs-de-recerca-2016-2017","status":"publish","type":"post","link":"https:\/\/serveiseducatius.xtec.cat\/baixllobregat2\/general\/xv-forum-treballs-de-recerca-2016-2017\/","title":{"rendered":"XV F\u00f2rums Treballs de Recerca 2016-2017. Informaci\u00f3 general."},"content":{"rendered":"<p><a href=\"http:\/\/serveiseducatius.xtec.cat\/baixllobregat2\/wp-content\/uploads\/usu760\/2017\/03\/tr_web17.jpg\"><img loading=\"lazy\" decoding=\"async\" class=\"alignleft size-medium wp-image-2464\" src=\"http:\/\/serveiseducatius.xtec.cat\/baixllobregat2\/wp-content\/uploads\/usu760\/2017\/03\/tr_web17-219x300.jpg\" alt=\"Treballs de Recerca 2017\" width=\"219\" height=\"300\" srcset=\"https:\/\/serveiseducatius.xtec.cat\/baixllobregat2\/wp-content\/uploads\/usu760\/2017\/03\/tr_web17-219x300.jpg 219w, https:\/\/serveiseducatius.xtec.cat\/baixllobregat2\/wp-content\/uploads\/usu760\/2017\/03\/tr_web17.jpg 387w\" sizes=\"auto, (max-width: 219px) 100vw, 219px\" \/><\/a><\/p>\n<p>&nbsp;<\/p>\n<p>La <strong>XV edici\u00f3 dels F\u00f2rums de TR<\/strong> de la zona ja est\u00e0 en marxa.\u00a0Aquest curs 2016-2017 s&#8217;organitza tal i com \u00e9s habitual, una nova edici\u00f3 d&#8217;aquests 2 f\u00f2rums, a Gav\u00e0 i a Viladecans. Les dates de realitzaci\u00f3 d&#8217;aquests estan previstes per a finals de mar\u00e7. \u00a0Les inscripcions dels Treballs de Recerca participants les realitza cada centre educatiu d&#8217;acord amb els principis i procediment establerts per la Comissi\u00f3 corresponent.<\/p>\n<p>&nbsp;<\/p>\n<p>&nbsp;<\/p>\n<ul>\n<li>Calendari:<\/li>\n<\/ul>\n<p>&#8211; <strong>F\u00d2RUM a Viladecans: 23 de mar\u00e7 a les 16h. al Casal Montserratina\u00a0&#8211;\u00a0<\/strong><a style=\"font-family: inherit; font-size: 1em;\" href=\"https:\/\/drive.google.com\/file\/d\/0B9U4DXd6Qy1tR3U5NWY2R0VZNUE\/view?usp=sharing\"><span style=\"color: #339966;\"><em><strong>CARTELL<\/strong><\/em><\/span><\/a><span style=\"font-family: inherit; font-size: 1em;\"> &#8211; <\/span><a style=\"font-family: inherit; font-size: 1em;\" href=\"https:\/\/drive.google.com\/file\/d\/0B9U4DXd6Qy1tSHB2X1laSjQxQlE\/view?usp=sharing\"><span style=\"color: #ff9900;\"><strong><em>PROGRAMA<\/em><\/strong><\/span><\/a><\/p>\n<p>&#8211; <strong>F\u00d2RUM a Gav\u00e0: 30 de mar\u00e7 a les 16h. al Parc Arqueol\u00f2gic de Can Tintorer\u00a0&#8211;\u00a0<span style=\"color: #339966;\"><a style=\"color: #339966;\" href=\"https:\/\/drive.google.com\/file\/d\/0B9U4DXd6Qy1tNVNlUHBGZjB0cE0\/view?usp=sharing\"><strong><em>CARTELL<\/em><\/strong><\/a><\/span> &#8211;<span style=\"color: #ff9900;\"><a style=\"color: #ff9900;\" href=\"https:\/\/drive.google.com\/file\/d\/0B9U4DXd6Qy1tbDl5RnVjMzZ1NkU\/view?usp=sharing\"><strong> <em>PROGRAMA<\/em><\/strong><\/a><\/span><\/strong><\/p>\n<ul>\n<li>Inscripcions: <strong>Termini 24 febrer<\/strong> &#8211; <a href=\"https:\/\/docs.google.com\/forms\/d\/e\/1FAIpQLSfAqwglhwvqkPAZj1NDYmEqeh6NB22wvD0EpvbxeII1VsAqRw\/viewform?usp=send_form\">FORMULARI<\/a><\/li>\n<li>Informaci\u00f3 general: procediments, dates, fitxa resum TR, &#8230;\u00a0<a href=\"https:\/\/docs.google.com\/document\/d\/1ZSICxOm6qbZQccubX1XLY_a6io78FmFHQSvJhufVyOA\/edit?usp=sharing\">consultar\u00a0PLANIFICACI\u00d3 GENERAL<\/a><\/li>\n<\/ul>\n<p><span style=\"text-decoration: underline;\">Darrera reuni\u00f3 de la Comissi\u00f3: 3\u00a0de mar\u00e7\u00a0a les 12h. al CRP<\/span><\/p>\n<p>&nbsp;<\/p>\n<p>&nbsp;<\/p>\n<p>&nbsp;<\/p>\n","protected":false},"excerpt":{"rendered":"<p>&nbsp; La XV edici\u00f3 dels F\u00f2rums de TR de la zona ja est\u00e0 en marxa.\u00a0Aquest curs 2016-2017 s&#8217;organitza tal i com \u00e9s habitual, una nova edici\u00f3 d&#8217;aquests 2 f\u00f2rums, a Gav\u00e0 i a Viladecans. Les dates de realitzaci\u00f3 d&#8217;aquests estan previstes per a finals de mar\u00e7. \u00a0Les inscripcions dels Treballs de Recerca participants les realitza [&hellip;]<\/p>\n","protected":false},"author":1,"featured_media":2464,"comment_status":"closed","ping_status":"open","sticky":false,"template":"","format":"standard","meta":{"_bbp_topic_count":0,"_bbp_reply_count":0,"_bbp_total_topic_count":0,"_bbp_total_reply_count":0,"_bbp_voice_count":0,"_bbp_anonymous_reply_count":0,"_bbp_topic_count_hidden":0,"_bbp_reply_count_hidden":0,"_bbp_forum_subforum_count":0,"site-sidebar-layout":"default","site-content-layout":"","ast-site-content-layout":"","site-content-style":"default","site-sidebar-style":"default","ast-global-header-display":"","ast-banner-title-visibility":"","ast-main-header-display":"","ast-hfb-above-header-display":"","ast-hfb-below-header-display":"","ast-hfb-mobile-header-display":"","site-post-title":"","ast-breadcrumbs-content":"","ast-featured-img":"","footer-sml-layout":"","theme-transparent-header-meta":"","adv-header-id-meta":"","stick-header-meta":"","header-above-stick-meta":"","header-main-stick-meta":"","header-below-stick-meta":"","astra-migrate-meta-layouts":"default","ast-page-background-enabled":"default","ast-page-background-meta":{"desktop":{"background-color":"var(--ast-global-color-4)","background-image":"","background-repeat":"repeat","background-position":"center center","background-size":"auto","background-attachment":"scroll","background-type":"","background-media":"","overlay-type":"","overlay-color":"","overlay-opacity":"","overlay-gradient":""},"tablet":{"background-color":"","background-image":"","background-repeat":"repeat","background-position":"center center","background-size":"auto","background-attachment":"scroll","background-type":"","background-media":"","overlay-type":"","overlay-color":"","overlay-opacity":"","overlay-gradient":""},"mobile":{"background-color":"","background-image":"","background-repeat":"repeat","background-position":"center center","background-size":"auto","background-attachment":"scroll","background-type":"","background-media":"","overlay-type":"","overlay-color":"","overlay-opacity":"","overlay-gradient":""}},"ast-content-background-meta":{"desktop":{"background-color":"var(--ast-global-color-5)","background-image":"","background-repeat":"repeat","background-position":"center center","background-size":"auto","background-attachment":"scroll","background-type":"","background-media":"","overlay-type":"","overlay-color":"","overlay-opacity":"","overlay-gradient":""},"tablet":{"background-color":"var(--ast-global-color-5)","background-image":"","background-repeat":"repeat","background-position":"center center","background-size":"auto","background-attachment":"scroll","background-type":"","background-media":"","overlay-type":"","overlay-color":"","overlay-opacity":"","overlay-gradient":""},"mobile":{"background-color":"var(--ast-global-color-5)","background-image":"","background-repeat":"repeat","background-position":"center center","background-size":"auto","background-attachment":"scroll","background-type":"","background-media":"","overlay-type":"","overlay-color":"","overlay-opacity":"","overlay-gradient":""}},"footnotes":""},"categories":[66,70,1,29],"tags":[],"class_list":["post-2252","post","type-post","status-publish","format-standard","has-post-thumbnail","hentry","category-dinamitzacio","category-forum-treballs-de-recerca","category-general","category-portada"],"post_mailing_queue_ids":[],"_links":{"self":[{"href":"https:\/\/serveiseducatius.xtec.cat\/baixllobregat2\/wp-json\/wp\/v2\/posts\/2252","targetHints":{"allow":["GET"]}}],"collection":[{"href":"https:\/\/serveiseducatius.xtec.cat\/baixllobregat2\/wp-json\/wp\/v2\/posts"}],"about":[{"href":"https:\/\/serveiseducatius.xtec.cat\/baixllobregat2\/wp-json\/wp\/v2\/types\/post"}],"author":[{"embeddable":true,"href":"https:\/\/serveiseducatius.xtec.cat\/baixllobregat2\/wp-json\/wp\/v2\/users\/1"}],"replies":[{"embeddable":true,"href":"https:\/\/serveiseducatius.xtec.cat\/baixllobregat2\/wp-json\/wp\/v2\/comments?post=2252"}],"version-history":[{"count":4,"href":"https:\/\/serveiseducatius.xtec.cat\/baixllobregat2\/wp-json\/wp\/v2\/posts\/2252\/revisions"}],"predecessor-version":[{"id":2501,"href":"https:\/\/serveiseducatius.xtec.cat\/baixllobregat2\/wp-json\/wp\/v2\/posts\/2252\/revisions\/2501"}],"wp:featuredmedia":[{"embeddable":true,"href":"https:\/\/serveiseducatius.xtec.cat\/baixllobregat2\/wp-json\/wp\/v2\/media\/2464"}],"wp:attachment":[{"href":"https:\/\/serveiseducatius.xtec.cat\/baixllobregat2\/wp-json\/wp\/v2\/media?parent=2252"}],"wp:term":[{"taxonomy":"category","embeddable":true,"href":"https:\/\/serveiseducatius.xtec.cat\/baixllobregat2\/wp-json\/wp\/v2\/categories?post=2252"},{"taxonomy":"post_tag","embeddable":true,"href":"https:\/\/serveiseducatius.xtec.cat\/baixllobregat2\/wp-json\/wp\/v2\/tags?post=2252"}],"curies":[{"name":"wp","href":"https:\/\/api.w.org\/{rel}","templated":true}]}}