{"id":1932,"date":"2016-09-29T09:28:49","date_gmt":"2016-09-29T08:28:49","guid":{"rendered":"http:\/\/serveiseducatius.xtec.cat\/baixllobregat2\/?p=1932"},"modified":"2017-04-04T13:00:56","modified_gmt":"2017-04-04T11:00:56","slug":"sis-centres-educatius-de-la-demarcacio-del-servei-educatiu-baix-llobregat-ii-inclosos-al-programa-escolanova21","status":"publish","type":"post","link":"https:\/\/serveiseducatius.xtec.cat\/baixllobregat2\/portada\/sis-centres-educatius-de-la-demarcacio-del-servei-educatiu-baix-llobregat-ii-inclosos-al-programa-escolanova21\/","title":{"rendered":"Sis centres educatius de la zona educativa del Servei Educatiu Baix Llobregat II inclosos al programa \u00ab @EscolaNova21 \u00bb"},"content":{"rendered":"<p><a href=\"http:\/\/serveiseducatius.xtec.cat\/baixllobregat2\/wp-content\/uploads\/usu760\/2016\/09\/escolanova21.jpg\"><img loading=\"lazy\" decoding=\"async\" class=\"wp-image-1933 alignleft\" src=\"http:\/\/serveiseducatius.xtec.cat\/baixllobregat2\/wp-content\/uploads\/usu760\/2016\/09\/escolanova21.jpg\" alt=\"escolanova21\" width=\"248\" height=\"156\" srcset=\"https:\/\/serveiseducatius.xtec.cat\/baixllobregat2\/wp-content\/uploads\/usu760\/2016\/09\/escolanova21.jpg 520w, https:\/\/serveiseducatius.xtec.cat\/baixllobregat2\/wp-content\/uploads\/usu760\/2016\/09\/escolanova21-300x188.jpg 300w\" sizes=\"auto, (max-width: 248px) 100vw, 248px\" \/><\/a>El 28 de setembre de 2016\u00a0es van donar a con\u00e8ixer els centres seleccionats per a formar part del programa \u00ab<a href=\"http:\/\/www.escolanova21.cat\/\" target=\"_blank\"><b>Escola Nova 21<\/b><\/a>\u00bb. Han estat <a href=\"http:\/\/www.escolanova21.cat\/centres-participants\/\" target=\"_blank\"><b>456<\/b><\/a> els escollits, a banda dels impulsors. Entre aquest centres seleccionats sis corresponen a la zona educativa del Servei Educatiu Baix Llobregat II: <strong>Escola Sant Climent\u00a0<\/strong>(Sant Climent)\u00a0<strong>Escola \u00c0ngela Roca <\/strong>(Viladecans),\u00a0<strong>Escola Can Palmer\u00a0<\/strong>(Viladecans),\u00a0<strong>Escola Doctor Trueta\u00a0<\/strong>(Viladecans),\u00a0<strong>Escola Montserratina\u00a0<\/strong>(Viladecans),\u00a0<strong>Col\u00b7legi Sant Gabriel\u00a0<\/strong>(Viladecans)<\/p>\n<p>Inicialment havien de ser 200 centres els escollits per a formar part del programa, per\u00f2 gr\u00e0cies a un acord amb la Diputaci\u00f3 de Barcelona la xifra de centres participants ha pogut ser m\u00e9s elevada. Aquest acord es fa extensiu a tots els ens locals i far\u00e0 possible la creaci\u00f3 de xarxes territorials composades per un m\u00e0xim de 10 centres educatius cadascuna. Aquestes xarxes esdevindran una eina clau per compartir coneixement, experi\u00e8ncies i orientaci\u00f3 per al canvi.<\/p>\n<p>&nbsp;<\/p>\n<p><a href=\"http:\/\/www.ccma.cat\/324\/prop-de-500-escoles-i-instituts-es-renovaran-amb-el-programa-escola-nova-21\/noticia\/2750977\/\" target=\"_blank\">| Not\u00edcia del Telenot\u00edcies de TV3 |<\/a><\/p>\n<p><a href=\"http:\/\/www.ccma.cat\/tv3\/alacarta\/30-minuts\/una-altra-escola\/video\/5620064\/\" target=\"_blank\">| Programa 30\u2032: Una altra escola \u00e9s possible |<\/a><\/p>\n<p><a href=\"http:\/\/www.escolanova21.cat\/\">| Informaci\u00f3 general del Programa Escola Nova 21\u00a0|<\/a><\/p>\n","protected":false},"excerpt":{"rendered":"<p>Ahir es van donar a con\u00e8ixer els centres seleccionats per a formar part del programa \u00abEscola Nova 21\u00bb. Han estat 456 els escollits, a banda dels impulsors. Entre aquest centres seleccionats sis corresponen a la zona educativa del Servei Educatiu Baix Llobregat II: Escola Sant Climent (Sant Climent) <\/p>\n","protected":false},"author":1,"featured_media":1933,"comment_status":"closed","ping_status":"open","sticky":false,"template":"","format":"standard","meta":{"_bbp_topic_count":0,"_bbp_reply_count":0,"_bbp_total_topic_count":0,"_bbp_total_reply_count":0,"_bbp_voice_count":0,"_bbp_anonymous_reply_count":0,"_bbp_topic_count_hidden":0,"_bbp_reply_count_hidden":0,"_bbp_forum_subforum_count":0,"site-sidebar-layout":"default","site-content-layout":"","ast-site-content-layout":"","site-content-style":"default","site-sidebar-style":"default","ast-global-header-display":"","ast-banner-title-visibility":"","ast-main-header-display":"","ast-hfb-above-header-display":"","ast-hfb-below-header-display":"","ast-hfb-mobile-header-display":"","site-post-title":"","ast-breadcrumbs-content":"","ast-featured-img":"","footer-sml-layout":"","theme-transparent-header-meta":"","adv-header-id-meta":"","stick-header-meta":"","header-above-stick-meta":"","header-main-stick-meta":"","header-below-stick-meta":"","astra-migrate-meta-layouts":"default","ast-page-background-enabled":"default","ast-page-background-meta":{"desktop":{"background-color":"var(--ast-global-color-4)","background-image":"","background-repeat":"repeat","background-position":"center center","background-size":"auto","background-attachment":"scroll","background-type":"","background-media":"","overlay-type":"","overlay-color":"","overlay-opacity":"","overlay-gradient":""},"tablet":{"background-color":"","background-image":"","background-repeat":"repeat","background-position":"center center","background-size":"auto","background-attachment":"scroll","background-type":"","background-media":"","overlay-type":"","overlay-color":"","overlay-opacity":"","overlay-gradient":""},"mobile":{"background-color":"","background-image":"","background-repeat":"repeat","background-position":"center center","background-size":"auto","background-attachment":"scroll","background-type":"","background-media":"","overlay-type":"","overlay-color":"","overlay-opacity":"","overlay-gradient":""}},"ast-content-background-meta":{"desktop":{"background-color":"var(--ast-global-color-5)","background-image":"","background-repeat":"repeat","background-position":"center center","background-size":"auto","background-attachment":"scroll","background-type":"","background-media":"","overlay-type":"","overlay-color":"","overlay-opacity":"","overlay-gradient":""},"tablet":{"background-color":"var(--ast-global-color-5)","background-image":"","background-repeat":"repeat","background-position":"center center","background-size":"auto","background-attachment":"scroll","background-type":"","background-media":"","overlay-type":"","overlay-color":"","overlay-opacity":"","overlay-gradient":""},"mobile":{"background-color":"var(--ast-global-color-5)","background-image":"","background-repeat":"repeat","background-position":"center center","background-size":"auto","background-attachment":"scroll","background-type":"","background-media":"","overlay-type":"","overlay-color":"","overlay-opacity":"","overlay-gradient":""}},"footnotes":""},"categories":[65,29],"tags":[251],"class_list":["post-1932","post","type-post","status-publish","format-standard","has-post-thumbnail","hentry","category-crp","category-portada","tag-escola-nova21"],"post_mailing_queue_ids":[],"_links":{"self":[{"href":"https:\/\/serveiseducatius.xtec.cat\/baixllobregat2\/wp-json\/wp\/v2\/posts\/1932","targetHints":{"allow":["GET"]}}],"collection":[{"href":"https:\/\/serveiseducatius.xtec.cat\/baixllobregat2\/wp-json\/wp\/v2\/posts"}],"about":[{"href":"https:\/\/serveiseducatius.xtec.cat\/baixllobregat2\/wp-json\/wp\/v2\/types\/post"}],"author":[{"embeddable":true,"href":"https:\/\/serveiseducatius.xtec.cat\/baixllobregat2\/wp-json\/wp\/v2\/users\/1"}],"replies":[{"embeddable":true,"href":"https:\/\/serveiseducatius.xtec.cat\/baixllobregat2\/wp-json\/wp\/v2\/comments?post=1932"}],"version-history":[{"count":3,"href":"https:\/\/serveiseducatius.xtec.cat\/baixllobregat2\/wp-json\/wp\/v2\/posts\/1932\/revisions"}],"predecessor-version":[{"id":2580,"href":"https:\/\/serveiseducatius.xtec.cat\/baixllobregat2\/wp-json\/wp\/v2\/posts\/1932\/revisions\/2580"}],"wp:featuredmedia":[{"embeddable":true,"href":"https:\/\/serveiseducatius.xtec.cat\/baixllobregat2\/wp-json\/wp\/v2\/media\/1933"}],"wp:attachment":[{"href":"https:\/\/serveiseducatius.xtec.cat\/baixllobregat2\/wp-json\/wp\/v2\/media?parent=1932"}],"wp:term":[{"taxonomy":"category","embeddable":true,"href":"https:\/\/serveiseducatius.xtec.cat\/baixllobregat2\/wp-json\/wp\/v2\/categories?post=1932"},{"taxonomy":"post_tag","embeddable":true,"href":"https:\/\/serveiseducatius.xtec.cat\/baixllobregat2\/wp-json\/wp\/v2\/tags?post=1932"}],"curies":[{"name":"wp","href":"https:\/\/api.w.org\/{rel}","templated":true}]}}