{"id":1908,"date":"2016-09-14T15:44:30","date_gmt":"2016-09-14T14:44:30","guid":{"rendered":"http:\/\/serveiseducatius.xtec.cat\/baixllobregat2\/?p=1908"},"modified":"2016-09-30T09:54:01","modified_gmt":"2016-09-30T08:54:01","slug":"de-lhort-a-casa","status":"publish","type":"post","link":"https:\/\/serveiseducatius.xtec.cat\/baixllobregat2\/crp\/de-lhort-a-casa\/","title":{"rendered":"De l&#8217;hort a casa"},"content":{"rendered":"<p><a href=\"http:\/\/serveiseducatius.xtec.cat\/baixllobregat2\/wp-content\/uploads\/usu760\/2016\/09\/delhort_acasa.jpg\"><img loading=\"lazy\" decoding=\"async\" class=\"size-full wp-image-1909 alignleft\" src=\"http:\/\/serveiseducatius.xtec.cat\/baixllobregat2\/wp-content\/uploads\/usu760\/2016\/09\/delhort_acasa.jpg\" alt=\"De l'hort a casa\" width=\"275\" height=\"183\" \/><\/a>\u00c9s un recull de materials did\u00e0ctics adre\u00e7ats a l\u2019alumnat i al professorat de prim\u00e0ria i secund\u00e0ria de Catalunya, que ha estat editat per l\u2019Associaci\u00f3 Vida Sana i la Generalitat de Catalunya amb el suport de l\u2019Obra Social de la Fundaci\u00f3 \u201cla Caixa\u201d.<br \/>\nA l&#8217;interior de la maleta es troben propostes d&#8217;activitatsper prim\u00e0ria o secund\u00e0ria \u00a0f\u00e0cils d&#8217;integrar en projectes escolars destinats a desenvolupar, a partir de l&#8217;hort escolar ecol\u00f2gic, compet\u00e8ncies orientades a fer un \u00fas responsable dels recursos naturals i tenir cura del medi ambient.<\/p>\n<p><a href=\"https:\/\/drive.google.com\/drive\/folders\/0B9U4DXd6Qy1tYWpCdGxZQUgwNVk\" target=\"_blank\">Guia sobre el contingut en PDF<\/a>.<br \/>\n<a href=\"http:\/\/www.btv.cat\/btvnoticies\/2010\/01\/20\/educacio-vol-que-els-alumnes-sapropin-a-la-produccio-agraria-ecologica\/#None\" target=\"_blank\">BTVNOT\u00cdCIES.cat<\/a> (v\u00eddeo sobre el seu contingut)<\/p>\n<p>&nbsp;<\/p>\n","protected":false},"excerpt":{"rendered":"<p>Recull de materials did\u00e0ctics  per treballar l&#8217;hort escolar ecol\u00f2gic. A l&#8217;interior de la maleta es troben propostes d&#8217;activitats f\u00e0cils d&#8217;integrar per a treballar compet\u00e8ncies orientades a fer un \u00fas responsable dels recursos naturals i tenir cura del medi ambient. <\/p>\n","protected":false},"author":1,"featured_media":1909,"comment_status":"closed","ping_status":"open","sticky":false,"template":"","format":"standard","meta":{"_bbp_topic_count":0,"_bbp_reply_count":0,"_bbp_total_topic_count":0,"_bbp_total_reply_count":0,"_bbp_voice_count":0,"_bbp_anonymous_reply_count":0,"_bbp_topic_count_hidden":0,"_bbp_reply_count_hidden":0,"_bbp_forum_subforum_count":0,"site-sidebar-layout":"default","site-content-layout":"","ast-site-content-layout":"","site-content-style":"default","site-sidebar-style":"default","ast-global-header-display":"","ast-banner-title-visibility":"","ast-main-header-display":"","ast-hfb-above-header-display":"","ast-hfb-below-header-display":"","ast-hfb-mobile-header-display":"","site-post-title":"","ast-breadcrumbs-content":"","ast-featured-img":"","footer-sml-layout":"","theme-transparent-header-meta":"","adv-header-id-meta":"","stick-header-meta":"","header-above-stick-meta":"","header-main-stick-meta":"","header-below-stick-meta":"","astra-migrate-meta-layouts":"default","ast-page-background-enabled":"default","ast-page-background-meta":{"desktop":{"background-color":"var(--ast-global-color-4)","background-image":"","background-repeat":"repeat","background-position":"center center","background-size":"auto","background-attachment":"scroll","background-type":"","background-media":"","overlay-type":"","overlay-color":"","overlay-opacity":"","overlay-gradient":""},"tablet":{"background-color":"","background-image":"","background-repeat":"repeat","background-position":"center center","background-size":"auto","background-attachment":"scroll","background-type":"","background-media":"","overlay-type":"","overlay-color":"","overlay-opacity":"","overlay-gradient":""},"mobile":{"background-color":"","background-image":"","background-repeat":"repeat","background-position":"center center","background-size":"auto","background-attachment":"scroll","background-type":"","background-media":"","overlay-type":"","overlay-color":"","overlay-opacity":"","overlay-gradient":""}},"ast-content-background-meta":{"desktop":{"background-color":"var(--ast-global-color-5)","background-image":"","background-repeat":"repeat","background-position":"center center","background-size":"auto","background-attachment":"scroll","background-type":"","background-media":"","overlay-type":"","overlay-color":"","overlay-opacity":"","overlay-gradient":""},"tablet":{"background-color":"var(--ast-global-color-5)","background-image":"","background-repeat":"repeat","background-position":"center center","background-size":"auto","background-attachment":"scroll","background-type":"","background-media":"","overlay-type":"","overlay-color":"","overlay-opacity":"","overlay-gradient":""},"mobile":{"background-color":"var(--ast-global-color-5)","background-image":"","background-repeat":"repeat","background-position":"center center","background-size":"auto","background-attachment":"scroll","background-type":"","background-media":"","overlay-type":"","overlay-color":"","overlay-opacity":"","overlay-gradient":""}},"footnotes":""},"categories":[65,82],"tags":[86,241,188,240],"class_list":["post-1908","post","type-post","status-publish","format-standard","has-post-thumbnail","hentry","category-crp","category-maletes-pedagogiques","tag-ciencies","tag-hort","tag-maleta-pedagogica","tag-medi-ambient"],"post_mailing_queue_ids":[],"_links":{"self":[{"href":"https:\/\/serveiseducatius.xtec.cat\/baixllobregat2\/wp-json\/wp\/v2\/posts\/1908","targetHints":{"allow":["GET"]}}],"collection":[{"href":"https:\/\/serveiseducatius.xtec.cat\/baixllobregat2\/wp-json\/wp\/v2\/posts"}],"about":[{"href":"https:\/\/serveiseducatius.xtec.cat\/baixllobregat2\/wp-json\/wp\/v2\/types\/post"}],"author":[{"embeddable":true,"href":"https:\/\/serveiseducatius.xtec.cat\/baixllobregat2\/wp-json\/wp\/v2\/users\/1"}],"replies":[{"embeddable":true,"href":"https:\/\/serveiseducatius.xtec.cat\/baixllobregat2\/wp-json\/wp\/v2\/comments?post=1908"}],"version-history":[{"count":1,"href":"https:\/\/serveiseducatius.xtec.cat\/baixllobregat2\/wp-json\/wp\/v2\/posts\/1908\/revisions"}],"predecessor-version":[{"id":1910,"href":"https:\/\/serveiseducatius.xtec.cat\/baixllobregat2\/wp-json\/wp\/v2\/posts\/1908\/revisions\/1910"}],"wp:featuredmedia":[{"embeddable":true,"href":"https:\/\/serveiseducatius.xtec.cat\/baixllobregat2\/wp-json\/wp\/v2\/media\/1909"}],"wp:attachment":[{"href":"https:\/\/serveiseducatius.xtec.cat\/baixllobregat2\/wp-json\/wp\/v2\/media?parent=1908"}],"wp:term":[{"taxonomy":"category","embeddable":true,"href":"https:\/\/serveiseducatius.xtec.cat\/baixllobregat2\/wp-json\/wp\/v2\/categories?post=1908"},{"taxonomy":"post_tag","embeddable":true,"href":"https:\/\/serveiseducatius.xtec.cat\/baixllobregat2\/wp-json\/wp\/v2\/tags?post=1908"}],"curies":[{"name":"wp","href":"https:\/\/api.w.org\/{rel}","templated":true}]}}