{"id":1444,"date":"2015-11-22T13:31:43","date_gmt":"2015-11-22T12:31:43","guid":{"rendered":"http:\/\/serveiseducatius.xtec.cat\/se-baixllobregat2\/?p=1444"},"modified":"2016-09-13T12:54:51","modified_gmt":"2016-09-13T11:54:51","slug":"servei-comunitari","status":"publish","type":"post","link":"https:\/\/serveiseducatius.xtec.cat\/baixllobregat2\/general\/servei-comunitari\/","title":{"rendered":"Aprenentatge i Servei Comunitari"},"content":{"rendered":"<p><a href=\"http:\/\/serveiseducatius.xtec.cat\/se-baixllobregat2\/wp-content\/uploads\/usu760\/2016\/01\/servei_comunitari2.jpg\"><img loading=\"lazy\" decoding=\"async\" class=\" size-full wp-image-1447 aligncenter\" src=\"http:\/\/serveiseducatius.xtec.cat\/se-baixllobregat2\/wp-content\/uploads\/usu760\/2016\/01\/servei_comunitari2.jpg\" alt=\"servei_comunitari2\" width=\"801\" height=\"152\" srcset=\"https:\/\/serveiseducatius.xtec.cat\/baixllobregat2\/wp-content\/uploads\/usu760\/2016\/01\/servei_comunitari2.jpg 801w, https:\/\/serveiseducatius.xtec.cat\/baixllobregat2\/wp-content\/uploads\/usu760\/2016\/01\/servei_comunitari2-300x57.jpg 300w\" sizes=\"auto, (max-width: 801px) 100vw, 801px\" \/><\/a><\/p>\n<p><em><strong>L&#8217; impuls del servei comunitari per a l\u2019alumnat de secund\u00e0ria obligat\u00f2ria<\/strong><\/em> \u00e9s una acci\u00f3 que vol promoure que els alumnes experimentin i protagonitzin accions de comprom\u00eds c\u00edvic, aprenguin en l\u2019exercici actiu de la ciutadania, i posin en joc els seus coneixements i capacitats al servei de la comunitat.<br \/>\nEl curs 2019-20120, tots els centres educatius amb oferta d&#8217;ESO hauran d&#8217;incloure i desenvolupar dins el seu curr\u00edculum l&#8217;activitat de Servei Comunitari amb el seu alumnat de 3r. o 4t d&#8217;ESO.<\/p>\n<p><strong>Objectius<\/strong><\/p>\n<p><em>Finalitat \u00faltima:<\/em><\/p>\n<p>Garantir que els estudiants, al llarg de la seva traject\u00f2ria escolar, experimentin i protagonitzin accions de comprom\u00eds c\u00edvic, aprenguin en l\u2019exercici actiu de la ciutadania, i posin en joc els seus coneixements i capacitats al servei de la comunitat.<\/p>\n<p>S\u00f3n objectius del <strong>Servei comunitari<\/strong> els seg\u00fcents:<\/p>\n<ul>\n<li>Desenvolupar la compet\u00e8ncia social i ciutadana, afavorint una actitud cr\u00edtica i compromesa davant la societat, per tal d\u2019esdevenir membres actius en una societat catalana democr\u00e0tica i participativa.<\/li>\n<li>Desenvolupar habilitats relacionades amb el disseny i realitzaci\u00f3 de projectes i amb el treball d\u2019equip.<\/li>\n<li>Donar a con\u00e8ixer a l\u2019alumnat i les seves fam\u00edlies la xarxa associativa i les entitats de l\u2019entorn, per tal de promoure la participaci\u00f3 dels joves.<\/li>\n<li>Promoure el treball en xarxa entre els diferents agents educatius de l\u2019entorn.<\/li>\n<li>Donar una resposta educativa a les necessitats emergents de l\u2019entorn escolar.<\/li>\n<li>Augmentar la participaci\u00f3 en el teixit associatiu i les entitats de caire social per fomentar el comprom\u00eds amb la construcci\u00f3 d\u2019una societat m\u00e9s justa, cohesionada i arrelada al territori.<\/li>\n<\/ul>\n<h4>Documents<\/h4>\n<h5>Marc legal<\/h5>\n<ul>\n<li>Curr\u00edculum ESO: <a href=\"http:\/\/portaldogc.gencat.cat\/utilsEADOP\/PDF\/6945\/1441278.pdf\" target=\"_blank\">DECRET 187\/2015, de 25 d\u2019agost, d\u2019ordenaci\u00f3 dels ensenyaments de l\u2019educaci\u00f3 secund\u00e0ria obligat\u00f2ria<\/a><br \/>\n(Servei comunitari: article 16, pp. 8-6 i disposici\u00f3 addicional 1a, p. 14)<\/li>\n<li><a href=\"http:\/\/www.edubcn.cat\/rcs_gene\/extra\/00_asc\/documents\/1_1_DOCUMENT_MARC_SERVEI_COMUNITARI.pdf\" target=\"_blank\">Document marc Servei Comunitari. Departament d\u2019Ensenyament<\/a>. Octubre 2015<\/li>\n<li><a href=\"http:\/\/www.xtec.cat\/web\/comunitat\/serveicomunitari\/pmf\" target=\"_blank\">Preguntes m\u00e9s freq\u00fcents<\/a>.<\/li>\n<\/ul>\n<h3><strong>Servei Comunitari a la Zona Educativa Baix Llobregat 2<\/strong><\/h3>\n<div>\n<table style=\"height: 195px;\" border=\"1\" width=\"785\" cellspacing=\"0\">\n<tbody>\n<tr>\n<td style=\"text-align: center;\">\n<h5><strong>\u00a0 <a href=\"https:\/\/drive.google.com\/file\/d\/0B9U4DXd6Qy1tYU0zczBfUTY2UXc\/view?usp=sharing\" target=\"_blank\">Marc normatiu<\/a><span style=\"font-size: small;\">\u00a0<\/span><\/strong><\/h5>\n<div><strong><span style=\"font-size: small;\">\u00a0 \u00a0 \u00a0 <a href=\"https:\/\/docs.google.com\/document\/d\/1hrkr5lqbZlEHDKlrmN2zwabVuuTw15_WocJO9oOSYtY\/edit?usp=sharing\" target=\"_blank\">Guies<\/a> \/ <a href=\"https:\/\/drive.google.com\/folderview?id=0B9U4DXd6Qy1tRVlUVFpMbzNuSDg&amp;usp=sharing\" target=\"_blank\">Models documents gesti\u00f3<\/a><\/span><\/strong><\/div>\n<\/td>\n<td style=\"text-align: center;\">\n<h5><strong>\u00a0<a href=\"http:\/\/xtec.gencat.cat\/ca\/comunitat\/serveicomunitari\/modelstransferibles\/\" target=\"_blank\" rel=\"nofollow\">Exemples de models transferibles<\/a><\/strong><\/h5>\n<\/td>\n<td style=\"text-align: center;\">\n<h5><strong><a href=\"https:\/\/docs.google.com\/document\/d\/154qc5f43nBlS2TR7P4mDoN-m3BW84DHG_wgXj5a8mLo\/edit?usp=sharing\" target=\"_blank\">Centres participants\u00a0<\/a><\/strong><\/h5>\n<\/td>\n<\/tr>\n<tr>\n<td style=\"text-align: center;\">\n<h5><strong><a href=\"https:\/\/docs.google.com\/document\/d\/1h6NG2HaL55PrkoLxx7rC96dQTX-vDVcpuHG2CalpCQ8\/edit?usp=sharing\" target=\"_blank\">Relaci\u00f3 d&#8217;entitats a la zona<\/a>\u00a0<\/strong><\/h5>\n<h5><strong><a href=\"http:\/\/www.tercersector.cat\/mapa\" target=\"_blank\" rel=\"nofollow\">Mapa general d&#8217;entitats 3r sector<\/a><\/strong><\/h5>\n<\/td>\n<td style=\"text-align: center;\">\n<h5><strong><a href=\"https:\/\/docs.google.com\/document\/d\/1HZEIDD1jXxfu9DCEeFnmxJ6v8WoIiRtoq58RKB_xpVE\/edit?usp=sharing\" target=\"_blank\">Convenis signats\u00a0pel <\/a><\/strong><\/h5>\n<h5><strong><a href=\"https:\/\/docs.google.com\/document\/d\/1HZEIDD1jXxfu9DCEeFnmxJ6v8WoIiRtoq58RKB_xpVE\/edit?usp=sharing\" target=\"_blank\">D. Ensenyament<\/a><\/strong><\/h5>\n<\/td>\n<td style=\"text-align: center;\">\n<h5><b><a href=\"https:\/\/docs.google.com\/document\/d\/1DLbDSsDWYHBjgKuwv5yzEInjJ6HDFSQSYYkS6wcNtnA\/edit\" target=\"_blank\">Formaci\u00f3 inicial:<\/a>\u00a0<\/b><b><a href=\"https:\/\/docs.google.com\/document\/d\/1DLbDSsDWYHBjgKuwv5yzEInjJ6HDFSQSYYkS6wcNtnA\/edit\" target=\"_blank\">participants<\/a><\/b><\/h5>\n<h5><b><a href=\"http:\/\/agora.xtec.cat\/se-baixllobregat6\/portada\/sessio-de-sintesi-de-la-formacio-en-servei-comunitari-al-baix-llobregat-2015-2016\/\" target=\"_blank\" rel=\"nofollow\">S\u00edntesi 3a sessi\u00f3 general a S. Vicens<\/a><\/b><\/h5>\n<\/td>\n<\/tr>\n<tr>\n<td style=\"text-align: center;\">\n<h5><strong><a href=\"http:\/\/xtec.gencat.cat\/ca\/comunitat\/serveicomunitari\/pmf\/\" target=\"_blank\" rel=\"nofollow\">Preguntes m\u00e9s freq\u00fcents<\/a><\/strong><\/h5>\n<\/td>\n<td style=\"text-align: center;\">\n<h5><strong><a href=\"https:\/\/docs.google.com\/document\/d\/1tCT6zf1J-_297dlfrBKs1OZQQsuYxVZKy-A5z7MMpRA\/edit?usp=sharing\" target=\"_blank\">Enlla\u00e7os<\/a><\/strong><\/h5>\n<\/td>\n<td style=\"text-align: center;\">\n<h5><strong><a href=\"http:\/\/xtec.gencat.cat\/ca\/comunitat\/serveicomunitari\/video\/index.html\" target=\"_blank\" rel=\"nofollow\">V\u00eddeo informatiu<\/a><\/strong><\/h5>\n<\/td>\n<\/tr>\n<\/tbody>\n<\/table>\n<\/div>\n<div>\n<h5>Per saber-ne m\u00e9s<\/h5>\n<ul>\n<li><a href=\"http:\/\/www.edubcn.cat\/rcs_gene\/extra\/00_asc\/documents\/2_1Educacio_i_servei_a_la_comunitat.pdf\" target=\"_blank\">Educaci\u00f3 i Servei a la comunitat<\/a>. Josep M. Puig<\/li>\n<li><a href=\"http:\/\/www.edubcn.cat\/rcs_gene\/extra\/00_asc\/documents\/2_2_ApS_al_mon.pdf\" target=\"_blank\">L\u2019Aprenentatge servei al m\u00f3n: una visi\u00f3 comparativa<\/a>. Roser Batlle<\/li>\n<li><a href=\"http:\/\/www.edubcn.cat\/rcs_gene\/extra\/00_asc\/documents\/2_3_Aprendizaje-servicio.pdf\" target=\"_blank\">Aprendizaje y servicio. Cuadernos de pedagogia<\/a> Num 450<\/li>\n<li><a href=\"http:\/\/www.edubcn.cat\/rcs_gene\/extra\/00_asc\/documents\/2_4_ApS_i_competencias_basicas.pdf\" target=\"_blank\">Aprendizaje y Servicio solidario y desarrollo de las competencias basicas<\/a> . Gu\u00edas Zerbicas 2<\/li>\n<li><a href=\"http:\/\/www.edubcn.cat\/rcs_gene\/extra\/00_asc\/documents\/2_5_ApS_y_proyecto_integrado.pdf\" target=\"_blank\">Aprendizaje y Servicio solidario: un proyecto integrado de aprendizaje<\/a>. Gu\u00edas Zerbicas 5<\/li>\n<li><a href=\"http:\/\/www.edubcn.cat\/rcs_gene\/extra\/00_asc\/documents\/2_6_aps_avaluacio_aprenentatge_amb_annex_df.pdf\" target=\"_blank\">Avaluaci\u00f3 dels aprenentatges en projectes d\u2019aprenentatge i servei<\/a>. Roser Batlle (coord)<\/li>\n<\/ul>\n<h5>Bibliografia<\/h5>\n<ul>\n<li><em><a href=\"http:\/\/www.grao.com\/llibres\/11-ideas-clave-como-realizar-un-proyecto-de-aprendizaje-servicio\" target=\"_blank\">11 ideas clave \u00bfC\u00f3mo realizar un proyecto de aprendizaje servicio?<\/a><\/em>\u00a0(Josep M. Puig i alt. Editorial Gra\u00f3)<\/li>\n<li><em><a href=\"http:\/\/www.aprenentatgeservei.org\/intra\/aps\/documents\/Llibre%20Educar%20per%20la%20ciutadania.pdf\" target=\"_blank\">Aprenentatge Servei. Educar per a la ciutadania<\/a><\/em> (Josep M. Puig, Roser Batlle, Carme Bosch i Josep Palos. Editorial OCTAEDRO).<\/li>\n<li><em><a href=\"https:\/\/drive.google.com\/open?id=0B2MShjToyAqKQW0tLVZ6bklyZVU&amp;authuser=0\" target=\"_blank\">La pr\u00e0ctica solid\u00e0ria com a pedagogia de la ciutadania activa<\/a><\/em>\u00a0Debats d\u2019Educaci\u00f3\/6. (Mar\u00eda Nieves Tapia. Ed. Fundaci\u00f3 Bofill).<\/li>\n<li><a href=\"http:\/\/www.aprenentatgeservei.org\/intra\/aps\/documents\/LLibre%20Experiencies%20APS.pdf\" target=\"_blank\"><em>Experi\u00e8ncies d\u2019Aprenentatge Servei<\/em><\/a> (Coord. Xus Marin i Laura Rubio. Editorial OCTAEDRO)<\/li>\n<\/ul>\n<\/div>\n<p>&nbsp;<\/p>\n","protected":false},"excerpt":{"rendered":"<p>L&#8217; impuls del servei comunitari per a l\u2019alumnat de secund\u00e0ria obligat\u00f2ria \u00e9s una acci\u00f3 que vol promoure que els alumnes experimentin i protagonitzin accions de comprom\u00eds c\u00edvic, aprenguin en l\u2019exercici actiu de la ciutadania, i posin en joc els seus coneixements i capacitats al servei de la comunitat. El curs 2019-20120, tots els centres educatius [&hellip;]<\/p>\n","protected":false},"author":1,"featured_media":1447,"comment_status":"open","ping_status":"open","sticky":false,"template":"","format":"standard","meta":{"_bbp_topic_count":0,"_bbp_reply_count":0,"_bbp_total_topic_count":0,"_bbp_total_reply_count":0,"_bbp_voice_count":0,"_bbp_anonymous_reply_count":0,"_bbp_topic_count_hidden":0,"_bbp_reply_count_hidden":0,"_bbp_forum_subforum_count":0,"site-sidebar-layout":"default","site-content-layout":"","ast-site-content-layout":"","site-content-style":"default","site-sidebar-style":"default","ast-global-header-display":"","ast-banner-title-visibility":"","ast-main-header-display":"","ast-hfb-above-header-display":"","ast-hfb-below-header-display":"","ast-hfb-mobile-header-display":"","site-post-title":"","ast-breadcrumbs-content":"","ast-featured-img":"","footer-sml-layout":"","theme-transparent-header-meta":"","adv-header-id-meta":"","stick-header-meta":"","header-above-stick-meta":"","header-main-stick-meta":"","header-below-stick-meta":"","astra-migrate-meta-layouts":"default","ast-page-background-enabled":"default","ast-page-background-meta":{"desktop":{"background-color":"var(--ast-global-color-4)","background-image":"","background-repeat":"repeat","background-position":"center center","background-size":"auto","background-attachment":"scroll","background-type":"","background-media":"","overlay-type":"","overlay-color":"","overlay-opacity":"","overlay-gradient":""},"tablet":{"background-color":"","background-image":"","background-repeat":"repeat","background-position":"center center","background-size":"auto","background-attachment":"scroll","background-type":"","background-media":"","overlay-type":"","overlay-color":"","overlay-opacity":"","overlay-gradient":""},"mobile":{"background-color":"","background-image":"","background-repeat":"repeat","background-position":"center center","background-size":"auto","background-attachment":"scroll","background-type":"","background-media":"","overlay-type":"","overlay-color":"","overlay-opacity":"","overlay-gradient":""}},"ast-content-background-meta":{"desktop":{"background-color":"var(--ast-global-color-5)","background-image":"","background-repeat":"repeat","background-position":"center center","background-size":"auto","background-attachment":"scroll","background-type":"","background-media":"","overlay-type":"","overlay-color":"","overlay-opacity":"","overlay-gradient":""},"tablet":{"background-color":"var(--ast-global-color-5)","background-image":"","background-repeat":"repeat","background-position":"center center","background-size":"auto","background-attachment":"scroll","background-type":"","background-media":"","overlay-type":"","overlay-color":"","overlay-opacity":"","overlay-gradient":""},"mobile":{"background-color":"var(--ast-global-color-5)","background-image":"","background-repeat":"repeat","background-position":"center center","background-size":"auto","background-attachment":"scroll","background-type":"","background-media":"","overlay-type":"","overlay-color":"","overlay-opacity":"","overlay-gradient":""}},"footnotes":""},"categories":[65,1,29,77],"tags":[],"class_list":["post-1444","post","type-post","status-publish","format-standard","has-post-thumbnail","hentry","category-crp","category-general","category-portada","category-servei-comunitari"],"post_mailing_queue_ids":[],"_links":{"self":[{"href":"https:\/\/serveiseducatius.xtec.cat\/baixllobregat2\/wp-json\/wp\/v2\/posts\/1444","targetHints":{"allow":["GET"]}}],"collection":[{"href":"https:\/\/serveiseducatius.xtec.cat\/baixllobregat2\/wp-json\/wp\/v2\/posts"}],"about":[{"href":"https:\/\/serveiseducatius.xtec.cat\/baixllobregat2\/wp-json\/wp\/v2\/types\/post"}],"author":[{"embeddable":true,"href":"https:\/\/serveiseducatius.xtec.cat\/baixllobregat2\/wp-json\/wp\/v2\/users\/1"}],"replies":[{"embeddable":true,"href":"https:\/\/serveiseducatius.xtec.cat\/baixllobregat2\/wp-json\/wp\/v2\/comments?post=1444"}],"version-history":[{"count":3,"href":"https:\/\/serveiseducatius.xtec.cat\/baixllobregat2\/wp-json\/wp\/v2\/posts\/1444\/revisions"}],"predecessor-version":[{"id":1879,"href":"https:\/\/serveiseducatius.xtec.cat\/baixllobregat2\/wp-json\/wp\/v2\/posts\/1444\/revisions\/1879"}],"wp:featuredmedia":[{"embeddable":true,"href":"https:\/\/serveiseducatius.xtec.cat\/baixllobregat2\/wp-json\/wp\/v2\/media\/1447"}],"wp:attachment":[{"href":"https:\/\/serveiseducatius.xtec.cat\/baixllobregat2\/wp-json\/wp\/v2\/media?parent=1444"}],"wp:term":[{"taxonomy":"category","embeddable":true,"href":"https:\/\/serveiseducatius.xtec.cat\/baixllobregat2\/wp-json\/wp\/v2\/categories?post=1444"},{"taxonomy":"post_tag","embeddable":true,"href":"https:\/\/serveiseducatius.xtec.cat\/baixllobregat2\/wp-json\/wp\/v2\/tags?post=1444"}],"curies":[{"name":"wp","href":"https:\/\/api.w.org\/{rel}","templated":true}]}}