{"id":109,"date":"2014-09-18T16:42:56","date_gmt":"2014-09-18T15:42:56","guid":{"rendered":"http:\/\/serveiseducatius.xtec.cat\/se-baixllobregat2\/?p=109"},"modified":"2016-09-12T16:27:36","modified_gmt":"2016-09-12T15:27:36","slug":"noticia-1","status":"publish","type":"post","link":"https:\/\/serveiseducatius.xtec.cat\/baixllobregat2\/dinamitzacio\/english-day\/noticia-1\/","title":{"rendered":"4a  Jornada Bianual de l&#8217;English day de Gav\u00e0 2015"},"content":{"rendered":"<p><a href=\"http:\/\/serveiseducatius.xtec.cat\/baixllobregat2\/wp-content\/uploads\/usu760\/2014\/09\/Logo-English-Day-Gava2015.jpg\"><img loading=\"lazy\" decoding=\"async\" class=\" wp-image-1809 alignleft\" src=\"http:\/\/serveiseducatius.xtec.cat\/baixllobregat2\/wp-content\/uploads\/usu760\/2014\/09\/Logo-English-Day-Gava2015.jpg\" alt=\"English Day Gav\u00e0\" width=\"144\" height=\"145\" srcset=\"https:\/\/serveiseducatius.xtec.cat\/baixllobregat2\/wp-content\/uploads\/usu760\/2014\/09\/Logo-English-Day-Gava2015.jpg 198w, https:\/\/serveiseducatius.xtec.cat\/baixllobregat2\/wp-content\/uploads\/usu760\/2014\/09\/Logo-English-Day-Gava2015-150x150.jpg 150w\" sizes=\"auto, (max-width: 144px) 100vw, 144px\" \/><\/a>Com cada curs l&#8217;activitat es va realitzar de manera conjunta entre els centres docentes de prim\u00e0ria i secund\u00e0ria amb diferents activitats on la llengua vehicular \u00e9s l\u2019angl\u00e8s i amb l\u2019objectiu principal de crear un espai on l&#8217;alumnat\u00a0 pugui practicar d\u2019una manera l\u00fadica i participativa la llengua anglesa.<br \/>\nAquesta activitat est\u00e0 organitzada en el marc del Seminari de coordinaci\u00f3. Internivells<\/p>\n<div class=\"sites-embed-align-left-wrapping-off\">\n<div class=\"sites-embed-border-off sites-embed\">\n<div class=\"sites-embed-content sites-embed-type-ggs-gadget\"><iframe loading=\"lazy\" id=\"758769650\" class=\"igm\" src=\"https:\/\/jujo00obo2o234ungd3t8qjfcjrs3o6k-a-sites-opensocial.googleusercontent.com\/gadgets\/ifr?url=http:\/\/www.gstatic.com\/sites-gadgets\/embed\/embed.xml&amp;container=enterprise&amp;view=home&amp;lang=ca&amp;country=ALL&amp;sanitize=0&amp;v=ee08ff121e2662df&amp;libs=core:setprefs&amp;parent=https:\/\/sites.google.com\/a\/xtec.cat\/se-baixllobregat2\/Dinamitzacio\/contes-col-laboratius\/englishdaygava\/english-day-materials\/englishday2015aviladecans#up_embed_snippet=%3Cembed+xmlns%3D%22http:\/\/www.w3.org\/1999\/xhtml%22+flashvars%3D%22host%3Dpicasaweb.google.com%26amp;hl%3Dca%26amp;feat%3Dflashalbum%26amp;RGB%3D0x000000%26amp;feed%3Dhttps%253A%252F%252Fpicasaweb.google.com%252Fdata%252Ffeed%252Fapi%252Fuser%252F106103422923788224502%252Falbumid%252F6155329987041219185%253Falt%253Drss%2526kind%253Dphoto%2526hl%253Dca%22+height%3D%22192%22+pluginspage%3D%22http:\/\/www.macromedia.com\/go\/getflashplayer%22+src%3D%22https:\/\/photos.gstatic.com\/media\/slideshow.swf%22+type%3D%22application\/x-shockwave-flash%22+width%3D%22288%22+\/%3E&amp;st=e%3DAIHE3cBFs7nbxOLx51YPJYgxQKHDPXBGaphJ%252FLhTtMpALKP%252F4tRi6%252FFd%252B%252B%252Bfq5skgEHfUWx72OB6npTDsx2zvGKJ%252FnIZSFTIJ3hKB7al9Jpty4lwYhzBwNkMq6YiaVrRPNLFsqjNGJkP%26c%3Denterprise&amp;rpctoken=-1661782665589025312\" name=\"758769650\" width=\"288\" height=\"192\" frameborder=\"0\" scrolling=\"no\"><\/iframe><\/div>\n<\/div>\n<\/div>\n<div class=\"sites-embed-align-left-wrapping-off\">\n<div class=\"sites-embed-border-off sites-embed\">\n<div class=\"sites-embed-content sites-embed-type-youtube\"><iframe loading=\"lazy\" class=\"youtube-player\" title=\"YouTube video player\" src=\"https:\/\/www.youtube.com\/embed\/LSoFmpkg6Mw?rel=0&amp;wmode=opaque\" width=\"288\" height=\"162\" frameborder=\"0\" allowfullscreen=\"allowfullscreen\"><\/iframe><\/div>\n<\/div>\n<\/div>\n<p><a href=\"http:\/\/www.gavatv.cat\/gtv\/capitol\/english-day-2#\" target=\"_blank\">English Day 2015 a la TV de Gav\u00e0<\/a><\/p>\n<div><\/div>\n","protected":false},"excerpt":{"rendered":"<p>Com cada curs l&#8217;activitat es va realitzar de manera conjunta entre els centres docentes de prim\u00e0ria i secund\u00e0ria amb diferents activitats on la llengua vehicular \u00e9s l\u2019angl\u00e8s i amb l\u2019objectiu principal de crear un espai on l&#8217;alumnat  pugui practicar d\u2019una manera l\u00fadica i participativa la llengua anglesa.<\/p>\n","protected":false},"author":1,"featured_media":1809,"comment_status":"closed","ping_status":"open","sticky":false,"template":"","format":"standard","meta":{"_bbp_topic_count":0,"_bbp_reply_count":0,"_bbp_total_topic_count":0,"_bbp_total_reply_count":0,"_bbp_voice_count":0,"_bbp_anonymous_reply_count":0,"_bbp_topic_count_hidden":0,"_bbp_reply_count_hidden":0,"_bbp_forum_subforum_count":0,"site-sidebar-layout":"default","site-content-layout":"","ast-site-content-layout":"","site-content-style":"default","site-sidebar-style":"default","ast-global-header-display":"","ast-banner-title-visibility":"","ast-main-header-display":"","ast-hfb-above-header-display":"","ast-hfb-below-header-display":"","ast-hfb-mobile-header-display":"","site-post-title":"","ast-breadcrumbs-content":"","ast-featured-img":"","footer-sml-layout":"","theme-transparent-header-meta":"","adv-header-id-meta":"","stick-header-meta":"","header-above-stick-meta":"","header-main-stick-meta":"","header-below-stick-meta":"","astra-migrate-meta-layouts":"default","ast-page-background-enabled":"default","ast-page-background-meta":{"desktop":{"background-color":"var(--ast-global-color-4)","background-image":"","background-repeat":"repeat","background-position":"center center","background-size":"auto","background-attachment":"scroll","background-type":"","background-media":"","overlay-type":"","overlay-color":"","overlay-opacity":"","overlay-gradient":""},"tablet":{"background-color":"","background-image":"","background-repeat":"repeat","background-position":"center center","background-size":"auto","background-attachment":"scroll","background-type":"","background-media":"","overlay-type":"","overlay-color":"","overlay-opacity":"","overlay-gradient":""},"mobile":{"background-color":"","background-image":"","background-repeat":"repeat","background-position":"center center","background-size":"auto","background-attachment":"scroll","background-type":"","background-media":"","overlay-type":"","overlay-color":"","overlay-opacity":"","overlay-gradient":""}},"ast-content-background-meta":{"desktop":{"background-color":"var(--ast-global-color-5)","background-image":"","background-repeat":"repeat","background-position":"center center","background-size":"auto","background-attachment":"scroll","background-type":"","background-media":"","overlay-type":"","overlay-color":"","overlay-opacity":"","overlay-gradient":""},"tablet":{"background-color":"var(--ast-global-color-5)","background-image":"","background-repeat":"repeat","background-position":"center center","background-size":"auto","background-attachment":"scroll","background-type":"","background-media":"","overlay-type":"","overlay-color":"","overlay-opacity":"","overlay-gradient":""},"mobile":{"background-color":"var(--ast-global-color-5)","background-image":"","background-repeat":"repeat","background-position":"center center","background-size":"auto","background-attachment":"scroll","background-type":"","background-media":"","overlay-type":"","overlay-color":"","overlay-opacity":"","overlay-gradient":""}},"footnotes":""},"categories":[69],"tags":[],"class_list":["post-109","post","type-post","status-publish","format-standard","has-post-thumbnail","hentry","category-english-day"],"post_mailing_queue_ids":[],"_links":{"self":[{"href":"https:\/\/serveiseducatius.xtec.cat\/baixllobregat2\/wp-json\/wp\/v2\/posts\/109","targetHints":{"allow":["GET"]}}],"collection":[{"href":"https:\/\/serveiseducatius.xtec.cat\/baixllobregat2\/wp-json\/wp\/v2\/posts"}],"about":[{"href":"https:\/\/serveiseducatius.xtec.cat\/baixllobregat2\/wp-json\/wp\/v2\/types\/post"}],"author":[{"embeddable":true,"href":"https:\/\/serveiseducatius.xtec.cat\/baixllobregat2\/wp-json\/wp\/v2\/users\/1"}],"replies":[{"embeddable":true,"href":"https:\/\/serveiseducatius.xtec.cat\/baixllobregat2\/wp-json\/wp\/v2\/comments?post=109"}],"version-history":[{"count":3,"href":"https:\/\/serveiseducatius.xtec.cat\/baixllobregat2\/wp-json\/wp\/v2\/posts\/109\/revisions"}],"predecessor-version":[{"id":1811,"href":"https:\/\/serveiseducatius.xtec.cat\/baixllobregat2\/wp-json\/wp\/v2\/posts\/109\/revisions\/1811"}],"wp:featuredmedia":[{"embeddable":true,"href":"https:\/\/serveiseducatius.xtec.cat\/baixllobregat2\/wp-json\/wp\/v2\/media\/1809"}],"wp:attachment":[{"href":"https:\/\/serveiseducatius.xtec.cat\/baixllobregat2\/wp-json\/wp\/v2\/media?parent=109"}],"wp:term":[{"taxonomy":"category","embeddable":true,"href":"https:\/\/serveiseducatius.xtec.cat\/baixllobregat2\/wp-json\/wp\/v2\/categories?post=109"},{"taxonomy":"post_tag","embeddable":true,"href":"https:\/\/serveiseducatius.xtec.cat\/baixllobregat2\/wp-json\/wp\/v2\/tags?post=109"}],"curies":[{"name":"wp","href":"https:\/\/api.w.org\/{rel}","templated":true}]}}