{"id":9253,"date":"2026-09-02T11:02:34","date_gmt":"2026-09-02T09:02:34","guid":{"rendered":"https:\/\/serveiseducatius.xtec.cat\/baixllobregat1\/?p=9253"},"modified":"2026-09-02T11:02:35","modified_gmt":"2026-09-02T09:02:35","slug":"gestio-i-assignacio-de-vacants-dfp-curs-2026-2027","status":"publish","type":"post","link":"https:\/\/serveiseducatius.xtec.cat\/baixllobregat1\/comunitat\/reconnect-es\/gestio-i-assignacio-de-vacants-dfp-curs-2026-2027\/","title":{"rendered":"Gesti\u00f3 i assignaci\u00f3 de vacants d\u2019FP \u2013 Curs 2026-2027"},"content":{"rendered":"\n<h2 class=\"wp-block-heading\">Gesti\u00f3 de vacants d\u2019FP per al curs 2026-2027<\/h2>\n\n\n\n<p>El proper <strong>7 de setembre de 2026<\/strong> s\u2019activar\u00e0 la <strong>cua virtual per accedir a les places vacants de Formaci\u00f3 Professional<\/strong>. La inscripci\u00f3 estar\u00e0 disponible <strong>de les 9.00 h a les 23.59 h<\/strong> i s\u2019activar\u00e0 de manera centralitzada i simult\u00e0nia per a tots els centres participants.<\/p>\n\n\n\n<p>Cada centre disposar\u00e0 d\u2019una cua \u00fanica per tipus d\u2019ensenyament, diferenciant entre <strong>cicles formatius de grau mitj\u00e0 (CFPM)<\/strong> i <strong>cicles formatius de grau superior (CFPS)<\/strong>. L\u2019alumnat interessat haur\u00e0 d\u2019inscriure\u2019s a la cua virtual i ser\u00e0 at\u00e8s seguint estrictament l\u2019ordre cronol\u00f2gic d\u2019inscripci\u00f3. La posici\u00f3 a la cua determina l\u2019ordre d\u2019atenci\u00f3, per\u00f2 <strong>no garanteix l\u2019obtenci\u00f3 d\u2019una pla\u00e7a<\/strong>.<\/p>\n\n\n\n<p>A m\u00e9s, \u00e9s possible inscriure\u2019s a les cues virtuals de diferents centres que disposin de vacants. Cada centre contactar\u00e0 directament amb l\u2019alumnat inscrit quan correspongui.<\/p>\n\n\n\n<h3 class=\"wp-block-heading\">Assignaci\u00f3 de places: del 8 al 10 de setembre<\/h3>\n\n\n\n<p>Entre els dies <strong>8 i 10 de setembre<\/strong>, els centres gestionaran l\u2019assignaci\u00f3 de les places vacants entre l\u2019alumnat inscrit al Gestor de cues. Aquest sistema permetr\u00e0 organitzar l\u2019atenci\u00f3 i la visita al centre de les persones interessades a optar a una vacant.<\/p>\n\n\n\n<p>L\u2019alumnat haur\u00e0 de presentar al centre la <strong>documentaci\u00f3 acreditativa del requisit d\u2019acc\u00e9s i de la qualificaci\u00f3 obtinguda<\/strong>.<\/p>\n\n\n\n<p><strong>Recorda:<\/strong> si est\u00e0s interessat\/da en una pla\u00e7a vacant d\u2019FP per al curs 2026-2027, inscriu-te a la cua virtual el <strong>7 de setembre, entre les 9.00 h i les 23.59 h<\/strong>.<\/p>\n\n\n\n<p><em>Per a m\u00e9s informaci\u00f3, podeu consultar el PDF amb la informaci\u00f3 detallada i estructurada a trav\u00e9s del seg\u00fcent <a href=\"https:\/\/drive.google.com\/file\/d\/1aYrUfztSjxmyZdqsJpQUhrs75D1wy2Uu\/view?usp=sharing\" data-type=\"link\" data-id=\"https:\/\/drive.google.com\/file\/d\/1aYrUfztSjxmyZdqsJpQUhrs75D1wy2Uu\/view?usp=sharing\" target=\"_blank\" rel=\"noreferrer noopener\">enlla\u00e7<\/a>.<\/em><\/p>\n\n\n\n<p><\/p>\n","protected":false},"excerpt":{"rendered":"<p>Gesti\u00f3 de vacants d\u2019FP per al curs 2026-2027 El proper 7 de setembre de 2026 s\u2019activar\u00e0 la cua virtual per accedir a les places vacants de Formaci\u00f3 Professional. La inscripci\u00f3 estar\u00e0 disponible de les 9.00 h a les 23.59 h i s\u2019activar\u00e0 de manera centralitzada i simult\u00e0nia per a tots els centres participants. Cada centre [&hellip;]<\/p>\n","protected":false},"author":16,"featured_media":9254,"comment_status":"open","ping_status":"open","sticky":false,"template":"","format":"standard","meta":{"_bbp_topic_count":0,"_bbp_reply_count":0,"_bbp_total_topic_count":0,"_bbp_total_reply_count":0,"_bbp_voice_count":0,"_bbp_anonymous_reply_count":0,"_bbp_topic_count_hidden":0,"_bbp_reply_count_hidden":0,"_bbp_forum_subforum_count":0,"site-sidebar-layout":"default","site-content-layout":"","ast-site-content-layout":"default","site-content-style":"default","site-sidebar-style":"default","ast-global-header-display":"","ast-banner-title-visibility":"","ast-main-header-display":"","ast-hfb-above-header-display":"","ast-hfb-below-header-display":"","ast-hfb-mobile-header-display":"","site-post-title":"","ast-breadcrumbs-content":"","ast-featured-img":"","footer-sml-layout":"","theme-transparent-header-meta":"","adv-header-id-meta":"","stick-header-meta":"","header-above-stick-meta":"","header-main-stick-meta":"","header-below-stick-meta":"","astra-migrate-meta-layouts":"set","ast-page-background-enabled":"default","ast-page-background-meta":{"desktop":{"background-color":"var(--ast-global-color-4)","background-image":"","background-repeat":"repeat","background-position":"center center","background-size":"auto","background-attachment":"scroll","background-type":"","background-media":"","overlay-type":"","overlay-color":"","overlay-opacity":"","overlay-gradient":""},"tablet":{"background-color":"","background-image":"","background-repeat":"repeat","background-position":"center center","background-size":"auto","background-attachment":"scroll","background-type":"","background-media":"","overlay-type":"","overlay-color":"","overlay-opacity":"","overlay-gradient":""},"mobile":{"background-color":"","background-image":"","background-repeat":"repeat","background-position":"center center","background-size":"auto","background-attachment":"scroll","background-type":"","background-media":"","overlay-type":"","overlay-color":"","overlay-opacity":"","overlay-gradient":""}},"ast-content-background-meta":{"desktop":{"background-color":"var(--ast-global-color-5)","background-image":"","background-repeat":"repeat","background-position":"center center","background-size":"auto","background-attachment":"scroll","background-type":"","background-media":"","overlay-type":"","overlay-color":"","overlay-opacity":"","overlay-gradient":""},"tablet":{"background-color":"var(--ast-global-color-5)","background-image":"","background-repeat":"repeat","background-position":"center center","background-size":"auto","background-attachment":"scroll","background-type":"","background-media":"","overlay-type":"","overlay-color":"","overlay-opacity":"","overlay-gradient":""},"mobile":{"background-color":"var(--ast-global-color-5)","background-image":"","background-repeat":"repeat","background-position":"center center","background-size":"auto","background-attachment":"scroll","background-type":"","background-media":"","overlay-type":"","overlay-color":"","overlay-opacity":"","overlay-gradient":""}},"footnotes":""},"categories":[348],"tags":[],"class_list":["post-9253","post","type-post","status-publish","format-standard","has-post-thumbnail","hentry","category-reconnect-es"],"post_mailing_queue_ids":[],"_links":{"self":[{"href":"https:\/\/serveiseducatius.xtec.cat\/baixllobregat1\/wp-json\/wp\/v2\/posts\/9253","targetHints":{"allow":["GET"]}}],"collection":[{"href":"https:\/\/serveiseducatius.xtec.cat\/baixllobregat1\/wp-json\/wp\/v2\/posts"}],"about":[{"href":"https:\/\/serveiseducatius.xtec.cat\/baixllobregat1\/wp-json\/wp\/v2\/types\/post"}],"author":[{"embeddable":true,"href":"https:\/\/serveiseducatius.xtec.cat\/baixllobregat1\/wp-json\/wp\/v2\/users\/16"}],"replies":[{"embeddable":true,"href":"https:\/\/serveiseducatius.xtec.cat\/baixllobregat1\/wp-json\/wp\/v2\/comments?post=9253"}],"version-history":[{"count":2,"href":"https:\/\/serveiseducatius.xtec.cat\/baixllobregat1\/wp-json\/wp\/v2\/posts\/9253\/revisions"}],"predecessor-version":[{"id":9259,"href":"https:\/\/serveiseducatius.xtec.cat\/baixllobregat1\/wp-json\/wp\/v2\/posts\/9253\/revisions\/9259"}],"wp:featuredmedia":[{"embeddable":true,"href":"https:\/\/serveiseducatius.xtec.cat\/baixllobregat1\/wp-json\/wp\/v2\/media\/9254"}],"wp:attachment":[{"href":"https:\/\/serveiseducatius.xtec.cat\/baixllobregat1\/wp-json\/wp\/v2\/media?parent=9253"}],"wp:term":[{"taxonomy":"category","embeddable":true,"href":"https:\/\/serveiseducatius.xtec.cat\/baixllobregat1\/wp-json\/wp\/v2\/categories?post=9253"},{"taxonomy":"post_tag","embeddable":true,"href":"https:\/\/serveiseducatius.xtec.cat\/baixllobregat1\/wp-json\/wp\/v2\/tags?post=9253"}],"curies":[{"name":"wp","href":"https:\/\/api.w.org\/{rel}","templated":true}]}}