{"id":8582,"date":"2025-10-24T11:48:35","date_gmt":"2025-10-24T09:48:35","guid":{"rendered":"https:\/\/serveiseducatius.xtec.cat\/baixllobregat1\/?p=8582"},"modified":"2025-10-24T11:51:42","modified_gmt":"2025-10-24T09:51:42","slug":"coorcat-una-iniciativa-de-lescola-falguera-per-al-foment-de-lus-del-catala-al-centre","status":"publish","type":"post","link":"https:\/\/serveiseducatius.xtec.cat\/baixllobregat1\/general\/coorcat-una-iniciativa-de-lescola-falguera-per-al-foment-de-lus-del-catala-al-centre\/","title":{"rendered":"Coorcat, una iniciativa de l&#8217;Escola Falguera per al foment de l&#8217;\u00fas del catal\u00e0 al centre."},"content":{"rendered":"<p>Volem compartir amb vosaltres dues iniciatives i materials que pensem que poden ajudar a millorar la qualitat de l\u2019aprenentatge del catal\u00e0 als centres educatius.<\/p>\n<p>La primera iniciativa sorgeix a l\u2019<a href=\"https:\/\/agora.xtec.cat\/escolafalguera\/\">Escola Falguera, de Sant Feliu de Llobregat<\/a>. Es tracta d&#8217;un material elaborat per docents del centre, pensat per a poder-lo implementar a l\u2019aula, des del primer moment. El centre posa el material a disposici\u00f3 de tots els docents dels centres, aix\u00ed que si voleu m\u00e9s informaci\u00f3, nom\u00e9s us heu d&#8217;adre\u00e7ar al centre, mitjan\u00e7ant un correu.<\/p>\n<p>A la p\u00e0gina web de l&#8217;escola podeu trobar cadascuna de les activitats, amb les instruccions detallades de com dur-les a terme: <a href=\"https:\/\/agora.xtec.cat\/escolafalguera\/projecte-educatiu\/coorcat\/\" target=\"_blank\" rel=\"noopener\" data-saferedirecturl=\"https:\/\/www.google.com\/url?q=https:\/\/agora.xtec.cat\/escolafalguera\/projecte-educatiu\/coorcat\/&amp;source=gmail&amp;ust=1761376081850000&amp;usg=AOvVaw3rzkhZ0SaDX2pOhqo8CDmI\">https:\/\/agora.xtec.cat\/escolafalguera\/projecte-educatiu\/coorcat\/<\/a><\/p>\n<table style=\"height: 303px; width: 100%; border-collapse: collapse; border-style: outset;\">\n<tbody>\n<tr style=\"height: 303px;\">\n<td style=\"width: 38.1699%; height: 303px; border-style: hidden;\"><a href=\"https:\/\/serveiseducatius.xtec.cat\/baixllobregat1\/wp-content\/uploads\/usu767\/2025\/10\/2025-10-24_105426-e1761296323558.png\"><img loading=\"lazy\" decoding=\"async\" class=\"wp-image-8584 alignright\" src=\"https:\/\/serveiseducatius.xtec.cat\/baixllobregat1\/wp-content\/uploads\/usu767\/2025\/10\/2025-10-24_105426-e1761296323558.png\" alt=\"\" width=\"508\" height=\"367\" \/><\/a><\/td>\n<td style=\"width: 1.4866%; height: 303px; border-style: hidden;\"><\/td>\n<td style=\"width: 60.3433%; height: 303px; border-style: hidden;\">&nbsp;<\/p>\n<p>Les tres activitats de les quals trobareu materials s\u00f3n:<\/p>\n<div dir=\"ltr\">\n<ul>\n<li><a href=\"https:\/\/agora.xtec.cat\/escolafalguera\/projecte-educatiu\/coorcat\/\" target=\"_blank\" rel=\"noopener\">Concurs de frases fetes<\/a>: es treballen un conjunt de frases fetes al llarg del curs i per acabar es fa un concurs.<\/li>\n<\/ul>\n<pre><\/pre>\n<ul>\n<li><a href=\"https:\/\/agora.xtec.cat\/escolafalguera\/projecte-educatiu\/coorcat\/\" target=\"_blank\" rel=\"noopener\">La paraula de la setmana<\/a>: cada setmana es presenta una paraula d\u2019\u00fas habitual que moltes vegades es diu malament, amb l\u2019opci\u00f3 correcta i dues frases d\u2019exemple.<\/li>\n<\/ul>\n<pre><\/pre>\n<ul>\n<li><a style=\"font-family: inherit; font-size: 1em;\" href=\"https:\/\/agora.xtec.cat\/escolafalguera\/projecte-educatiu\/coorcat\/\" target=\"_blank\" rel=\"noopener\">Concurs de llengua i cultura catalana<\/a><span style=\"font-family: inherit; font-size: 1em;\">: cada setmana, amb col\u00b7laboraci\u00f3 de les fam\u00edlies, els alumnes miren un v\u00eddeo en catal\u00e0 i han de contestar el repte proposat.<\/span><\/li>\n<\/ul>\n<\/div>\n<\/td>\n<\/tr>\n<\/tbody>\n<\/table>\n<p><span style=\"font-family: inherit; font-size: 1em;\">La segona iniciativa \u00e9s el <\/span><a style=\"font-family: inherit; font-size: 1em;\" href=\"https:\/\/www.xafa.cat\/repte-casteller-pel-catala-a-lescola\/\">\u00abRepte \u201ccasteller\u201d pel catal\u00e0 a l&#8217;escola<\/a><span style=\"font-family: inherit; font-size: 1em;\">\u00bb, l\u2019objectiu principal del qual \u00e9s aconseguir que els alumnes parlin en catal\u00e0 a l\u2019escola sense que el mestre ho hagi de recordar. T\u00e9 com a eix motivador la construcci\u00f3 de castells i es treballen tamb\u00e9 un conjunt de valors que hi estan relacionats: comprom\u00eds, fer pinya, cooperar, saviesa, const\u00e0ncia, &#8230;<\/span><\/p>\n<div dir=\"ltr\">\n<p>Quan un alumne aconsegueix el repte se li dona la figura d\u2019un casteller i passa a ser cap de colla, moment a partir del qual ajudar\u00e0 als companys que encara no l\u2019hagin aconseguit. Si a final de curs tota la classe assoleix el repte i aconsegueix aixecar el castell, se celebra amb un dia especial fet a mida.<\/p>\n<\/div>\n<div dir=\"ltr\">\n<p>&nbsp;<\/p>\n<\/div>\n<p>&nbsp;<\/p>\n<p>&nbsp;<\/p>\n","protected":false},"excerpt":{"rendered":"<p>Volem compartir amb vosaltres dues iniciatives i materials que pensem que poden ajudar a millorar la qualitat de l\u2019aprenentatge del catal\u00e0 als centres educatius. La primera iniciativa sorgeix a l\u2019Escola Falguera, de Sant Feliu de Llobregat. Es tracta d&#8217;un material elaborat per docents del centre, pensat per a poder-lo implementar a l\u2019aula, des del primer [&hellip;]<\/p>\n","protected":false},"author":12,"featured_media":8584,"comment_status":"open","ping_status":"open","sticky":false,"template":"","format":"standard","meta":{"_bbp_topic_count":0,"_bbp_reply_count":0,"_bbp_total_topic_count":0,"_bbp_total_reply_count":0,"_bbp_voice_count":0,"_bbp_anonymous_reply_count":0,"_bbp_topic_count_hidden":0,"_bbp_reply_count_hidden":0,"_bbp_forum_subforum_count":0,"site-sidebar-layout":"default","site-content-layout":"","ast-site-content-layout":"","site-content-style":"default","site-sidebar-style":"default","ast-global-header-display":"","ast-banner-title-visibility":"","ast-main-header-display":"","ast-hfb-above-header-display":"","ast-hfb-below-header-display":"","ast-hfb-mobile-header-display":"","site-post-title":"","ast-breadcrumbs-content":"","ast-featured-img":"","footer-sml-layout":"","theme-transparent-header-meta":"","adv-header-id-meta":"","stick-header-meta":"","header-above-stick-meta":"","header-main-stick-meta":"","header-below-stick-meta":"","astra-migrate-meta-layouts":"default","ast-page-background-enabled":"default","ast-page-background-meta":{"desktop":{"background-color":"var(--ast-global-color-4)","background-image":"","background-repeat":"repeat","background-position":"center center","background-size":"auto","background-attachment":"scroll","background-type":"","background-media":"","overlay-type":"","overlay-color":"","overlay-opacity":"","overlay-gradient":""},"tablet":{"background-color":"","background-image":"","background-repeat":"repeat","background-position":"center center","background-size":"auto","background-attachment":"scroll","background-type":"","background-media":"","overlay-type":"","overlay-color":"","overlay-opacity":"","overlay-gradient":""},"mobile":{"background-color":"","background-image":"","background-repeat":"repeat","background-position":"center center","background-size":"auto","background-attachment":"scroll","background-type":"","background-media":"","overlay-type":"","overlay-color":"","overlay-opacity":"","overlay-gradient":""}},"ast-content-background-meta":{"desktop":{"background-color":"var(--ast-global-color-5)","background-image":"","background-repeat":"repeat","background-position":"center center","background-size":"auto","background-attachment":"scroll","background-type":"","background-media":"","overlay-type":"","overlay-color":"","overlay-opacity":"","overlay-gradient":""},"tablet":{"background-color":"var(--ast-global-color-5)","background-image":"","background-repeat":"repeat","background-position":"center center","background-size":"auto","background-attachment":"scroll","background-type":"","background-media":"","overlay-type":"","overlay-color":"","overlay-opacity":"","overlay-gradient":""},"mobile":{"background-color":"var(--ast-global-color-5)","background-image":"","background-repeat":"repeat","background-position":"center center","background-size":"auto","background-attachment":"scroll","background-type":"","background-media":"","overlay-type":"","overlay-color":"","overlay-opacity":"","overlay-gradient":""}},"footnotes":""},"categories":[68,1,29,76],"tags":[250,259,213],"class_list":["post-8582","post","type-post","status-publish","format-standard","has-post-thumbnail","hentry","category-elic","category-general","category-portada","category-recursos","tag-llengua","tag-llengua-oral","tag-recursos-didactics"],"post_mailing_queue_ids":[],"_links":{"self":[{"href":"https:\/\/serveiseducatius.xtec.cat\/baixllobregat1\/wp-json\/wp\/v2\/posts\/8582","targetHints":{"allow":["GET"]}}],"collection":[{"href":"https:\/\/serveiseducatius.xtec.cat\/baixllobregat1\/wp-json\/wp\/v2\/posts"}],"about":[{"href":"https:\/\/serveiseducatius.xtec.cat\/baixllobregat1\/wp-json\/wp\/v2\/types\/post"}],"author":[{"embeddable":true,"href":"https:\/\/serveiseducatius.xtec.cat\/baixllobregat1\/wp-json\/wp\/v2\/users\/12"}],"replies":[{"embeddable":true,"href":"https:\/\/serveiseducatius.xtec.cat\/baixllobregat1\/wp-json\/wp\/v2\/comments?post=8582"}],"version-history":[{"count":6,"href":"https:\/\/serveiseducatius.xtec.cat\/baixllobregat1\/wp-json\/wp\/v2\/posts\/8582\/revisions"}],"predecessor-version":[{"id":8600,"href":"https:\/\/serveiseducatius.xtec.cat\/baixllobregat1\/wp-json\/wp\/v2\/posts\/8582\/revisions\/8600"}],"wp:featuredmedia":[{"embeddable":true,"href":"https:\/\/serveiseducatius.xtec.cat\/baixllobregat1\/wp-json\/wp\/v2\/media\/8584"}],"wp:attachment":[{"href":"https:\/\/serveiseducatius.xtec.cat\/baixllobregat1\/wp-json\/wp\/v2\/media?parent=8582"}],"wp:term":[{"taxonomy":"category","embeddable":true,"href":"https:\/\/serveiseducatius.xtec.cat\/baixllobregat1\/wp-json\/wp\/v2\/categories?post=8582"},{"taxonomy":"post_tag","embeddable":true,"href":"https:\/\/serveiseducatius.xtec.cat\/baixllobregat1\/wp-json\/wp\/v2\/tags?post=8582"}],"curies":[{"name":"wp","href":"https:\/\/api.w.org\/{rel}","templated":true}]}}