{"id":6786,"date":"2024-02-08T13:44:06","date_gmt":"2024-02-08T12:44:06","guid":{"rendered":"https:\/\/serveiseducatius.xtec.cat\/baixllobregat1\/?p=6786"},"modified":"2025-01-14T12:56:45","modified_gmt":"2025-01-14T11:56:45","slug":"celebrem-els-100-anys-de-la-radio-a-catalunya-1r-programa-de-radio-collaboratiu-entre-escoles-del-servei-educatiu-baix-llobregat-1","status":"publish","type":"post","link":"https:\/\/serveiseducatius.xtec.cat\/baixllobregat1\/general\/celebrem-els-100-anys-de-la-radio-a-catalunya-1r-programa-de-radio-collaboratiu-entre-escoles-del-servei-educatiu-baix-llobregat-1\/","title":{"rendered":"Celebrem els 100 anys de la r\u00e0dio a Catalunya amb el primer Programa de r\u00e0dio col\u00b7laboratiu entre escoles del Servei Educatiu Baix Llobregat 1"},"content":{"rendered":"<p>L&#8217;Assemblea General de les Nacions Unides va acordar la celebraci\u00f3 del Dia Mundial de la R\u00e0dio el 13 de febrer. Aquest 13 de febrer de 2024 se celebren els 100 anys de la r\u00e0dio a Catalunya, amb l\u2019objectiu de commemorar i destacar el paper fonamental que aquest mitj\u00e0 ha tingut en la difusi\u00f3 de la cultura, l\u2019entreteniment i la informaci\u00f3 al llarg del segle XX i XXI.<\/p>\n<p>Per celebrar-ho, des del grup de treball: \u201cLa r\u00e0dio i la televisi\u00f3 a l&#8217;escola\u201d; format per docents de les escoles: Estel, El Palau i Castell Ciur\u00f3 de la poblaci\u00f3 de Molins de Rei i les escoles Josep Monmany i Amat, Nadal i Salvador Espriu de Sant Feliu de Llobregat. Us presenten l&#8217;activitat:<strong> \u201cCent anys de personatges locals\u201d.<\/strong><\/p>\n<p>El CRP del Baix Llobregat 1 i la r\u00e0dio local de Sant Feliu han acompanyat a les escoles que hi han participat oferint suport t\u00e8cnic i pedag\u00f2gic per poder realitzar l\u2019enregistrament sonor que s\u2019emetr\u00e0 en un programa radiof\u00f2nic obert durant la setmana del 13 de febrer.<\/p>\n<p><strong>Creiem que \u00e9s una excel\u00b7lent oportunitat per treballar la llengua oral i desenvolupar la compet\u00e8ncia digital.<\/strong><\/p>\n<p>S&#8217;emet pel servidor de r\u00e0dio del Servei Educatiu que est\u00e0 a disposici\u00f3 de les escoles del nostre territori.<\/p>\n<p><a href=\"http:\/\/crp-santfeliu.xtec.cat:8084\/radio\" target=\"_blank\" rel=\"noopener\">Escolteu el primer programa de r\u00e0dio el dia 13 de febrer (nom\u00e9s en directe)<\/a><\/p>\n<p>&nbsp;<\/p>\n<p><a href=\"https:\/\/drive.google.com\/file\/d\/1GuatIr_uohdIpbEL0xSJS_HDJOekWtfV\/view?usp=drive_link\" target=\"_blank\" rel=\"noopener\">Escoltar el podcast del primer programa de r\u00e0dio.<\/a><\/p>\n<p>&nbsp;<\/p>\n<table style=\"width: 90.6047%;\">\n<tbody>\n<tr>\n<td style=\"width: 39.325%;\">\n<h4><span style=\"font-weight: 400;\">Nom de centre i poblaci\u00f3<\/span><\/h4>\n<\/td>\n<td style=\"width: 26.8704%;\">\n<h4><span style=\"font-weight: 400;\">Personatge<\/span><\/h4>\n<\/td>\n<\/tr>\n<tr>\n<td style=\"width: 39.325%;\"><span style=\"font-weight: 400;\">Escola Castell Ciur\u00f3 de Molins de Rei<\/span><\/td>\n<td style=\"width: 26.8704%;\"><a href=\"https:\/\/drive.google.com\/file\/d\/16mhbkzaIap70aho7y21AtUKyPnuNmI83\/view?usp=drive_link\"><span style=\"font-weight: 400;\">Mateu Jan\u00e9s i Duran 1<\/span><\/a><\/p>\n<p><a href=\"https:\/\/drive.google.com\/file\/d\/1_hRGQ1B4CAkyqnQa1as51e6FX5EC3OvQ\/view?usp=drive_link\"><span style=\"font-weight: 400;\">Mateu Jan\u00e9s i Duran 2<\/span><\/a><\/td>\n<\/tr>\n<tr>\n<td style=\"width: 39.325%;\"><span style=\"font-weight: 400;\">Escola El Palau de Molins de Rei<\/span><\/td>\n<td style=\"width: 26.8704%;\"><a href=\"https:\/\/drive.google.com\/file\/d\/1RwHaE4zOaGrxj26VEQ01CPTPiJcZ3FMf\/view?usp=drive_link\"><span style=\"font-weight: 400;\">Josep Maria Madorell 1<\/span><\/a><\/p>\n<p><a href=\"https:\/\/drive.google.com\/file\/d\/1GcYE8Wmw-aCFlEiMYTM42rwPDvpH8fb8\/view?usp=drive_link\"><span style=\"font-weight: 400;\">Josep Maria Madorell 2\u00a0\u00a0<\/span><\/a><\/td>\n<\/tr>\n<tr>\n<td style=\"width: 39.325%;\"><span style=\"font-weight: 400;\">Escola Estel de Molins de Rei<\/span><\/td>\n<td style=\"width: 26.8704%;\"><a href=\"https:\/\/drive.google.com\/file\/d\/117NFTjy7HAwzeHRWLmiwh8xCdD39UCCK\/view?usp=drive_link\"><span style=\"font-weight: 400;\">Margarida Xirgu i Subir\u00e0<\/span><\/a><\/td>\n<\/tr>\n<tr>\n<td style=\"width: 39.325%;\"><span style=\"font-weight: 400;\">Escola Josep Monmany i Amat de Sant Feliu de Llobregat<\/span><\/td>\n<td style=\"width: 26.8704%;\"><a href=\"https:\/\/drive.google.com\/file\/d\/1jiX0KXkvW1oLAcDu3604MUv7-Hisfoyd\/view?usp=drive_link\"><span style=\"font-weight: 400;\">Joana Raspall i Juanola<\/span><\/a><\/td>\n<\/tr>\n<tr>\n<td style=\"width: 39.325%;\"><span style=\"font-weight: 400;\">Escola Salvador Espriu de Sant Feliu de Llobregat<\/span><\/td>\n<td style=\"width: 26.8704%;\"><a href=\"https:\/\/drive.google.com\/file\/d\/1dSFSKt2l1r_SB6rja1sgY3a_mE2_NbPf\/view?usp=sharing\"><span style=\"font-weight: 400;\">Pere Dot i Mart\u00ednez Arxiu 1\u00a0\u00a0<\/span><\/a><\/p>\n<p><a href=\"https:\/\/drive.google.com\/file\/d\/1kqfQDqsSWWcvY1AMH_6EIRiT3j5sNlU5\/view?usp=drive_link\"><span style=\"font-weight: 400;\">Pere Dot i Mart\u00ednez Arxiu 2\u00a0\u00a0<\/span><\/a><\/td>\n<\/tr>\n<tr>\n<td style=\"width: 39.325%;\"><span style=\"font-weight: 400;\">Escola Nadal de Sant Feliu de Llobregat<\/span><\/td>\n<td style=\"width: 26.8704%;\"><a href=\"https:\/\/drive.google.com\/file\/d\/13fBXV8l6ymVCWth82Dy2UmZsWY1DiBQH\/view?usp=drive_link\"><span style=\"font-weight: 400;\">La Mula de Sant Feliu<\/span><\/a><\/td>\n<\/tr>\n<\/tbody>\n<\/table>\n<p>&nbsp;<\/p>\n<p>#canaldereporters #100anysderadio #100anysdepersonatgeslocals<\/p>\n","protected":false},"excerpt":{"rendered":"<p>L&#8217;Assemblea General de les Nacions Unides va acordar la celebraci\u00f3 del Dia Mundial de la R\u00e0dio el 13 de febrer. Aquest 13 de febrer de 2024 se celebren els 100 anys de la r\u00e0dio a Catalunya, amb l\u2019objectiu de commemorar i destacar el paper fonamental que aquest mitj\u00e0 ha tingut en la difusi\u00f3 de la [&hellip;]<\/p>\n","protected":false},"author":10,"featured_media":0,"comment_status":"open","ping_status":"closed","sticky":false,"template":"","format":"standard","meta":{"_bbp_topic_count":0,"_bbp_reply_count":0,"_bbp_total_topic_count":0,"_bbp_total_reply_count":0,"_bbp_voice_count":0,"_bbp_anonymous_reply_count":0,"_bbp_topic_count_hidden":0,"_bbp_reply_count_hidden":0,"_bbp_forum_subforum_count":0,"site-sidebar-layout":"default","site-content-layout":"","ast-site-content-layout":"","site-content-style":"default","site-sidebar-style":"default","ast-global-header-display":"","ast-banner-title-visibility":"","ast-main-header-display":"","ast-hfb-above-header-display":"","ast-hfb-below-header-display":"","ast-hfb-mobile-header-display":"","site-post-title":"","ast-breadcrumbs-content":"","ast-featured-img":"","footer-sml-layout":"","theme-transparent-header-meta":"","adv-header-id-meta":"","stick-header-meta":"","header-above-stick-meta":"","header-main-stick-meta":"","header-below-stick-meta":"","astra-migrate-meta-layouts":"default","ast-page-background-enabled":"default","ast-page-background-meta":{"desktop":{"background-color":"var(--ast-global-color-4)","background-image":"","background-repeat":"repeat","background-position":"center center","background-size":"auto","background-attachment":"scroll","background-type":"","background-media":"","overlay-type":"","overlay-color":"","overlay-opacity":"","overlay-gradient":""},"tablet":{"background-color":"","background-image":"","background-repeat":"repeat","background-position":"center center","background-size":"auto","background-attachment":"scroll","background-type":"","background-media":"","overlay-type":"","overlay-color":"","overlay-opacity":"","overlay-gradient":""},"mobile":{"background-color":"","background-image":"","background-repeat":"repeat","background-position":"center center","background-size":"auto","background-attachment":"scroll","background-type":"","background-media":"","overlay-type":"","overlay-color":"","overlay-opacity":"","overlay-gradient":""}},"ast-content-background-meta":{"desktop":{"background-color":"var(--ast-global-color-5)","background-image":"","background-repeat":"repeat","background-position":"center center","background-size":"auto","background-attachment":"scroll","background-type":"","background-media":"","overlay-type":"","overlay-color":"","overlay-opacity":"","overlay-gradient":""},"tablet":{"background-color":"var(--ast-global-color-5)","background-image":"","background-repeat":"repeat","background-position":"center center","background-size":"auto","background-attachment":"scroll","background-type":"","background-media":"","overlay-type":"","overlay-color":"","overlay-opacity":"","overlay-gradient":""},"mobile":{"background-color":"var(--ast-global-color-5)","background-image":"","background-repeat":"repeat","background-position":"center center","background-size":"auto","background-attachment":"scroll","background-type":"","background-media":"","overlay-type":"","overlay-color":"","overlay-opacity":"","overlay-gradient":""}},"footnotes":""},"categories":[65,66,1,29],"tags":[328,327,332],"class_list":["post-6786","post","type-post","status-publish","format-standard","hentry","category-crp","category-dinamitzacio","category-general","category-portada","tag-100anysderadio","tag-canal-de-reporters","tag-canaldereporters"],"post_mailing_queue_ids":[],"_links":{"self":[{"href":"https:\/\/serveiseducatius.xtec.cat\/baixllobregat1\/wp-json\/wp\/v2\/posts\/6786","targetHints":{"allow":["GET"]}}],"collection":[{"href":"https:\/\/serveiseducatius.xtec.cat\/baixllobregat1\/wp-json\/wp\/v2\/posts"}],"about":[{"href":"https:\/\/serveiseducatius.xtec.cat\/baixllobregat1\/wp-json\/wp\/v2\/types\/post"}],"author":[{"embeddable":true,"href":"https:\/\/serveiseducatius.xtec.cat\/baixllobregat1\/wp-json\/wp\/v2\/users\/10"}],"replies":[{"embeddable":true,"href":"https:\/\/serveiseducatius.xtec.cat\/baixllobregat1\/wp-json\/wp\/v2\/comments?post=6786"}],"version-history":[{"count":6,"href":"https:\/\/serveiseducatius.xtec.cat\/baixllobregat1\/wp-json\/wp\/v2\/posts\/6786\/revisions"}],"predecessor-version":[{"id":7901,"href":"https:\/\/serveiseducatius.xtec.cat\/baixllobregat1\/wp-json\/wp\/v2\/posts\/6786\/revisions\/7901"}],"wp:attachment":[{"href":"https:\/\/serveiseducatius.xtec.cat\/baixllobregat1\/wp-json\/wp\/v2\/media?parent=6786"}],"wp:term":[{"taxonomy":"category","embeddable":true,"href":"https:\/\/serveiseducatius.xtec.cat\/baixllobregat1\/wp-json\/wp\/v2\/categories?post=6786"},{"taxonomy":"post_tag","embeddable":true,"href":"https:\/\/serveiseducatius.xtec.cat\/baixllobregat1\/wp-json\/wp\/v2\/tags?post=6786"}],"curies":[{"name":"wp","href":"https:\/\/api.w.org\/{rel}","templated":true}]}}