{"id":5831,"date":"2022-11-29T17:52:34","date_gmt":"2022-11-29T16:52:34","guid":{"rendered":"https:\/\/serveiseducatius.xtec.cat\/baixllobregat1\/?p=5831"},"modified":"2022-11-30T10:17:00","modified_gmt":"2022-11-30T09:17:00","slug":"plataforma-per-la-llengua-publica-lonzena-edicio-de-linformecat-una-panoramica-de-la-salut-de-la-llengua-catalana","status":"publish","type":"post","link":"https:\/\/serveiseducatius.xtec.cat\/baixllobregat1\/general\/plataforma-per-la-llengua-publica-lonzena-edicio-de-linformecat-una-panoramica-de-la-salut-de-la-llengua-catalana\/","title":{"rendered":"Plataforma per la Llengua publica l&#8217;onzena edici\u00f3 de l&#8217;informeCAT, una panor\u00e0mica de la salut de la llengua catalana."},"content":{"rendered":"<p>Recentment, l&#8217;entitat <a href=\"https:\/\/www.plataforma-llengua.cat\/\" target=\"_blank\" rel=\"noopener\">Plataforma per la Llengua<\/a> ha publicat l&#8217;<strong><a href=\"https:\/\/www.plataforma-llengua.cat\/que-fem\/estudis-i-publicacions\/308\/informecat-2022\" target=\"_blank\" rel=\"noopener\">informeCAT 2022<\/a><\/strong>, on apareixen 50 dades significatives sobre l&#8217;estat del catal\u00e0 arreu del domini ling\u00fc\u00edstic.\u00a0Algunes d&#8217;aquestes s\u00f3n:<\/p>\n<table style=\"height: 239px; width: 96.737%; border-collapse: collapse; border-style: hidden;\">\n<tbody>\n<tr style=\"height: 239px;\">\n<td style=\"width: 16.9524%; height: 239px; vertical-align: top;\"><a href=\"https:\/\/serveiseducatius.xtec.cat\/baixllobregat1\/wp-content\/uploads\/usu767\/2022\/11\/2022-11-29_095703-e1669712460853.jpg\"><img loading=\"lazy\" decoding=\"async\" class=\"wp-image-5832 aligncenter\" src=\"https:\/\/serveiseducatius.xtec.cat\/baixllobregat1\/wp-content\/uploads\/usu767\/2022\/11\/2022-11-29_095703-e1669712460853.jpg\" alt=\"\" width=\"210\" height=\"294\" \/><\/a><\/td>\n<td style=\"width: 84.4865%; height: 239px; border-style: hidden; vertical-align: top;\">\n<ul style=\"list-style-type: disc;\">\n<li>La transmissi\u00f3 intergeneracional del catal\u00e0\u00a0 \u00e9s del 80% a Catalunya i a les Illes Balears, i del 60% al Pa\u00eds Valenci\u00e0.<\/li>\n<li>La meitat dels catalanoparlants a Catalunya creuen que la submissi\u00f3 ling\u00fc\u00edstica no \u00e9s cap amena\u00e7a per a la llengua.<\/li>\n<li>A Catalunya, el 71.4% dels joves creuen que el catal\u00e0 es parla menys que abans.<\/li>\n<li>Sis de cada deu residents estrangers a Catalunya tenen inter\u00e8s a aprendre catal\u00e0 o millorar-ne el coneixement.<\/li>\n<\/ul>\n<p>&nbsp;<\/p>\n<p>&nbsp;<\/td>\n<\/tr>\n<\/tbody>\n<\/table>\n","protected":false},"excerpt":{"rendered":"<p>Recentment, l&#8217;entitat Plataforma per la Llengua ha publicat l&#8217;informeCAT 2022, on apareixen 50 dades significatives sobre l&#8217;estat del catal\u00e0 arreu del domini ling\u00fc\u00edstic.\u00a0Algunes d&#8217;aquestes s\u00f3n: La transmissi\u00f3 intergeneracional del catal\u00e0\u00a0 \u00e9s del 80% a Catalunya i a les Illes Balears, i del 60% al Pa\u00eds Valenci\u00e0. La meitat dels catalanoparlants a Catalunya creuen que la [&hellip;]<\/p>\n","protected":false},"author":12,"featured_media":5832,"comment_status":"open","ping_status":"closed","sticky":false,"template":"","format":"standard","meta":{"_bbp_topic_count":0,"_bbp_reply_count":0,"_bbp_total_topic_count":0,"_bbp_total_reply_count":0,"_bbp_voice_count":0,"_bbp_anonymous_reply_count":0,"_bbp_topic_count_hidden":0,"_bbp_reply_count_hidden":0,"_bbp_forum_subforum_count":0,"site-sidebar-layout":"default","site-content-layout":"","ast-site-content-layout":"","site-content-style":"default","site-sidebar-style":"default","ast-global-header-display":"","ast-banner-title-visibility":"","ast-main-header-display":"","ast-hfb-above-header-display":"","ast-hfb-below-header-display":"","ast-hfb-mobile-header-display":"","site-post-title":"","ast-breadcrumbs-content":"","ast-featured-img":"","footer-sml-layout":"","theme-transparent-header-meta":"","adv-header-id-meta":"","stick-header-meta":"","header-above-stick-meta":"","header-main-stick-meta":"","header-below-stick-meta":"","astra-migrate-meta-layouts":"default","ast-page-background-enabled":"default","ast-page-background-meta":{"desktop":{"background-color":"var(--ast-global-color-4)","background-image":"","background-repeat":"repeat","background-position":"center center","background-size":"auto","background-attachment":"scroll","background-type":"","background-media":"","overlay-type":"","overlay-color":"","overlay-opacity":"","overlay-gradient":""},"tablet":{"background-color":"","background-image":"","background-repeat":"repeat","background-position":"center center","background-size":"auto","background-attachment":"scroll","background-type":"","background-media":"","overlay-type":"","overlay-color":"","overlay-opacity":"","overlay-gradient":""},"mobile":{"background-color":"","background-image":"","background-repeat":"repeat","background-position":"center center","background-size":"auto","background-attachment":"scroll","background-type":"","background-media":"","overlay-type":"","overlay-color":"","overlay-opacity":"","overlay-gradient":""}},"ast-content-background-meta":{"desktop":{"background-color":"var(--ast-global-color-5)","background-image":"","background-repeat":"repeat","background-position":"center center","background-size":"auto","background-attachment":"scroll","background-type":"","background-media":"","overlay-type":"","overlay-color":"","overlay-opacity":"","overlay-gradient":""},"tablet":{"background-color":"var(--ast-global-color-5)","background-image":"","background-repeat":"repeat","background-position":"center center","background-size":"auto","background-attachment":"scroll","background-type":"","background-media":"","overlay-type":"","overlay-color":"","overlay-opacity":"","overlay-gradient":""},"mobile":{"background-color":"var(--ast-global-color-5)","background-image":"","background-repeat":"repeat","background-position":"center center","background-size":"auto","background-attachment":"scroll","background-type":"","background-media":"","overlay-type":"","overlay-color":"","overlay-opacity":"","overlay-gradient":""}},"footnotes":""},"categories":[64,68,1,29],"tags":[257,250,259],"class_list":["post-5831","post","type-post","status-publish","format-standard","has-post-thumbnail","hentry","category-comunitat","category-elic","category-general","category-portada","tag-elic","tag-llengua","tag-llengua-oral"],"post_mailing_queue_ids":[],"_links":{"self":[{"href":"https:\/\/serveiseducatius.xtec.cat\/baixllobregat1\/wp-json\/wp\/v2\/posts\/5831","targetHints":{"allow":["GET"]}}],"collection":[{"href":"https:\/\/serveiseducatius.xtec.cat\/baixllobregat1\/wp-json\/wp\/v2\/posts"}],"about":[{"href":"https:\/\/serveiseducatius.xtec.cat\/baixllobregat1\/wp-json\/wp\/v2\/types\/post"}],"author":[{"embeddable":true,"href":"https:\/\/serveiseducatius.xtec.cat\/baixllobregat1\/wp-json\/wp\/v2\/users\/12"}],"replies":[{"embeddable":true,"href":"https:\/\/serveiseducatius.xtec.cat\/baixllobregat1\/wp-json\/wp\/v2\/comments?post=5831"}],"version-history":[{"count":4,"href":"https:\/\/serveiseducatius.xtec.cat\/baixllobregat1\/wp-json\/wp\/v2\/posts\/5831\/revisions"}],"predecessor-version":[{"id":5843,"href":"https:\/\/serveiseducatius.xtec.cat\/baixllobregat1\/wp-json\/wp\/v2\/posts\/5831\/revisions\/5843"}],"wp:featuredmedia":[{"embeddable":true,"href":"https:\/\/serveiseducatius.xtec.cat\/baixllobregat1\/wp-json\/wp\/v2\/media\/5832"}],"wp:attachment":[{"href":"https:\/\/serveiseducatius.xtec.cat\/baixllobregat1\/wp-json\/wp\/v2\/media?parent=5831"}],"wp:term":[{"taxonomy":"category","embeddable":true,"href":"https:\/\/serveiseducatius.xtec.cat\/baixllobregat1\/wp-json\/wp\/v2\/categories?post=5831"},{"taxonomy":"post_tag","embeddable":true,"href":"https:\/\/serveiseducatius.xtec.cat\/baixllobregat1\/wp-json\/wp\/v2\/tags?post=5831"}],"curies":[{"name":"wp","href":"https:\/\/api.w.org\/{rel}","templated":true}]}}