{"id":5585,"date":"2022-04-27T17:40:27","date_gmt":"2022-04-27T15:40:27","guid":{"rendered":"https:\/\/serveiseducatius.xtec.cat\/baixllobregat1\/?p=5585"},"modified":"2022-04-28T09:42:37","modified_gmt":"2022-04-28T07:42:37","slug":"16e-forum-de-treballs-de-recerca-de-sant-feliu-de-llobregat-el-papiol-i-molins-de-rei-2022","status":"publish","type":"post","link":"https:\/\/serveiseducatius.xtec.cat\/baixllobregat1\/general\/16e-forum-de-treballs-de-recerca-de-sant-feliu-de-llobregat-el-papiol-i-molins-de-rei-2022\/","title":{"rendered":"16\u00e8 F\u00f2rum de Treballs de Recerca de Sant Feliu de Llobregat, El Papiol i Molins de Rei 2022"},"content":{"rendered":"<p><img loading=\"lazy\" decoding=\"async\" class=\"alignleft wp-image-5586\" src=\"https:\/\/serveiseducatius.xtec.cat\/baixllobregat1\/wp-content\/uploads\/usu767\/2022\/04\/16_forum_gran.jpg\" alt=\"\" width=\"191\" height=\"172\" srcset=\"https:\/\/serveiseducatius.xtec.cat\/baixllobregat1\/wp-content\/uploads\/usu767\/2022\/04\/16_forum_gran.jpg 584w, https:\/\/serveiseducatius.xtec.cat\/baixllobregat1\/wp-content\/uploads\/usu767\/2022\/04\/16_forum_gran-300x270.jpg 300w\" sizes=\"auto, (max-width: 191px) 100vw, 191px\" \/>El 27 d\u2019abril de 2022\u00a0 s\u2019ha celebrat a Sant Feliu de Llobregat el <strong>16\u00e8 F\u00f2rum de Treballs de Recerca de Sant Feliu de Llobregat, El Papiol i Molins de Rei.<\/strong><\/p>\n<p>El F\u00f2rum \u00e9s una activitat en la que hi participen els alumnes dels centres que imparteixen Batxillerat de Molins de Rei i Sant Feliu de Llobregat,\u00a0 i \u00e9s organitzada pel Centre de Recursos Pedag\u00f2gics del Baix Llobregat 1, del Departament d\u2019Educaci\u00f3 de la Generalitat de Catalunya, amb la col\u00b7laboraci\u00f3 dels Ajuntaments d\u2019El Papiol, Molins de Rei i Sant Feliu de Llobregat.<\/p>\n<p>Al f\u00f2rum hi han participat 25 treballs de Recerca escollits pel professorat dels propis centres educatius. Un resum d\u2019aquest treballs es pot consultar a la<a href=\"https:\/\/drive.google.com\/file\/d\/1dTC40t2LRpX9kQD_3YXsfqVbsKRkvXHS\/view?usp=sharing\" target=\"_blank\" rel=\"noopener\">\u00a0publicaci\u00f3<\/a>\u00a0que s\u2019ha editat amb motiu del F\u00f2rum. En aquesta\u00a0publicaci\u00f3\u00a0 tamb\u00e9 s\u2019hi exposen els llistats de tots els Treballs de Recerca realitzats per l\u2019alumnat de segon de Batxillerat de la zona aquest curs 2021-2022. Les llistes es poden consultar per centre i per tem\u00e0tiques.<\/p>\n<p>A l\u2019acte del 16\u00e8 F\u00f2rum de TR s\u2019ha desenvolupat segons el previst al <a href=\"https:\/\/drive.google.com\/file\/d\/1kAAx-2bVcFFMWwOgGU_nYS6N3ByEitYO\/view?usp=sharing\">programa<\/a>, s\u2019hi han exposat els 8 treballs, un de cada centre, \u00a0que han obtingut una\u00a0<a href=\"https:\/\/drive.google.com\/file\/d\/19dkTtgeYwitKjsIwXZlIfF7WuLpOj4TV\/view?usp=sharing\">menci\u00f3 especial del Jurat<\/a> i per tant han estat seleccionats per ser presentats. El mateix dia 3 d\u2019abril el Jurat ha atorgat dos reconeixements especials a dos alumnes pel seu treball.<\/p>\n<p>Finalment, tenim el plaer de compartir-vos l\u2019enlla\u00e7 a <strong><a href=\"https:\/\/view.genial.ly\/623999953cf08b0010f11635\/interactive-content-16e-forum-tr-2022\" target=\"_blank\" rel=\"noopener noreferrer\">l\u2019entorn virtual\u00a0 del 16\u00e8 F\u00f2rum de Treballs de Recerca:<\/a><\/strong><\/p>\n<p>Els organitzadors del 16\u00e8 F\u00f2rum de Treballs de Recerca a m\u00e9s de recon\u00e8ixer la feina d\u2019investigaci\u00f3 i l\u2019esfor\u00e7 que ha fet l\u2019alumnat en la realitzaci\u00f3 dels treballs de recerca volem agrair\u00a0 el comprom\u00eds i la dedicaci\u00f3 del professorat en tutoritzar els treballs de recerca de l\u2019alumnat i la seva col\u00b7laboraci\u00f3 en el desenvolupament del F\u00f2rum.<\/p>\n<p>&nbsp;<\/p>\n<div style=\"width: 100%;\">\n<div style=\"position: relative; padding-bottom: 56.25%; padding-top: 0; height: 0;\"><iframe loading=\"lazy\" style=\"position: absolute; top: 0; left: 0; width: 100%; height: 100%;\" src=\"https:\/\/view.genial.ly\/623999953cf08b0010f11635\" width=\"1200\" height=\"675\" frameborder=\"0\" scrolling=\"yes\" allowfullscreen=\"allowfullscreen\"><\/iframe><\/div>\n<\/div>\n<p>&nbsp;<\/p>\n<table style=\"border-collapse: collapse; width: 93.2612%; height: 300px;\" border=\"0\">\n<tbody>\n<tr>\n<td style=\"width: 50%;\">\n<p style=\"text-align: center;\"><a href=\"https:\/\/photos.app.goo.gl\/ytiTuGvjXhWZEfHz6\"><strong>Reportatge fotogr\u00e0fic de l&#8217;acte del 16\u00e8 F\u00f2rum de TR<\/strong><\/a><\/p>\n<p><a href=\"https:\/\/photos.app.goo.gl\/ytiTuGvjXhWZEfHz6\" target=\"_blank\" rel=\"noopener\"><img loading=\"lazy\" decoding=\"async\" class=\"wp-image-5598 aligncenter\" src=\"https:\/\/serveiseducatius.xtec.cat\/baixllobregat1\/wp-content\/uploads\/usu767\/2022\/04\/Screenshot-3.png\" alt=\"\" width=\"238\" height=\"236\" srcset=\"https:\/\/serveiseducatius.xtec.cat\/baixllobregat1\/wp-content\/uploads\/usu767\/2022\/04\/Screenshot-3.png 735w, https:\/\/serveiseducatius.xtec.cat\/baixllobregat1\/wp-content\/uploads\/usu767\/2022\/04\/Screenshot-3-300x298.png 300w, https:\/\/serveiseducatius.xtec.cat\/baixllobregat1\/wp-content\/uploads\/usu767\/2022\/04\/Screenshot-3-150x150.png 150w\" sizes=\"auto, (max-width: 238px) 100vw, 238px\" \/><\/a><\/td>\n<td style=\"width: 50%;\"><strong>Documents enlla\u00e7ats:<\/strong><\/p>\n<table style=\"border-collapse: collapse; width: 73.5717%; height: 270px;\" border=\"0\">\n<tbody>\n<tr style=\"height: 77px;\">\n<td style=\"width: 50px; text-align: right; height: 77px;\"><a href=\"https:\/\/drive.google.com\/file\/d\/1P0OAe1283UDnGvczvjQqeR3liBZC1aU1\/view?usp=sharing\" target=\"_blank\" rel=\"noopener\"><img loading=\"lazy\" decoding=\"async\" class=\"size-full wp-image-3159 alignright\" src=\"https:\/\/serveiseducatius.xtec.cat\/baixllobregat1\/wp-content\/uploads\/usu767\/2019\/04\/pdf4.jpg\" alt=\"\" width=\"46\" height=\"52\" \/><\/a><\/td>\n<td style=\"height: 77px;\"><a href=\"https:\/\/drive.google.com\/file\/d\/1dTC40t2LRpX9kQD_3YXsfqVbsKRkvXHS\/view?usp=sharing\" target=\"_blank\" rel=\"noopener\">Publicaci\u00f3 del 16\u00e8 F\u00f2rum TR<\/a><\/td>\n<\/tr>\n<tr style=\"height: 68px;\">\n<td style=\"width: 50px; text-align: right; height: 68px;\"><a href=\"https:\/\/drive.google.com\/file\/d\/1vVy_EBLOhBfJchWtqzPOOg2-qJ3TBIFA\/view?usp=sharing\" target=\"_blank\" rel=\"noopener\"><img loading=\"lazy\" decoding=\"async\" class=\"size-full wp-image-3159\" src=\"https:\/\/serveiseducatius.xtec.cat\/baixllobregat1\/wp-content\/uploads\/usu767\/2019\/04\/pdf4.jpg\" alt=\"\" width=\"46\" height=\"52\" \/><\/a><\/td>\n<td style=\"width: 274px; height: 68px;\"><a href=\"https:\/\/drive.google.com\/file\/d\/1kAAx-2bVcFFMWwOgGU_nYS6N3ByEitYO\/view?usp=sharing\">D\u00edptic amb el programa de l\u2019acte<\/a>.<\/td>\n<\/tr>\n<tr style=\"height: 68px;\">\n<td style=\"width: 50px; text-align: right; height: 68px;\"><a href=\"https:\/\/drive.google.com\/file\/d\/1B4NZakRhMPw68mHvHLeBdp7yTGHPm2P1\/view?usp=sharing\" target=\"_blank\" rel=\"noopener\"><img loading=\"lazy\" decoding=\"async\" class=\"size-full wp-image-3159\" src=\"https:\/\/serveiseducatius.xtec.cat\/baixllobregat1\/wp-content\/uploads\/usu767\/2019\/04\/pdf4.jpg\" alt=\"\" width=\"46\" height=\"52\" \/><\/a><\/td>\n<td style=\"width: 274px; height: 68px;\"><a href=\"https:\/\/drive.google.com\/file\/d\/19dkTtgeYwitKjsIwXZlIfF7WuLpOj4TV\/view\" target=\"_blank\" rel=\"noopener\">Acta del Jurat i resoluci\u00f3 dels reconeixements especials<\/a><\/td>\n<\/tr>\n<\/tbody>\n<\/table>\n<\/td>\n<\/tr>\n<\/tbody>\n<\/table>\n","protected":false},"excerpt":{"rendered":"<p>.<\/p>\n","protected":false},"author":10,"featured_media":5586,"comment_status":"open","ping_status":"closed","sticky":false,"template":"","format":"standard","meta":{"_bbp_topic_count":0,"_bbp_reply_count":0,"_bbp_total_topic_count":0,"_bbp_total_reply_count":0,"_bbp_voice_count":0,"_bbp_anonymous_reply_count":0,"_bbp_topic_count_hidden":0,"_bbp_reply_count_hidden":0,"_bbp_forum_subforum_count":0,"site-sidebar-layout":"default","site-content-layout":"","ast-site-content-layout":"","site-content-style":"default","site-sidebar-style":"default","ast-global-header-display":"","ast-banner-title-visibility":"","ast-main-header-display":"","ast-hfb-above-header-display":"","ast-hfb-below-header-display":"","ast-hfb-mobile-header-display":"","site-post-title":"","ast-breadcrumbs-content":"","ast-featured-img":"","footer-sml-layout":"","theme-transparent-header-meta":"","adv-header-id-meta":"","stick-header-meta":"","header-above-stick-meta":"","header-main-stick-meta":"","header-below-stick-meta":"","astra-migrate-meta-layouts":"default","ast-page-background-enabled":"default","ast-page-background-meta":{"desktop":{"background-color":"var(--ast-global-color-4)","background-image":"","background-repeat":"repeat","background-position":"center center","background-size":"auto","background-attachment":"scroll","background-type":"","background-media":"","overlay-type":"","overlay-color":"","overlay-opacity":"","overlay-gradient":""},"tablet":{"background-color":"","background-image":"","background-repeat":"repeat","background-position":"center center","background-size":"auto","background-attachment":"scroll","background-type":"","background-media":"","overlay-type":"","overlay-color":"","overlay-opacity":"","overlay-gradient":""},"mobile":{"background-color":"","background-image":"","background-repeat":"repeat","background-position":"center center","background-size":"auto","background-attachment":"scroll","background-type":"","background-media":"","overlay-type":"","overlay-color":"","overlay-opacity":"","overlay-gradient":""}},"ast-content-background-meta":{"desktop":{"background-color":"var(--ast-global-color-5)","background-image":"","background-repeat":"repeat","background-position":"center center","background-size":"auto","background-attachment":"scroll","background-type":"","background-media":"","overlay-type":"","overlay-color":"","overlay-opacity":"","overlay-gradient":""},"tablet":{"background-color":"var(--ast-global-color-5)","background-image":"","background-repeat":"repeat","background-position":"center center","background-size":"auto","background-attachment":"scroll","background-type":"","background-media":"","overlay-type":"","overlay-color":"","overlay-opacity":"","overlay-gradient":""},"mobile":{"background-color":"var(--ast-global-color-5)","background-image":"","background-repeat":"repeat","background-position":"center center","background-size":"auto","background-attachment":"scroll","background-type":"","background-media":"","overlay-type":"","overlay-color":"","overlay-opacity":"","overlay-gradient":""}},"footnotes":""},"categories":[65,70,1,29],"tags":[207,313],"class_list":["post-5585","post","type-post","status-publish","format-standard","has-post-thumbnail","hentry","category-crp","category-forum-tr","category-general","category-portada","tag-dinamitzacio","tag-forum-treballs-recerca"],"post_mailing_queue_ids":[],"_links":{"self":[{"href":"https:\/\/serveiseducatius.xtec.cat\/baixllobregat1\/wp-json\/wp\/v2\/posts\/5585","targetHints":{"allow":["GET"]}}],"collection":[{"href":"https:\/\/serveiseducatius.xtec.cat\/baixllobregat1\/wp-json\/wp\/v2\/posts"}],"about":[{"href":"https:\/\/serveiseducatius.xtec.cat\/baixllobregat1\/wp-json\/wp\/v2\/types\/post"}],"author":[{"embeddable":true,"href":"https:\/\/serveiseducatius.xtec.cat\/baixllobregat1\/wp-json\/wp\/v2\/users\/10"}],"replies":[{"embeddable":true,"href":"https:\/\/serveiseducatius.xtec.cat\/baixllobregat1\/wp-json\/wp\/v2\/comments?post=5585"}],"version-history":[{"count":2,"href":"https:\/\/serveiseducatius.xtec.cat\/baixllobregat1\/wp-json\/wp\/v2\/posts\/5585\/revisions"}],"predecessor-version":[{"id":5599,"href":"https:\/\/serveiseducatius.xtec.cat\/baixllobregat1\/wp-json\/wp\/v2\/posts\/5585\/revisions\/5599"}],"wp:featuredmedia":[{"embeddable":true,"href":"https:\/\/serveiseducatius.xtec.cat\/baixllobregat1\/wp-json\/wp\/v2\/media\/5586"}],"wp:attachment":[{"href":"https:\/\/serveiseducatius.xtec.cat\/baixllobregat1\/wp-json\/wp\/v2\/media?parent=5585"}],"wp:term":[{"taxonomy":"category","embeddable":true,"href":"https:\/\/serveiseducatius.xtec.cat\/baixllobregat1\/wp-json\/wp\/v2\/categories?post=5585"},{"taxonomy":"post_tag","embeddable":true,"href":"https:\/\/serveiseducatius.xtec.cat\/baixllobregat1\/wp-json\/wp\/v2\/tags?post=5585"}],"curies":[{"name":"wp","href":"https:\/\/api.w.org\/{rel}","templated":true}]}}