{"id":4154,"date":"2021-05-27T12:39:13","date_gmt":"2021-05-27T10:39:13","guid":{"rendered":"http:\/\/serveiseducatius.xtec.cat\/baixllobregat1\/?p=4154"},"modified":"2021-05-27T13:24:10","modified_gmt":"2021-05-27T11:24:10","slug":"15e-forum-de-treballs-de-recerca-de-sant-feliu-de-llobregat-el-papiol-i-molins-de-rei-2021","status":"publish","type":"post","link":"https:\/\/serveiseducatius.xtec.cat\/baixllobregat1\/portada\/15e-forum-de-treballs-de-recerca-de-sant-feliu-de-llobregat-el-papiol-i-molins-de-rei-2021\/","title":{"rendered":"15\u00e8 F\u00f2rum de Treballs de Recerca de Sant Feliu de Llobregat, El Papiol i Molins de Rei 2021"},"content":{"rendered":"<p><img loading=\"lazy\" decoding=\"async\" class=\"wp-image-4155 alignleft\" src=\"https:\/\/serveiseducatius.xtec.cat\/baixllobregat1\/wp-content\/uploads\/usu767\/2021\/05\/15_forum_gran-300x269.jpg\" alt=\"\" width=\"193\" height=\"173\" srcset=\"https:\/\/serveiseducatius.xtec.cat\/baixllobregat1\/wp-content\/uploads\/usu767\/2021\/05\/15_forum_gran-300x269.jpg 300w, https:\/\/serveiseducatius.xtec.cat\/baixllobregat1\/wp-content\/uploads\/usu767\/2021\/05\/15_forum_gran.jpg 596w\" sizes=\"auto, (max-width: 193px) 100vw, 193px\" \/>La convocat\u00f2ria del F\u00f2rum de Treballs de Recerca arriba enguany a la seva quinzena edici\u00f3, amb la pretensi\u00f3 de difondre una petita mostra dels treballs de recerca realitzats per l\u2019alumnat de batxillerat de Molins de Rei i Sant Feliu de Llobregat.<\/p>\n<p>El F\u00f2rum \u00e9s una activitat organitzada pel Centre de Recursos Pedag\u00f2gics del Baix Llobregat 1, del Departament d\u2019Educaci\u00f3 de la Generalitat de Catalunya, amb la col\u00b7laboraci\u00f3 dels Ajuntaments d\u2019El Papiol, Molins de Rei i Sant Feliu de Llobregat.<\/p>\n<p>Tenim el plaer de compartir-vos l\u2019enlla\u00e7 a <strong><a href=\"https:\/\/view.genial.ly\/606d948a73874d0d0dcdba85\/interactive-content-15e-forum-tr\" target=\"_blank\" rel=\"noopener noreferrer\">l\u2019entorn virtual\u00a0 del 15\u00e8 F\u00f2rum de Treballs de Recerca<\/a>, <\/strong>on podreu consultar:<\/p>\n<ul>\n<li><strong>L\u2019acta del Jurat<\/strong><\/li>\n<li><strong>Una mostra dels vuit treballs seleccionats pel jurat del 15\u00e8 F\u00f2rum de Treballs de Recerca<\/strong>, per part dels veritables protagonistes, els alumnes que han realitzat els treballs. Despr\u00e9s de la gran feina que han fet, els hem demanat que facin l\u2019esfor\u00e7 d\u2019explicar el seu treball en un v\u00eddeo d\u2019una durada m\u00e0xima de dos minuts i que ens adjuntin la presentaci\u00f3 que han utilitzat per a la defensa del seu treball en el propi centre. Aix\u00f2 \u00e9s el que podreu veure aqu\u00ed.<\/li>\n<li><strong>La publicaci\u00f3 del 15 F\u00f2rum,<\/strong> en la que es pot consultar el resum del 25 treballs de Recerca escollits pel professorat dels propis centres educatius, per participar per participar al f\u00f2rum. En aquesta\u00a0<a href=\"https:\/\/drive.google.com\/file\/d\/1gINibYKxh1CiktI3sf3Kjy_IFdR5hYd6\/view?usp=sharing\" target=\"_blank\" rel=\"noopener noreferrer\">publicaci\u00f3<\/a>\u00a0\u00a0tamb\u00e9 s\u2019hi exposen les llistes, per centre i per tem\u00e0tica,\u00a0 de tots els Treballs de Recerca realitzats per l\u2019alumnat de segon de Batxillerat de la zona, aquest curs 2020-2021.<\/li>\n<\/ul>\n<p>Els organitzadors del 15\u00e8 F\u00f2rum de Treballs de Recerca a m\u00e9s de recon\u00e8ixer la feina d\u2019investigaci\u00f3 i l\u2019esfor\u00e7 que ha fet l\u2019alumnat en la realitzaci\u00f3 dels treballs volem agrair\u00a0 el comprom\u00eds i la dedicaci\u00f3 del professorat en tutoritzar els treballs de recerca de l\u2019alumnat i la seva col\u00b7laboraci\u00f3 en el desenvolupament del F\u00f2rum.<\/p>\n<p><strong>Esperem que en gaudiu!<\/strong><\/p>\n<div style=\"width: 100%;\">\n<div style=\"position: relative; padding-bottom: 56.25%; padding-top: 0; height: 0;\"><iframe loading=\"lazy\" src=\"https:\/\/view.genial.ly\/606d948a73874d0d0dcdba85\" width=\"1200\" height=\"675\" frameborder=\"0\" data-mce-fragment=\"1\"><\/iframe><\/div>\n<\/div>\n","protected":false},"excerpt":{"rendered":"<p>La convocat\u00f2ria del F\u00f2rum de Treballs de Recerca arriba enguany a la seva quinzena edici\u00f3, amb la pretensi\u00f3 de difondre una petita mostra dels treballs de recerca realitzats per l\u2019alumnat de batxillerat de Molins de Rei i Sant Feliu de Llobregat. El F\u00f2rum \u00e9s una activitat organitzada pel Centre de Recursos Pedag\u00f2gics del Baix Llobregat [&hellip;]<\/p>\n","protected":false},"author":10,"featured_media":4168,"comment_status":"open","ping_status":"closed","sticky":false,"template":"","format":"standard","meta":{"_bbp_topic_count":0,"_bbp_reply_count":0,"_bbp_total_topic_count":0,"_bbp_total_reply_count":0,"_bbp_voice_count":0,"_bbp_anonymous_reply_count":0,"_bbp_topic_count_hidden":0,"_bbp_reply_count_hidden":0,"_bbp_forum_subforum_count":0,"site-sidebar-layout":"default","site-content-layout":"","ast-site-content-layout":"","site-content-style":"default","site-sidebar-style":"default","ast-global-header-display":"","ast-banner-title-visibility":"","ast-main-header-display":"","ast-hfb-above-header-display":"","ast-hfb-below-header-display":"","ast-hfb-mobile-header-display":"","site-post-title":"","ast-breadcrumbs-content":"","ast-featured-img":"","footer-sml-layout":"","theme-transparent-header-meta":"","adv-header-id-meta":"","stick-header-meta":"","header-above-stick-meta":"","header-main-stick-meta":"","header-below-stick-meta":"","astra-migrate-meta-layouts":"default","ast-page-background-enabled":"default","ast-page-background-meta":{"desktop":{"background-color":"var(--ast-global-color-4)","background-image":"","background-repeat":"repeat","background-position":"center center","background-size":"auto","background-attachment":"scroll","background-type":"","background-media":"","overlay-type":"","overlay-color":"","overlay-opacity":"","overlay-gradient":""},"tablet":{"background-color":"","background-image":"","background-repeat":"repeat","background-position":"center center","background-size":"auto","background-attachment":"scroll","background-type":"","background-media":"","overlay-type":"","overlay-color":"","overlay-opacity":"","overlay-gradient":""},"mobile":{"background-color":"","background-image":"","background-repeat":"repeat","background-position":"center center","background-size":"auto","background-attachment":"scroll","background-type":"","background-media":"","overlay-type":"","overlay-color":"","overlay-opacity":"","overlay-gradient":""}},"ast-content-background-meta":{"desktop":{"background-color":"var(--ast-global-color-5)","background-image":"","background-repeat":"repeat","background-position":"center center","background-size":"auto","background-attachment":"scroll","background-type":"","background-media":"","overlay-type":"","overlay-color":"","overlay-opacity":"","overlay-gradient":""},"tablet":{"background-color":"var(--ast-global-color-5)","background-image":"","background-repeat":"repeat","background-position":"center center","background-size":"auto","background-attachment":"scroll","background-type":"","background-media":"","overlay-type":"","overlay-color":"","overlay-opacity":"","overlay-gradient":""},"mobile":{"background-color":"var(--ast-global-color-5)","background-image":"","background-repeat":"repeat","background-position":"center center","background-size":"auto","background-attachment":"scroll","background-type":"","background-media":"","overlay-type":"","overlay-color":"","overlay-opacity":"","overlay-gradient":""}},"footnotes":""},"categories":[65,66,70,29],"tags":[187],"class_list":["post-4154","post","type-post","status-publish","format-standard","has-post-thumbnail","hentry","category-crp","category-dinamitzacio","category-forum-tr","category-portada","tag-treballs-de-recerca"],"post_mailing_queue_ids":[],"_links":{"self":[{"href":"https:\/\/serveiseducatius.xtec.cat\/baixllobregat1\/wp-json\/wp\/v2\/posts\/4154","targetHints":{"allow":["GET"]}}],"collection":[{"href":"https:\/\/serveiseducatius.xtec.cat\/baixllobregat1\/wp-json\/wp\/v2\/posts"}],"about":[{"href":"https:\/\/serveiseducatius.xtec.cat\/baixllobregat1\/wp-json\/wp\/v2\/types\/post"}],"author":[{"embeddable":true,"href":"https:\/\/serveiseducatius.xtec.cat\/baixllobregat1\/wp-json\/wp\/v2\/users\/10"}],"replies":[{"embeddable":true,"href":"https:\/\/serveiseducatius.xtec.cat\/baixllobregat1\/wp-json\/wp\/v2\/comments?post=4154"}],"version-history":[{"count":3,"href":"https:\/\/serveiseducatius.xtec.cat\/baixllobregat1\/wp-json\/wp\/v2\/posts\/4154\/revisions"}],"predecessor-version":[{"id":4170,"href":"https:\/\/serveiseducatius.xtec.cat\/baixllobregat1\/wp-json\/wp\/v2\/posts\/4154\/revisions\/4170"}],"wp:featuredmedia":[{"embeddable":true,"href":"https:\/\/serveiseducatius.xtec.cat\/baixllobregat1\/wp-json\/wp\/v2\/media\/4168"}],"wp:attachment":[{"href":"https:\/\/serveiseducatius.xtec.cat\/baixllobregat1\/wp-json\/wp\/v2\/media?parent=4154"}],"wp:term":[{"taxonomy":"category","embeddable":true,"href":"https:\/\/serveiseducatius.xtec.cat\/baixllobregat1\/wp-json\/wp\/v2\/categories?post=4154"},{"taxonomy":"post_tag","embeddable":true,"href":"https:\/\/serveiseducatius.xtec.cat\/baixllobregat1\/wp-json\/wp\/v2\/tags?post=4154"}],"curies":[{"name":"wp","href":"https:\/\/api.w.org\/{rel}","templated":true}]}}