{"id":3944,"date":"2020-09-23T15:54:32","date_gmt":"2020-09-23T13:54:32","guid":{"rendered":"http:\/\/serveiseducatius.xtec.cat\/baixllobregat1\/?p=3944"},"modified":"2021-01-11T16:06:22","modified_gmt":"2021-01-11T15:06:22","slug":"14e-forum-de-treballs-de-recerca-de-sant-feliu-de-llobregat-el-papiol-i-molins-de-rei-2020-primer-any-de-la-pandemia-de-la-covid-19","status":"publish","type":"post","link":"https:\/\/serveiseducatius.xtec.cat\/baixllobregat1\/portada\/14e-forum-de-treballs-de-recerca-de-sant-feliu-de-llobregat-el-papiol-i-molins-de-rei-2020-primer-any-de-la-pandemia-de-la-covid-19\/","title":{"rendered":"14\u00e8 F\u00f2rum de Treballs de Recerca de Sant Feliu de Llobregat, El Papiol i Molins de Rei  2020 (Primer any de la pand\u00e8mia de la COVID-19)"},"content":{"rendered":"<p><img loading=\"lazy\" decoding=\"async\" class=\"alignleft wp-image-3946\" src=\"https:\/\/serveiseducatius.xtec.cat\/baixllobregat1\/wp-content\/uploads\/usu767\/2021\/01\/14_F\u00f2rum-300x277.jpg\" alt=\"\" width=\"173\" height=\"160\" \/>El F\u00f2rum de Treballs de Recerca \u00e9s una activitat en la que hi participen els alumnes dels centres que imparteixen Batxillerat de Molins de Rei i Sant Feliu de Llobregat,\u00a0 i \u00e9s organitzada pel Centre de Recursos Pedag\u00f2gics del Baix Llobregat 1, del Departament d\u2019Educaci\u00f3 de la Generalitat de Catalunya, amb la col\u00b7laboraci\u00f3 dels Ajuntaments d\u2019El Papiol, Molins de Rei i Sant Feliu de Llobregat.<\/p>\n<p>Seguint les instruccions de les autoritats sanit\u00e0ries, a causa de la pand\u00e8mia del COVID-19, tot i que ja estava tota la feina feta i la tasca del Jurat acabada, es va haver de suspendre l\u2019acte de celebraci\u00f3 del 14\u00a0 f\u00f2rum, i les propostes alternatives\u00a0 que es van dissenyar. Tot i aix\u00ed, en aquest espai, volem deixar const\u00e0ncia de la feina realitzada pels alumnes, i el seu professorat.<\/p>\n<p>El curs 2019-2020 al f\u00f2rum hi han participat 24 treballs de Recerca escollits pel professorat dels propis centres educatius. Un resum d\u2019aquest treballs es pot consultar a la\u00a0<a href=\"https:\/\/drive.google.com\/file\/d\/1-qPZbBgvDtDmysxmQs2jA3ujyLT-d9Co\/view?usp=sharing\" target=\"_blank\" rel=\"noopener noreferrer\">publicaci\u00f3<\/a>\u00a0que s\u2019ha editat amb motiu del F\u00f2rum. En aquesta\u00a0<a href=\"https:\/\/drive.google.com\/file\/d\/1-qPZbBgvDtDmysxmQs2jA3ujyLT-d9Co\/view?usp=sharing\" target=\"_blank\" rel=\"noopener noreferrer\">publicaci\u00f3<\/a>\u00a0\u00a0tamb\u00e9 s\u2019hi exposen els llistats de tots els Treballs de Recerca realitzats per l\u2019alumnat de segon de Batxillerat de la zona aquest curs 2019-2020. Les llistes es poden consultar per centre i per tem\u00e0tica.<\/p>\n<p>Els organitzadors del 14\u00e8 F\u00f2rum de Treballs de Recerca a m\u00e9s de recon\u00e8ixer la feina d\u2019investigaci\u00f3 i l\u2019esfor\u00e7 que ha fet l\u2019alumnat en la realitzaci\u00f3 dels treballs de recerca volem agrair\u00a0 el comprom\u00eds i la dedicaci\u00f3 del professorat en tutoritzar els treballs de recerca de l\u2019alumnat i la seva col\u00b7laboraci\u00f3 amb l\u2019organitzaci\u00f3 del F\u00f2rum.<\/p>\n<p><a href=\"https:\/\/drive.google.com\/file\/d\/1-qPZbBgvDtDmysxmQs2jA3ujyLT-d9Co\/view?usp=sharing\" target=\"_blank\" rel=\"noopener noreferrer\"><img loading=\"lazy\" decoding=\"async\" class=\"aligncenter wp-image-3945 size-medium\" src=\"https:\/\/serveiseducatius.xtec.cat\/baixllobregat1\/wp-content\/uploads\/usu767\/2021\/01\/publicacio-215x300.jpg\" alt=\"\" width=\"215\" height=\"300\" srcset=\"https:\/\/serveiseducatius.xtec.cat\/baixllobregat1\/wp-content\/uploads\/usu767\/2021\/01\/publicacio-215x300.jpg 215w, https:\/\/serveiseducatius.xtec.cat\/baixllobregat1\/wp-content\/uploads\/usu767\/2021\/01\/publicacio.jpg 414w\" sizes=\"auto, (max-width: 215px) 100vw, 215px\" \/><\/a><\/p>\n<p style=\"text-align: center;\"><a href=\"https:\/\/drive.google.com\/file\/d\/1-qPZbBgvDtDmysxmQs2jA3ujyLT-d9Co\/view?usp=sharing\" target=\"_blank\" rel=\"noopener noreferrer\">Publicaci\u00f3 del 14\u00e8 F\u00f2rum de TR<\/a><\/p>\n","protected":false},"excerpt":{"rendered":"<p>El F\u00f2rum de Treballs de Recerca \u00e9s una activitat en la que hi participen els alumnes dels centres que imparteixen Batxillerat de Molins de Rei i Sant Feliu de Llobregat,\u00a0 i \u00e9s organitzada pel Centre de Recursos Pedag\u00f2gics del Baix Llobregat 1, del Departament d\u2019Educaci\u00f3 de la Generalitat de Catalunya, amb la col\u00b7laboraci\u00f3 dels Ajuntaments [&hellip;]<\/p>\n","protected":false},"author":10,"featured_media":3946,"comment_status":"open","ping_status":"closed","sticky":false,"template":"","format":"standard","meta":{"_bbp_topic_count":0,"_bbp_reply_count":0,"_bbp_total_topic_count":0,"_bbp_total_reply_count":0,"_bbp_voice_count":0,"_bbp_anonymous_reply_count":0,"_bbp_topic_count_hidden":0,"_bbp_reply_count_hidden":0,"_bbp_forum_subforum_count":0,"site-sidebar-layout":"default","site-content-layout":"","ast-site-content-layout":"","site-content-style":"default","site-sidebar-style":"default","ast-global-header-display":"","ast-banner-title-visibility":"","ast-main-header-display":"","ast-hfb-above-header-display":"","ast-hfb-below-header-display":"","ast-hfb-mobile-header-display":"","site-post-title":"","ast-breadcrumbs-content":"","ast-featured-img":"","footer-sml-layout":"","theme-transparent-header-meta":"","adv-header-id-meta":"","stick-header-meta":"","header-above-stick-meta":"","header-main-stick-meta":"","header-below-stick-meta":"","astra-migrate-meta-layouts":"default","ast-page-background-enabled":"default","ast-page-background-meta":{"desktop":{"background-color":"var(--ast-global-color-4)","background-image":"","background-repeat":"repeat","background-position":"center center","background-size":"auto","background-attachment":"scroll","background-type":"","background-media":"","overlay-type":"","overlay-color":"","overlay-opacity":"","overlay-gradient":""},"tablet":{"background-color":"","background-image":"","background-repeat":"repeat","background-position":"center center","background-size":"auto","background-attachment":"scroll","background-type":"","background-media":"","overlay-type":"","overlay-color":"","overlay-opacity":"","overlay-gradient":""},"mobile":{"background-color":"","background-image":"","background-repeat":"repeat","background-position":"center center","background-size":"auto","background-attachment":"scroll","background-type":"","background-media":"","overlay-type":"","overlay-color":"","overlay-opacity":"","overlay-gradient":""}},"ast-content-background-meta":{"desktop":{"background-color":"var(--ast-global-color-5)","background-image":"","background-repeat":"repeat","background-position":"center center","background-size":"auto","background-attachment":"scroll","background-type":"","background-media":"","overlay-type":"","overlay-color":"","overlay-opacity":"","overlay-gradient":""},"tablet":{"background-color":"var(--ast-global-color-5)","background-image":"","background-repeat":"repeat","background-position":"center center","background-size":"auto","background-attachment":"scroll","background-type":"","background-media":"","overlay-type":"","overlay-color":"","overlay-opacity":"","overlay-gradient":""},"mobile":{"background-color":"var(--ast-global-color-5)","background-image":"","background-repeat":"repeat","background-position":"center center","background-size":"auto","background-attachment":"scroll","background-type":"","background-media":"","overlay-type":"","overlay-color":"","overlay-opacity":"","overlay-gradient":""}},"footnotes":""},"categories":[65,66,70,29],"tags":[187],"class_list":["post-3944","post","type-post","status-publish","format-standard","has-post-thumbnail","hentry","category-crp","category-dinamitzacio","category-forum-tr","category-portada","tag-treballs-de-recerca"],"post_mailing_queue_ids":[],"_links":{"self":[{"href":"https:\/\/serveiseducatius.xtec.cat\/baixllobregat1\/wp-json\/wp\/v2\/posts\/3944","targetHints":{"allow":["GET"]}}],"collection":[{"href":"https:\/\/serveiseducatius.xtec.cat\/baixllobregat1\/wp-json\/wp\/v2\/posts"}],"about":[{"href":"https:\/\/serveiseducatius.xtec.cat\/baixllobregat1\/wp-json\/wp\/v2\/types\/post"}],"author":[{"embeddable":true,"href":"https:\/\/serveiseducatius.xtec.cat\/baixllobregat1\/wp-json\/wp\/v2\/users\/10"}],"replies":[{"embeddable":true,"href":"https:\/\/serveiseducatius.xtec.cat\/baixllobregat1\/wp-json\/wp\/v2\/comments?post=3944"}],"version-history":[{"count":2,"href":"https:\/\/serveiseducatius.xtec.cat\/baixllobregat1\/wp-json\/wp\/v2\/posts\/3944\/revisions"}],"predecessor-version":[{"id":3948,"href":"https:\/\/serveiseducatius.xtec.cat\/baixllobregat1\/wp-json\/wp\/v2\/posts\/3944\/revisions\/3948"}],"wp:featuredmedia":[{"embeddable":true,"href":"https:\/\/serveiseducatius.xtec.cat\/baixllobregat1\/wp-json\/wp\/v2\/media\/3946"}],"wp:attachment":[{"href":"https:\/\/serveiseducatius.xtec.cat\/baixllobregat1\/wp-json\/wp\/v2\/media?parent=3944"}],"wp:term":[{"taxonomy":"category","embeddable":true,"href":"https:\/\/serveiseducatius.xtec.cat\/baixllobregat1\/wp-json\/wp\/v2\/categories?post=3944"},{"taxonomy":"post_tag","embeddable":true,"href":"https:\/\/serveiseducatius.xtec.cat\/baixllobregat1\/wp-json\/wp\/v2\/tags?post=3944"}],"curies":[{"name":"wp","href":"https:\/\/api.w.org\/{rel}","templated":true}]}}