{"id":3154,"date":"2019-04-09T12:29:37","date_gmt":"2019-04-09T10:29:37","guid":{"rendered":"http:\/\/serveiseducatius.xtec.cat\/baixllobregat1\/?p=3154"},"modified":"2019-04-10T15:25:04","modified_gmt":"2019-04-10T13:25:04","slug":"13e-forum-de-treballs-de-recerca-de-sant-feliu-de-llobregat-el-papiol-i-molins-de-rei","status":"publish","type":"post","link":"https:\/\/serveiseducatius.xtec.cat\/baixllobregat1\/portada\/13e-forum-de-treballs-de-recerca-de-sant-feliu-de-llobregat-el-papiol-i-molins-de-rei\/","title":{"rendered":"13\u00e8 F\u00f2rum de Treballs de Recerca de Sant Feliu de Llobregat, El Papiol i Molins de Rei"},"content":{"rendered":"<p style=\"text-align: justify;\"><img loading=\"lazy\" decoding=\"async\" class=\"wp-image-3158 alignright\" src=\"https:\/\/serveiseducatius.xtec.cat\/baixllobregat1\/wp-content\/uploads\/usu767\/2019\/04\/grup2-300x158.jpg\" alt=\"\" width=\"457\" height=\"241\" srcset=\"https:\/\/serveiseducatius.xtec.cat\/baixllobregat1\/wp-content\/uploads\/usu767\/2019\/04\/grup2-300x158.jpg 300w, https:\/\/serveiseducatius.xtec.cat\/baixllobregat1\/wp-content\/uploads\/usu767\/2019\/04\/grup2-768x405.jpg 768w, https:\/\/serveiseducatius.xtec.cat\/baixllobregat1\/wp-content\/uploads\/usu767\/2019\/04\/grup2-1024x540.jpg 1024w\" sizes=\"auto, (max-width: 457px) 100vw, 457px\" \/><img loading=\"lazy\" decoding=\"async\" class=\"wp-image-3157 alignleft\" src=\"https:\/\/serveiseducatius.xtec.cat\/baixllobregat1\/wp-content\/uploads\/usu767\/2019\/04\/13_F\u00f2rum-150x150.jpg\" alt=\"\" width=\"165\" height=\"165\" \/>El 3 d\u2019abril de 2019 s\u2019ha celebrat a Sant Feliu de Llobregat el\u00a0 13\u00e8 F\u00f2rum de Treballs de Recerca de Sant Feliu de Llobregat, El Papiol i Molins de Rei<\/p>\n<p style=\"text-align: justify;\">El F\u00f2rum \u00e9s una activitat en la que hi participen els alumnes dels centres que imparteixen Batxillerat de Molins de Rei i Sant Feliu de Llobregat,\u00a0 i \u00e9s organitzada pel Centre de Recursos Pedag\u00f2gics del Baix Llobregat 1, del Departament d\u2019Educaci\u00f3 de la Generalitat de Catalunya, amb la col\u00b7laboraci\u00f3 dels Ajuntaments d\u2019El Papiol, Molins de Rei i Sant Feliu de Llobregat.<\/p>\n<p style=\"text-align: justify;\">Al f\u00f2rum hi han participat 24 treballs de Recerca escollits pel professorat dels propis centres educatius. Un resum d\u2019aquest treballs es pot consultar a la<a href=\"https:\/\/drive.google.com\/file\/d\/1P0OAe1283UDnGvczvjQqeR3liBZC1aU1\/view?usp=sharing\" target=\"_blank\" rel=\"noopener\"> publicaci\u00f3<\/a> que s\u2019ha editat amb motiu del F\u00f2rum. En aquesta<a href=\"https:\/\/drive.google.com\/file\/d\/1P0OAe1283UDnGvczvjQqeR3liBZC1aU1\/view?usp=sharing\" target=\"_blank\" rel=\"noopener\"> publicaci\u00f3 <\/a>\u00a0tamb\u00e9 s\u2019hi exposen els llistats de tots els Treballs de Recerca realitzats per l\u2019alumnat de segon de Batxillerat de la zona aquest curs 2018-2019. Les llistes es poden consultar per centre i per tem\u00e0tiques.<\/p>\n<p style=\"text-align: justify;\">A l\u2019acte del 13\u00e8 F\u00f2rum de TR s\u2019ha desenvolupat segons el previst al <a href=\"https:\/\/drive.google.com\/file\/d\/1vVy_EBLOhBfJchWtqzPOOg2-qJ3TBIFA\/view?usp=sharing\" target=\"_blank\" rel=\"noopener\">programa<\/a>, s\u2019hi han exposat els 8 treballs, un de cada centre, \u00a0que han obtingut una <a href=\"https:\/\/drive.google.com\/file\/d\/1B4NZakRhMPw68mHvHLeBdp7yTGHPm2P1\/view?usp=sharing\" target=\"_blank\" rel=\"noopener\">menci\u00f3 especial del Jurat<\/a> i per tant han estat seleccionats per ser presentats.<\/p>\n<p style=\"text-align: justify;\">El mateix dia 3 d\u2019abril el Jurat ha atorgat <a href=\"https:\/\/drive.google.com\/file\/d\/1ypTCvqaPBJgKURdyD516OJAGw5HxRdH3\/view?usp=sharing\" target=\"_blank\" rel=\"noopener\">tres reconeixements especials <\/a>a tres alumnes pel seu treball.<\/p>\n<p style=\"text-align: justify;\">Els organitzadors del 13\u00e8 F\u00f2rum de Treballs de Recerca a m\u00e9s de recon\u00e8ixer la feina d\u2019investigaci\u00f3 i l\u2019esfor\u00e7 que ha fet l\u2019alumnat en la realitzaci\u00f3 dels treballs de recerca volem agrair\u00a0 el comprom\u00eds i la dedicaci\u00f3 del professorat en tutoritzar els treballs de recerca de l\u2019alumnat i la seva col\u00b7laboraci\u00f3 en el desenvolupament del F\u00f2rum.<\/p>\n<table style=\"border-collapse: collapse; width: 93.2612%; height: 300px;\" border=\"0\">\n<tbody>\n<tr>\n<td style=\"width: 50%;\">\n<p style=\"text-align: center;\"><a href=\"https:\/\/photos.app.goo.gl\/Lukq5z56kPaNNkUs7\" target=\"_blank\" rel=\"noopener\"><strong>Reportatge fotogr\u00e0fic de l&#8217;acte del 13\u00e8 F\u00f2rum de TR<\/strong><\/a><\/p>\n<p><a href=\"https:\/\/photos.app.goo.gl\/Lukq5z56kPaNNkUs7\" target=\"_blank\" rel=\"noopener\"><img loading=\"lazy\" decoding=\"async\" class=\"wp-image-3161 aligncenter\" src=\"https:\/\/serveiseducatius.xtec.cat\/baixllobregat1\/wp-content\/uploads\/usu767\/2019\/04\/Reportatge-235x300.png\" alt=\"\" width=\"270\" height=\"345\" srcset=\"https:\/\/serveiseducatius.xtec.cat\/baixllobregat1\/wp-content\/uploads\/usu767\/2019\/04\/Reportatge-235x300.png 235w, https:\/\/serveiseducatius.xtec.cat\/baixllobregat1\/wp-content\/uploads\/usu767\/2019\/04\/Reportatge.png 378w\" sizes=\"auto, (max-width: 270px) 100vw, 270px\" \/><\/a><\/td>\n<td style=\"width: 50%;\"><strong>Documents enlla\u00e7ats:<\/strong><\/p>\n<table style=\"border-collapse: collapse; width: 73.5717%; height: 270px;\" border=\"0\">\n<tbody>\n<tr style=\"height: 77px;\">\n<td style=\"width: 50px; text-align: right; height: 77px;\"><a href=\"https:\/\/drive.google.com\/file\/d\/1P0OAe1283UDnGvczvjQqeR3liBZC1aU1\/view?usp=sharing\" target=\"_blank\" rel=\"noopener\"><img loading=\"lazy\" decoding=\"async\" class=\"size-full wp-image-3159 alignright\" src=\"https:\/\/serveiseducatius.xtec.cat\/baixllobregat1\/wp-content\/uploads\/usu767\/2019\/04\/pdf4.jpg\" alt=\"\" width=\"46\" height=\"52\" \/><\/a><\/td>\n<td style=\"height: 77px;\"><a href=\"https:\/\/drive.google.com\/file\/d\/1P0OAe1283UDnGvczvjQqeR3liBZC1aU1\/view?usp=sharing\" target=\"_blank\" rel=\"noopener\">Publicaci\u00f3 del 13\u00e8 F\u00f2rum TR<\/a><\/td>\n<\/tr>\n<tr style=\"height: 68px;\">\n<td style=\"width: 50px; text-align: right; height: 68px;\"><a href=\"https:\/\/drive.google.com\/file\/d\/1vVy_EBLOhBfJchWtqzPOOg2-qJ3TBIFA\/view?usp=sharing\" target=\"_blank\" rel=\"noopener\"><img loading=\"lazy\" decoding=\"async\" class=\"size-full wp-image-3159\" src=\"https:\/\/serveiseducatius.xtec.cat\/baixllobregat1\/wp-content\/uploads\/usu767\/2019\/04\/pdf4.jpg\" alt=\"\" width=\"46\" height=\"52\" \/><\/a><\/td>\n<td style=\"width: 274px; height: 68px;\"><a href=\"https:\/\/drive.google.com\/file\/d\/1vVy_EBLOhBfJchWtqzPOOg2-qJ3TBIFA\/view?usp=sharing\" target=\"_blank\" rel=\"noopener\">D\u00edptic amb el programa de l\u2019acte.<\/a><\/td>\n<\/tr>\n<tr style=\"height: 68px;\">\n<td style=\"width: 50px; text-align: right; height: 68px;\"><a href=\"https:\/\/drive.google.com\/file\/d\/1B4NZakRhMPw68mHvHLeBdp7yTGHPm2P1\/view?usp=sharing\" target=\"_blank\" rel=\"noopener\"><img loading=\"lazy\" decoding=\"async\" class=\"size-full wp-image-3159\" src=\"https:\/\/serveiseducatius.xtec.cat\/baixllobregat1\/wp-content\/uploads\/usu767\/2019\/04\/pdf4.jpg\" alt=\"\" width=\"46\" height=\"52\" \/><\/a><\/td>\n<td style=\"width: 274px; height: 68px;\"><a href=\"https:\/\/drive.google.com\/file\/d\/1B4NZakRhMPw68mHvHLeBdp7yTGHPm2P1\/view?usp=sharing\" target=\"_blank\" rel=\"noopener\">Acta del Jurat<\/a><\/td>\n<\/tr>\n<tr style=\"height: 68px;\">\n<td style=\"width: 50px; text-align: right; height: 68px;\"><img loading=\"lazy\" decoding=\"async\" class=\"size-full wp-image-3159\" src=\"https:\/\/serveiseducatius.xtec.cat\/baixllobregat1\/wp-content\/uploads\/usu767\/2019\/04\/pdf4.jpg\" alt=\"\" width=\"46\" height=\"52\" \/><\/td>\n<td style=\"width: 274px; height: 68px;\"><a href=\"https:\/\/drive.google.com\/file\/d\/1ypTCvqaPBJgKURdyD516OJAGw5HxRdH3\/view?usp=sharing\" target=\"_blank\" rel=\"noopener\">Resoluci\u00f3 dels reconeixements especials<\/a><\/td>\n<\/tr>\n<\/tbody>\n<\/table>\n<\/td>\n<\/tr>\n<\/tbody>\n<\/table>\n","protected":false},"excerpt":{"rendered":"<p>El 3 d\u2019abril de 2019 s\u2019ha celebrat a Sant Feliu de Llobregat el\u00a0 13\u00e8 F\u00f2rum de Treballs de Recerca de Sant Feliu de Llobregat, El Papiol i Molins de Rei El F\u00f2rum \u00e9s una activitat en la que hi participen els alumnes dels centres que imparteixen Batxillerat de Molins de Rei i Sant Feliu de [&hellip;]<\/p>\n","protected":false},"author":10,"featured_media":3172,"comment_status":"open","ping_status":"closed","sticky":false,"template":"","format":"standard","meta":{"_bbp_topic_count":0,"_bbp_reply_count":0,"_bbp_total_topic_count":0,"_bbp_total_reply_count":0,"_bbp_voice_count":0,"_bbp_anonymous_reply_count":0,"_bbp_topic_count_hidden":0,"_bbp_reply_count_hidden":0,"_bbp_forum_subforum_count":0,"site-sidebar-layout":"default","site-content-layout":"","ast-site-content-layout":"","site-content-style":"default","site-sidebar-style":"default","ast-global-header-display":"","ast-banner-title-visibility":"","ast-main-header-display":"","ast-hfb-above-header-display":"","ast-hfb-below-header-display":"","ast-hfb-mobile-header-display":"","site-post-title":"","ast-breadcrumbs-content":"","ast-featured-img":"","footer-sml-layout":"","theme-transparent-header-meta":"","adv-header-id-meta":"","stick-header-meta":"","header-above-stick-meta":"","header-main-stick-meta":"","header-below-stick-meta":"","astra-migrate-meta-layouts":"default","ast-page-background-enabled":"default","ast-page-background-meta":{"desktop":{"background-color":"var(--ast-global-color-4)","background-image":"","background-repeat":"repeat","background-position":"center center","background-size":"auto","background-attachment":"scroll","background-type":"","background-media":"","overlay-type":"","overlay-color":"","overlay-opacity":"","overlay-gradient":""},"tablet":{"background-color":"","background-image":"","background-repeat":"repeat","background-position":"center center","background-size":"auto","background-attachment":"scroll","background-type":"","background-media":"","overlay-type":"","overlay-color":"","overlay-opacity":"","overlay-gradient":""},"mobile":{"background-color":"","background-image":"","background-repeat":"repeat","background-position":"center center","background-size":"auto","background-attachment":"scroll","background-type":"","background-media":"","overlay-type":"","overlay-color":"","overlay-opacity":"","overlay-gradient":""}},"ast-content-background-meta":{"desktop":{"background-color":"var(--ast-global-color-5)","background-image":"","background-repeat":"repeat","background-position":"center center","background-size":"auto","background-attachment":"scroll","background-type":"","background-media":"","overlay-type":"","overlay-color":"","overlay-opacity":"","overlay-gradient":""},"tablet":{"background-color":"var(--ast-global-color-5)","background-image":"","background-repeat":"repeat","background-position":"center center","background-size":"auto","background-attachment":"scroll","background-type":"","background-media":"","overlay-type":"","overlay-color":"","overlay-opacity":"","overlay-gradient":""},"mobile":{"background-color":"var(--ast-global-color-5)","background-image":"","background-repeat":"repeat","background-position":"center center","background-size":"auto","background-attachment":"scroll","background-type":"","background-media":"","overlay-type":"","overlay-color":"","overlay-opacity":"","overlay-gradient":""}},"footnotes":""},"categories":[65,66,70,29],"tags":[187],"class_list":["post-3154","post","type-post","status-publish","format-standard","has-post-thumbnail","hentry","category-crp","category-dinamitzacio","category-forum-tr","category-portada","tag-treballs-de-recerca"],"post_mailing_queue_ids":[],"_links":{"self":[{"href":"https:\/\/serveiseducatius.xtec.cat\/baixllobregat1\/wp-json\/wp\/v2\/posts\/3154","targetHints":{"allow":["GET"]}}],"collection":[{"href":"https:\/\/serveiseducatius.xtec.cat\/baixllobregat1\/wp-json\/wp\/v2\/posts"}],"about":[{"href":"https:\/\/serveiseducatius.xtec.cat\/baixllobregat1\/wp-json\/wp\/v2\/types\/post"}],"author":[{"embeddable":true,"href":"https:\/\/serveiseducatius.xtec.cat\/baixllobregat1\/wp-json\/wp\/v2\/users\/10"}],"replies":[{"embeddable":true,"href":"https:\/\/serveiseducatius.xtec.cat\/baixllobregat1\/wp-json\/wp\/v2\/comments?post=3154"}],"version-history":[{"count":4,"href":"https:\/\/serveiseducatius.xtec.cat\/baixllobregat1\/wp-json\/wp\/v2\/posts\/3154\/revisions"}],"predecessor-version":[{"id":3224,"href":"https:\/\/serveiseducatius.xtec.cat\/baixllobregat1\/wp-json\/wp\/v2\/posts\/3154\/revisions\/3224"}],"wp:featuredmedia":[{"embeddable":true,"href":"https:\/\/serveiseducatius.xtec.cat\/baixllobregat1\/wp-json\/wp\/v2\/media\/3172"}],"wp:attachment":[{"href":"https:\/\/serveiseducatius.xtec.cat\/baixllobregat1\/wp-json\/wp\/v2\/media?parent=3154"}],"wp:term":[{"taxonomy":"category","embeddable":true,"href":"https:\/\/serveiseducatius.xtec.cat\/baixllobregat1\/wp-json\/wp\/v2\/categories?post=3154"},{"taxonomy":"post_tag","embeddable":true,"href":"https:\/\/serveiseducatius.xtec.cat\/baixllobregat1\/wp-json\/wp\/v2\/tags?post=3154"}],"curies":[{"name":"wp","href":"https:\/\/api.w.org\/{rel}","templated":true}]}}