{"id":2448,"date":"2017-09-19T09:39:28","date_gmt":"2017-09-19T07:39:28","guid":{"rendered":"http:\/\/serveiseducatius.xtec.cat\/baixllobregat1\/?p=2448"},"modified":"2017-11-14T16:03:11","modified_gmt":"2017-11-14T15:03:11","slug":"us-convidem-a-visitar-la-seu-del-parlament-de-catalunya-i-coneixer-ne-la-seva-potencialitat-educativa","status":"publish","type":"post","link":"https:\/\/serveiseducatius.xtec.cat\/baixllobregat1\/portada\/us-convidem-a-visitar-la-seu-del-parlament-de-catalunya-i-coneixer-ne-la-seva-potencialitat-educativa\/","title":{"rendered":"Us convidem a visitar la seu del Parlament de Catalunya, i con\u00e8ixer-ne la seva potencialitat educativa."},"content":{"rendered":"<header class=\"entry-header\">\n<pre class=\"entry-title\"><a href=\"http:\/\/serveiseducatius.xtec.cat\/baixllobregat6\/author\/admin\/\">Redacci\u00f3<\/a><span class=\"entry-date\">18\/09\/17 \u00a0\r\n<\/span><\/pre>\n<\/header>\n<div class=\"entry-content\">\n<p><img loading=\"lazy\" decoding=\"async\" class=\"alignnone size-full wp-image-2449\" src=\"http:\/\/serveiseducatius.xtec.cat\/baixllobregat1\/wp-content\/uploads\/usu767\/2017\/09\/1parlamentportada.png\" alt=\"\" width=\"899\" height=\"381\" srcset=\"https:\/\/serveiseducatius.xtec.cat\/baixllobregat1\/wp-content\/uploads\/usu767\/2017\/09\/1parlamentportada.png 899w, https:\/\/serveiseducatius.xtec.cat\/baixllobregat1\/wp-content\/uploads\/usu767\/2017\/09\/1parlamentportada-300x127.png 300w, https:\/\/serveiseducatius.xtec.cat\/baixllobregat1\/wp-content\/uploads\/usu767\/2017\/09\/1parlamentportada-768x325.png 768w\" sizes=\"auto, (max-width: 899px) 100vw, 899px\" \/><\/p>\n<p>La xarxa de centres de recursos pedag\u00f2gics dels serveis territorials del Departament d\u2019Ensenyament al Baix Llobregat, ha organitzat una sessi\u00f3 de treball al\u00a0<strong><a href=\"https:\/\/www.parlament.cat\/\" target=\"_blank\" rel=\"noopener noreferrer\">Parlament de Catalunya<\/a>\u00a0<\/strong>adre\u00e7ada a les direccions de centre educatius no universitaris i altres agents educatius (t\u00e8cnics municipals, personal dels serveis educatius, de la inspecci\u00f3 educativa\u2026)<strong>.<br \/>\n<\/strong><br \/>\nEn aquesta sessi\u00f3 es far\u00e0 una visita a les instal\u00b7lacions m\u00e9s emblem\u00e0tiques del Parlament i, despr\u00e9s d\u2019una breu pausa, es procedir\u00e0 a la presentaci\u00f3 del programa\u00a0<strong><em><a href=\"https:\/\/www.parlament.cat\/web\/serveis-educatius\/index.html\" target=\"_blank\" rel=\"noopener noreferrer\">Aula Parlament<\/a><\/em><\/strong>\u00a0que \u00e9s la plataforma participativa que aplega totes les activitats educatives i de difusi\u00f3 de diferents propostes de proximitat a la ciutadania d\u2019una de les institucions parlament\u00e0ries m\u00e9s antigues del m\u00f3n.<\/p>\n<p>Per a participar en aquesta sessi\u00f3 nom\u00e9s cal emplenar, abans del <strong>26 de setembre,\u00a0<\/strong>el formulari que tot seguit se us facilita a\u00a0i presentar-vos a les portes del\u00a0<strong>Parlament\u00a0<\/strong>(<a href=\"https:\/\/goo.gl\/maps\/uzpg7RAVq5Q2\" target=\"_blank\" rel=\"noopener noreferrer\">pr\u00e9mer aqu\u00ed per consultar-ne la localitzaci\u00f3<\/a>)\u00a0\u00a0el dia\u00a0<strong>28 de setembre a les 15:30h.<\/strong><\/p>\n<blockquote>\n<h5>&gt;\u00a0<a href=\"https:\/\/docs.google.com\/forms\/d\/e\/1FAIpQLSdu_CJZ217avnGR74bu7rhxM7CNvt6VM7oz1q-y1iGnGWZQ-A\/viewform\" target=\"_blank\" rel=\"noopener noreferrer\">Formulari d\u2019inscripci\u00f3<\/a><\/h5>\n<pre>Si a escala interna de centre l'assist\u00e8ncia de m\u00e9s d'una persona (especialment en el cas de l'Educaci\u00f3 secund\u00e0ria), no suposa un inconvenient organitzatiu irresoluble en la seva din\u00e0mica ordin\u00e0ria, podr\u00e0 inscriure-s'hi tamb\u00e9 mitjan\u00e7ant el mateix formulari.<\/pre>\n<\/blockquote>\n<\/div>\n","protected":false},"excerpt":{"rendered":"<p>Redacci\u00f318\/09\/17 \u00a0 La xarxa de centres de recursos pedag\u00f2gics dels serveis territorials del Departament d\u2019Ensenyament al Baix Llobregat, ha organitzat una sessi\u00f3 de treball al\u00a0Parlament de Catalunya\u00a0adre\u00e7ada a les direccions de centre educatius no universitaris i altres agents educatius (t\u00e8cnics municipals, personal dels serveis educatius, de la inspecci\u00f3 educativa\u2026). En aquesta sessi\u00f3 es far\u00e0 una [&hellip;]<\/p>\n","protected":false},"author":10,"featured_media":2449,"comment_status":"open","ping_status":"closed","sticky":false,"template":"","format":"standard","meta":{"_bbp_topic_count":0,"_bbp_reply_count":0,"_bbp_total_topic_count":0,"_bbp_total_reply_count":0,"_bbp_voice_count":0,"_bbp_anonymous_reply_count":0,"_bbp_topic_count_hidden":0,"_bbp_reply_count_hidden":0,"_bbp_forum_subforum_count":0,"site-sidebar-layout":"default","site-content-layout":"","ast-site-content-layout":"","site-content-style":"default","site-sidebar-style":"default","ast-global-header-display":"","ast-banner-title-visibility":"","ast-main-header-display":"","ast-hfb-above-header-display":"","ast-hfb-below-header-display":"","ast-hfb-mobile-header-display":"","site-post-title":"","ast-breadcrumbs-content":"","ast-featured-img":"","footer-sml-layout":"","theme-transparent-header-meta":"","adv-header-id-meta":"","stick-header-meta":"","header-above-stick-meta":"","header-main-stick-meta":"","header-below-stick-meta":"","astra-migrate-meta-layouts":"default","ast-page-background-enabled":"default","ast-page-background-meta":{"desktop":{"background-color":"var(--ast-global-color-4)","background-image":"","background-repeat":"repeat","background-position":"center center","background-size":"auto","background-attachment":"scroll","background-type":"","background-media":"","overlay-type":"","overlay-color":"","overlay-opacity":"","overlay-gradient":""},"tablet":{"background-color":"","background-image":"","background-repeat":"repeat","background-position":"center center","background-size":"auto","background-attachment":"scroll","background-type":"","background-media":"","overlay-type":"","overlay-color":"","overlay-opacity":"","overlay-gradient":""},"mobile":{"background-color":"","background-image":"","background-repeat":"repeat","background-position":"center center","background-size":"auto","background-attachment":"scroll","background-type":"","background-media":"","overlay-type":"","overlay-color":"","overlay-opacity":"","overlay-gradient":""}},"ast-content-background-meta":{"desktop":{"background-color":"var(--ast-global-color-5)","background-image":"","background-repeat":"repeat","background-position":"center center","background-size":"auto","background-attachment":"scroll","background-type":"","background-media":"","overlay-type":"","overlay-color":"","overlay-opacity":"","overlay-gradient":""},"tablet":{"background-color":"var(--ast-global-color-5)","background-image":"","background-repeat":"repeat","background-position":"center center","background-size":"auto","background-attachment":"scroll","background-type":"","background-media":"","overlay-type":"","overlay-color":"","overlay-opacity":"","overlay-gradient":""},"mobile":{"background-color":"var(--ast-global-color-5)","background-image":"","background-repeat":"repeat","background-position":"center center","background-size":"auto","background-attachment":"scroll","background-type":"","background-media":"","overlay-type":"","overlay-color":"","overlay-opacity":"","overlay-gradient":""}},"footnotes":""},"categories":[29],"tags":[],"class_list":["post-2448","post","type-post","status-publish","format-standard","has-post-thumbnail","hentry","category-portada"],"post_mailing_queue_ids":[],"_links":{"self":[{"href":"https:\/\/serveiseducatius.xtec.cat\/baixllobregat1\/wp-json\/wp\/v2\/posts\/2448","targetHints":{"allow":["GET"]}}],"collection":[{"href":"https:\/\/serveiseducatius.xtec.cat\/baixllobregat1\/wp-json\/wp\/v2\/posts"}],"about":[{"href":"https:\/\/serveiseducatius.xtec.cat\/baixllobregat1\/wp-json\/wp\/v2\/types\/post"}],"author":[{"embeddable":true,"href":"https:\/\/serveiseducatius.xtec.cat\/baixllobregat1\/wp-json\/wp\/v2\/users\/10"}],"replies":[{"embeddable":true,"href":"https:\/\/serveiseducatius.xtec.cat\/baixllobregat1\/wp-json\/wp\/v2\/comments?post=2448"}],"version-history":[{"count":3,"href":"https:\/\/serveiseducatius.xtec.cat\/baixllobregat1\/wp-json\/wp\/v2\/posts\/2448\/revisions"}],"predecessor-version":[{"id":2460,"href":"https:\/\/serveiseducatius.xtec.cat\/baixllobregat1\/wp-json\/wp\/v2\/posts\/2448\/revisions\/2460"}],"wp:featuredmedia":[{"embeddable":true,"href":"https:\/\/serveiseducatius.xtec.cat\/baixllobregat1\/wp-json\/wp\/v2\/media\/2449"}],"wp:attachment":[{"href":"https:\/\/serveiseducatius.xtec.cat\/baixllobregat1\/wp-json\/wp\/v2\/media?parent=2448"}],"wp:term":[{"taxonomy":"category","embeddable":true,"href":"https:\/\/serveiseducatius.xtec.cat\/baixllobregat1\/wp-json\/wp\/v2\/categories?post=2448"},{"taxonomy":"post_tag","embeddable":true,"href":"https:\/\/serveiseducatius.xtec.cat\/baixllobregat1\/wp-json\/wp\/v2\/tags?post=2448"}],"curies":[{"name":"wp","href":"https:\/\/api.w.org\/{rel}","templated":true}]}}