{"id":9502,"date":"2020-11-19T09:22:12","date_gmt":"2020-11-19T08:22:12","guid":{"rendered":"http:\/\/serveiseducatius.xtec.cat\/baixemporda\/?p=9502"},"modified":"2020-11-19T09:28:22","modified_gmt":"2020-11-19T08:28:22","slug":"guia-de-transversalitat-de-genere-en-els-processos-participatius","status":"publish","type":"post","link":"https:\/\/serveiseducatius.xtec.cat\/baixemporda\/general\/guia-de-transversalitat-de-genere-en-els-processos-participatius\/","title":{"rendered":"Guia de transversalitat de g\u00e8nere en els processos participatius"},"content":{"rendered":"<p><a href=\"https:\/\/serveiseducatius.xtec.cat\/baixemporda\/wp-content\/uploads\/usu1155\/2020\/11\/guia-genere.jpg\"><img loading=\"lazy\" decoding=\"async\" class=\"wp-image-9503 aligncenter\" src=\"https:\/\/serveiseducatius.xtec.cat\/baixemporda\/wp-content\/uploads\/usu1155\/2020\/11\/guia-genere-300x107.jpg\" alt=\"\" width=\"457\" height=\"163\" srcset=\"https:\/\/serveiseducatius.xtec.cat\/baixemporda\/wp-content\/uploads\/usu1155\/2020\/11\/guia-genere-300x107.jpg 300w, https:\/\/serveiseducatius.xtec.cat\/baixemporda\/wp-content\/uploads\/usu1155\/2020\/11\/guia-genere-768x273.jpg 768w, https:\/\/serveiseducatius.xtec.cat\/baixemporda\/wp-content\/uploads\/usu1155\/2020\/11\/guia-genere-1024x364.jpg 1024w, https:\/\/serveiseducatius.xtec.cat\/baixemporda\/wp-content\/uploads\/usu1155\/2020\/11\/guia-genere.jpg 1121w\" sizes=\"auto, (max-width: 457px) 100vw, 457px\" \/><\/a><\/p>\n<p>&nbsp;<\/p>\n<p style=\"font-weight: 400;\">El <strong>dijous 19 de novembre de 2020<\/strong>, es presenta la <a href=\"http:\/\/governobert.gencat.cat\/en\/detalls\/article\/article_guia-transversalitat?utm_source=participa.gencat.cat&amp;utm_campaign=newsletter_28\" data-saferedirecturl=\"https:\/\/www.google.com\/url?q=http:\/\/governobert.gencat.cat\/en\/detalls\/article\/article_guia-transversalitat?utm_source%3Dparticipa.gencat.cat%26utm_campaign%3Dnewsletter_28&amp;source=gmail&amp;ust=1605858330804000&amp;usg=AFQjCNFYB0jx9PBUkDl_t3lXsReXKUV9lA\">Guia de transversalitat de g\u00e8nere en els processos participatius<\/a>, que cont\u00e9 <strong>orientacions pr\u00e0ctiques<\/strong> per incorporar la perspectiva de g\u00e8nere en els debats p\u00fablics associats a les pol\u00edtiques p\u00fabliques.\u00a0La guia pret\u00e9n donar a con\u00e8ixer actuacions i estrat\u00e8gies per dissenyar processos deliberatius equitatius on tothom s\u2019hi trobi en peu d\u2019igualtat. L\u2019objectiu \u00e9s neutralitzar les relacions de poder presents a la societat gr\u00e0cies a pol\u00edtiques p\u00fabliques que incorporin les visions i necessitats espec\u00edfiques de les dones i impulsin la transformaci\u00f3 social gr\u00e0cies al seu apoderament.<\/p>\n<p style=\"font-weight: 400;\">La guia, que forma part de la col\u00b7lecci\u00f3\u00a0<a href=\"http:\/\/governobert.gencat.cat\/ca\/participacio-ciutadana\/difusio-i-recerca\/guies-breus-de-participacio-ciutadana\/?utm_source=participa.gencat.cat&amp;utm_campaign=newsletter_28\" data-saferedirecturl=\"https:\/\/www.google.com\/url?q=http:\/\/governobert.gencat.cat\/ca\/participacio-ciutadana\/difusio-i-recerca\/guies-breus-de-participacio-ciutadana\/?utm_source%3Dparticipa.gencat.cat%26utm_campaign%3Dnewsletter_28&amp;source=gmail&amp;ust=1605858330805000&amp;usg=AFQjCNH9lqCxHOzBzIgQauQNB1g9pySLAw\">Guies Breus de Participaci\u00f3 Ciutadana<\/a>, es va realitzar en el marc del\u00a0Pla de transversalitzaci\u00f3 de g\u00e8nere\u00a0que la Direcci\u00f3 General de Participaci\u00f3 Ciutadana i Processos Electorals va dur a terme l&#8217;any 2019 amb l\u2019acompanyament de la\u00a0<a href=\"https:\/\/www.surt.org\/?utm_source=participa.gencat.cat&amp;utm_campaign=newsletter_28\" data-saferedirecturl=\"https:\/\/www.google.com\/url?q=https:\/\/www.surt.org\/?utm_source%3Dparticipa.gencat.cat%26utm_campaign%3Dnewsletter_28&amp;source=gmail&amp;ust=1605858330805000&amp;usg=AFQjCNGTmtA7ld91y42rJ-NONG5m8lGlTw\">Fundaci\u00f3 SURT<\/a>. Aquest Pla va rebre una\u00a0<a href=\"https:\/\/oidp.net\/distinction\/es\/record03.2020.php?utm_source=participa.gencat.cat&amp;utm_campaign=newsletter_28\" data-saferedirecturl=\"https:\/\/www.google.com\/url?q=https:\/\/oidp.net\/distinction\/es\/record03.2020.php?utm_source%3Dparticipa.gencat.cat%26utm_campaign%3Dnewsletter_28&amp;source=gmail&amp;ust=1605858330805000&amp;usg=AFQjCNHyus3AXbjDPyFBjYFWdnkrjdorgQ\">menci\u00f3 especial<\/a>\u00a0en la\u00a0<a href=\"https:\/\/oidp.net\/distinction\/es\/index.php?utm_source=participa.gencat.cat&amp;utm_campaign=newsletter_28\" data-saferedirecturl=\"https:\/\/www.google.com\/url?q=https:\/\/oidp.net\/distinction\/es\/index.php?utm_source%3Dparticipa.gencat.cat%26utm_campaign%3Dnewsletter_28&amp;source=gmail&amp;ust=1605858330805000&amp;usg=AFQjCNFtSbplvOd3U0_3LOTHtFBbapKmpQ\">14a distinci\u00f3 OIDP<\/a>\u00a0\u201cBona Pr\u00e0ctica en la Participaci\u00f3 Ciutadana\u201d.<\/p>\n<p style=\"font-weight: 400;\">La presentaci\u00f3 consistir\u00e0 en:<\/p>\n<p style=\"font-weight: 400;\">18:30h \u2013 Benvinguda per part de l\u2019Hble. Sr.\u00a0<a href=\"https:\/\/twitter.com\/bernatsole\" data-saferedirecturl=\"https:\/\/www.google.com\/url?q=https:\/\/twitter.com\/bernatsole&amp;source=gmail&amp;ust=1605858330805000&amp;usg=AFQjCNFr8IjAqCQUcumVt0e2h1foQh3Y_A\">Bernat Sol\u00e9<\/a>, conseller d&#8217;Acci\u00f3 Exterior, Relacions Institucionals i Transpar\u00e8ncia de la Generalitat de Catalunya<\/p>\n<p style=\"font-weight: 400;\">18:35 &#8211; 18.40\u2013\u00a0<a href=\"https:\/\/twitter.com\/CarmePorta?utm_source=participa.gencat.cat&amp;utm_campaign=newsletter_28\" data-saferedirecturl=\"https:\/\/www.google.com\/url?q=https:\/\/twitter.com\/CarmePorta?utm_source%3Dparticipa.gencat.cat%26utm_campaign%3Dnewsletter_28&amp;source=gmail&amp;ust=1605858330805000&amp;usg=AFQjCNE9f4bVw8QnNYrZ3meaJASKQ2GGhA\">Carme Porta<\/a>, de la Fundaci\u00f3 Surt \u2013 &#8220;La transversalitzaci\u00f3 de g\u00e8nere en les pol\u00edtiques p\u00fabliques&#8221;.<\/p>\n<p style=\"font-weight: 400;\">18:40h \u2013 19:00h\u00a0\u2013\u00a0<a href=\"https:\/\/twitter.com\/rosaborgeb?utm_source=participa.gencat.cat&amp;utm_campaign=newsletter_28\" data-saferedirecturl=\"https:\/\/www.google.com\/url?q=https:\/\/twitter.com\/rosaborgeb?utm_source%3Dparticipa.gencat.cat%26utm_campaign%3Dnewsletter_28&amp;source=gmail&amp;ust=1605858330805000&amp;usg=AFQjCNHnk8WGldNP3fPbzBfrgy1d4TnpDw\">Rosa Borge<\/a>, professora de ci\u00e8ncia pol\u00edtica (UOC) i experta en deliberacions en la societat de la informaci\u00f3 &#8211; \u201cLa participaci\u00f3 deliberativa com a instrument d&#8217;inclusi\u00f3\u201d.<\/p>\n<p style=\"font-weight: 400;\">19:00-19:20 \u2013\u00a0Carme Porta entrevista\u00a0<a href=\"https:\/\/twitter.com\/ictlogist?utm_source=participa.gencat.cat&amp;utm_campaign=newsletter_28\" data-saferedirecturl=\"https:\/\/www.google.com\/url?q=https:\/\/twitter.com\/ictlogist?utm_source%3Dparticipa.gencat.cat%26utm_campaign%3Dnewsletter_28&amp;source=gmail&amp;ust=1605858330805000&amp;usg=AFQjCNHEVG7n9p9_AWrikfCaTwgY_L5rpw\">Ismael Pe\u00f1a<\/a>, director general de Participaci\u00f3 Ciutadana i Processos Electorals &#8211; \u201cCom aplicar la Guia de Transversalitat de G\u00e8nere en els processos participatius\u201d.<\/p>\n<p style=\"font-weight: 400;\">19:20h\u00a0\u2013Comentaris i preguntes.<\/p>\n<p style=\"font-weight: 400;\">19:25h\u00a0&#8211; Comiat a c\u00e0rrec de\u00a0<a href=\"https:\/\/www.linkedin.com\/in\/blanca-rod%C3%A0-b23a7273\/?originalSubdomain=es\" data-saferedirecturl=\"https:\/\/www.google.com\/url?q=https:\/\/www.linkedin.com\/in\/blanca-rod%25C3%25A0-b23a7273\/?originalSubdomain%3Des&amp;source=gmail&amp;ust=1605858330805000&amp;usg=AFQjCNExUNKXYeY6BG7t2uB3eOFA8VH4IQ\">Blanca Rod\u00e0<\/a>, sub-directora de Participaci\u00f3 Ciutadana<\/p>\n<p style=\"font-weight: 400;\">Us podeu\u00a0<strong>inscriure<\/strong>\u00a0per aquest\u00a0<a href=\"https:\/\/participa.gencat.cat\/processes\/presentacioguiagenere\/f\/2989\/meetings\/421\" data-saferedirecturl=\"https:\/\/www.google.com\/url?q=https:\/\/participa.gencat.cat\/processes\/presentacioguiagenere\/f\/2989\/meetings\/421&amp;source=gmail&amp;ust=1605858330805000&amp;usg=AFQjCNENMiMBO1VXpHVm0AckrLlG82JiRQ\">enlla\u00e7<\/a>.<\/p>\n","protected":false},"excerpt":{"rendered":"<p>&nbsp; El dijous 19 de novembre de 2020, es presenta la Guia de transversalitat de g\u00e8nere en els processos participatius, que cont\u00e9 orientacions pr\u00e0ctiques per incorporar la perspectiva de g\u00e8nere en els debats p\u00fablics associats a les pol\u00edtiques p\u00fabliques.\u00a0La guia pret\u00e9n donar a con\u00e8ixer actuacions i estrat\u00e8gies per dissenyar processos deliberatius equitatius on tothom s\u2019hi [&hellip;]<\/p>\n","protected":false},"author":1,"featured_media":9503,"comment_status":"closed","ping_status":"closed","sticky":false,"template":"","format":"standard","meta":{"_bbp_topic_count":0,"_bbp_reply_count":0,"_bbp_total_topic_count":0,"_bbp_total_reply_count":0,"_bbp_voice_count":0,"_bbp_anonymous_reply_count":0,"_bbp_topic_count_hidden":0,"_bbp_reply_count_hidden":0,"_bbp_forum_subforum_count":0,"site-sidebar-layout":"default","site-content-layout":"","ast-site-content-layout":"","site-content-style":"default","site-sidebar-style":"default","ast-global-header-display":"","ast-banner-title-visibility":"","ast-main-header-display":"","ast-hfb-above-header-display":"","ast-hfb-below-header-display":"","ast-hfb-mobile-header-display":"","site-post-title":"","ast-breadcrumbs-content":"","ast-featured-img":"","footer-sml-layout":"","theme-transparent-header-meta":"","adv-header-id-meta":"","stick-header-meta":"","header-above-stick-meta":"","header-main-stick-meta":"","header-below-stick-meta":"","astra-migrate-meta-layouts":"default","ast-page-background-enabled":"default","ast-page-background-meta":{"desktop":{"background-color":"var(--ast-global-color-4)","background-image":"","background-repeat":"repeat","background-position":"center center","background-size":"auto","background-attachment":"scroll","background-type":"","background-media":"","overlay-type":"","overlay-color":"","overlay-opacity":"","overlay-gradient":""},"tablet":{"background-color":"","background-image":"","background-repeat":"repeat","background-position":"center center","background-size":"auto","background-attachment":"scroll","background-type":"","background-media":"","overlay-type":"","overlay-color":"","overlay-opacity":"","overlay-gradient":""},"mobile":{"background-color":"","background-image":"","background-repeat":"repeat","background-position":"center center","background-size":"auto","background-attachment":"scroll","background-type":"","background-media":"","overlay-type":"","overlay-color":"","overlay-opacity":"","overlay-gradient":""}},"ast-content-background-meta":{"desktop":{"background-color":"var(--ast-global-color-5)","background-image":"","background-repeat":"repeat","background-position":"center center","background-size":"auto","background-attachment":"scroll","background-type":"","background-media":"","overlay-type":"","overlay-color":"","overlay-opacity":"","overlay-gradient":""},"tablet":{"background-color":"var(--ast-global-color-5)","background-image":"","background-repeat":"repeat","background-position":"center center","background-size":"auto","background-attachment":"scroll","background-type":"","background-media":"","overlay-type":"","overlay-color":"","overlay-opacity":"","overlay-gradient":""},"mobile":{"background-color":"var(--ast-global-color-5)","background-image":"","background-repeat":"repeat","background-position":"center center","background-size":"auto","background-attachment":"scroll","background-type":"","background-media":"","overlay-type":"","overlay-color":"","overlay-opacity":"","overlay-gradient":""}},"footnotes":""},"categories":[65,1,296,29],"tags":[],"class_list":["post-9502","post","type-post","status-publish","format-standard","has-post-thumbnail","hentry","category-crp","category-general","category-novetats-dinamitzacio","category-portada"],"post_mailing_queue_ids":[],"_links":{"self":[{"href":"https:\/\/serveiseducatius.xtec.cat\/baixemporda\/wp-json\/wp\/v2\/posts\/9502","targetHints":{"allow":["GET"]}}],"collection":[{"href":"https:\/\/serveiseducatius.xtec.cat\/baixemporda\/wp-json\/wp\/v2\/posts"}],"about":[{"href":"https:\/\/serveiseducatius.xtec.cat\/baixemporda\/wp-json\/wp\/v2\/types\/post"}],"author":[{"embeddable":true,"href":"https:\/\/serveiseducatius.xtec.cat\/baixemporda\/wp-json\/wp\/v2\/users\/1"}],"replies":[{"embeddable":true,"href":"https:\/\/serveiseducatius.xtec.cat\/baixemporda\/wp-json\/wp\/v2\/comments?post=9502"}],"version-history":[{"count":2,"href":"https:\/\/serveiseducatius.xtec.cat\/baixemporda\/wp-json\/wp\/v2\/posts\/9502\/revisions"}],"predecessor-version":[{"id":9505,"href":"https:\/\/serveiseducatius.xtec.cat\/baixemporda\/wp-json\/wp\/v2\/posts\/9502\/revisions\/9505"}],"wp:featuredmedia":[{"embeddable":true,"href":"https:\/\/serveiseducatius.xtec.cat\/baixemporda\/wp-json\/wp\/v2\/media\/9503"}],"wp:attachment":[{"href":"https:\/\/serveiseducatius.xtec.cat\/baixemporda\/wp-json\/wp\/v2\/media?parent=9502"}],"wp:term":[{"taxonomy":"category","embeddable":true,"href":"https:\/\/serveiseducatius.xtec.cat\/baixemporda\/wp-json\/wp\/v2\/categories?post=9502"},{"taxonomy":"post_tag","embeddable":true,"href":"https:\/\/serveiseducatius.xtec.cat\/baixemporda\/wp-json\/wp\/v2\/tags?post=9502"}],"curies":[{"name":"wp","href":"https:\/\/api.w.org\/{rel}","templated":true}]}}