{"id":9498,"date":"2020-11-18T17:38:22","date_gmt":"2020-11-18T16:38:22","guid":{"rendered":"http:\/\/serveiseducatius.xtec.cat\/baixemporda\/?p=9498"},"modified":"2020-11-18T17:42:13","modified_gmt":"2020-11-18T16:42:13","slug":"mirades-7e-festival-de-fotografia-del-baix-emporda","status":"publish","type":"post","link":"https:\/\/serveiseducatius.xtec.cat\/baixemporda\/general\/mirades-7e-festival-de-fotografia-del-baix-emporda\/","title":{"rendered":"Mirades. 7\u00e8 festival de fotografia del Baix Empord\u00e0"},"content":{"rendered":"<p><a href=\"https:\/\/serveiseducatius.xtec.cat\/baixemporda\/wp-content\/uploads\/usu1155\/2020\/11\/Sense-t\u00edtol.jpg\"><img loading=\"lazy\" decoding=\"async\" class=\"wp-image-9499 aligncenter\" src=\"https:\/\/serveiseducatius.xtec.cat\/baixemporda\/wp-content\/uploads\/usu1155\/2020\/11\/Sense-t\u00edtol-300x87.jpg\" alt=\"\" width=\"452\" height=\"131\" srcset=\"https:\/\/serveiseducatius.xtec.cat\/baixemporda\/wp-content\/uploads\/usu1155\/2020\/11\/Sense-t\u00edtol-300x87.jpg 300w, https:\/\/serveiseducatius.xtec.cat\/baixemporda\/wp-content\/uploads\/usu1155\/2020\/11\/Sense-t\u00edtol.jpg 610w\" sizes=\"auto, (max-width: 452px) 100vw, 452px\" \/><\/a><\/p>\n<p style=\"text-align: justify;\">El <strong>Festival Mirades del Baix Empord\u00e0<\/strong> torna a acollir propostes de fotografia emergent del territori per a aquesta 7a edici\u00f3 que se celebrar\u00e0 durant l&#8217;Abril de 2021. La convocat\u00f2ria s&#8217;adre\u00e7a a totes aquelles fot\u00f2grafes i fot\u00f2grafs que desitgin mostrar les seves obres expositives en el marc d&#8217;un festival de fotografia.<\/p>\n<p style=\"text-align: justify;\">L&#8217;aposta de Foto Torroella per continuar organitzant el Festival Mirades passa pel reconeixement de noves mirades entorn la fotografia i per l&#8217;objectiu de dotar d&#8217;espais d&#8217;exposici\u00f3 a artistes joves o mai abans exposades. El Festival Mirades \u00e9s un Festival de Fotografia bianual que el 2021 celebrar\u00e0 la seva 7\u00e0 edici\u00f3. Est\u00e0 organitzat per Foto Torroella (l&#8217;Associaci\u00f3 d&#8217;Amics de la Fotografia de Torroella de Montgr\u00ed). La 7a edici\u00f3 del Festival Mirades del Baix Empord\u00e0 se celebrar\u00e0 a l&#8217;Abril 2021 en diferents pobles del Baix Empord\u00e0 en els que es mostraran les exposicions fotogr\u00e0fiques de les persones sel\u00b7leccionades en aquesta convocat\u00f2ria a m\u00e9s d&#8217;altres exposicions convidades com la del fot\u00f2graf David Incl\u00e1n, guanyador de la beca Foto Torroella 2019.<\/p>\n<p>Per a m\u00e9s informaci\u00f3, podeu consultar la seva <a href=\"https:\/\/6ba9ee18-5d0d-4a80-9188-75fac6f127b4.filesusr.com\/ugd\/af72fd_e45fd64bf78249b8954dd1b31ecbb776.pdf\" target=\"_blank\" rel=\"noopener noreferrer\">p\u00e0gina web<\/a>.<\/p>\n","protected":false},"excerpt":{"rendered":"<p>El Festival Mirades del Baix Empord\u00e0 torna a acollir propostes de fotografia emergent del territori per a aquesta 7a edici\u00f3 que se celebrar\u00e0 durant l&#8217;Abril de 2021. La convocat\u00f2ria s&#8217;adre\u00e7a a totes aquelles fot\u00f2grafes i fot\u00f2grafs que desitgin mostrar les seves obres expositives en el marc d&#8217;un festival de fotografia. L&#8217;aposta de Foto Torroella per [&hellip;]<\/p>\n","protected":false},"author":1,"featured_media":9499,"comment_status":"closed","ping_status":"closed","sticky":false,"template":"","format":"standard","meta":{"_bbp_topic_count":0,"_bbp_reply_count":0,"_bbp_total_topic_count":0,"_bbp_total_reply_count":0,"_bbp_voice_count":0,"_bbp_anonymous_reply_count":0,"_bbp_topic_count_hidden":0,"_bbp_reply_count_hidden":0,"_bbp_forum_subforum_count":0,"site-sidebar-layout":"default","site-content-layout":"","ast-site-content-layout":"","site-content-style":"default","site-sidebar-style":"default","ast-global-header-display":"","ast-banner-title-visibility":"","ast-main-header-display":"","ast-hfb-above-header-display":"","ast-hfb-below-header-display":"","ast-hfb-mobile-header-display":"","site-post-title":"","ast-breadcrumbs-content":"","ast-featured-img":"","footer-sml-layout":"","theme-transparent-header-meta":"","adv-header-id-meta":"","stick-header-meta":"","header-above-stick-meta":"","header-main-stick-meta":"","header-below-stick-meta":"","astra-migrate-meta-layouts":"default","ast-page-background-enabled":"default","ast-page-background-meta":{"desktop":{"background-color":"var(--ast-global-color-4)","background-image":"","background-repeat":"repeat","background-position":"center center","background-size":"auto","background-attachment":"scroll","background-type":"","background-media":"","overlay-type":"","overlay-color":"","overlay-opacity":"","overlay-gradient":""},"tablet":{"background-color":"","background-image":"","background-repeat":"repeat","background-position":"center center","background-size":"auto","background-attachment":"scroll","background-type":"","background-media":"","overlay-type":"","overlay-color":"","overlay-opacity":"","overlay-gradient":""},"mobile":{"background-color":"","background-image":"","background-repeat":"repeat","background-position":"center center","background-size":"auto","background-attachment":"scroll","background-type":"","background-media":"","overlay-type":"","overlay-color":"","overlay-opacity":"","overlay-gradient":""}},"ast-content-background-meta":{"desktop":{"background-color":"var(--ast-global-color-5)","background-image":"","background-repeat":"repeat","background-position":"center center","background-size":"auto","background-attachment":"scroll","background-type":"","background-media":"","overlay-type":"","overlay-color":"","overlay-opacity":"","overlay-gradient":""},"tablet":{"background-color":"var(--ast-global-color-5)","background-image":"","background-repeat":"repeat","background-position":"center center","background-size":"auto","background-attachment":"scroll","background-type":"","background-media":"","overlay-type":"","overlay-color":"","overlay-opacity":"","overlay-gradient":""},"mobile":{"background-color":"var(--ast-global-color-5)","background-image":"","background-repeat":"repeat","background-position":"center center","background-size":"auto","background-attachment":"scroll","background-type":"","background-media":"","overlay-type":"","overlay-color":"","overlay-opacity":"","overlay-gradient":""}},"footnotes":""},"categories":[65,1,297,296,29],"tags":[],"class_list":["post-9498","post","type-post","status-publish","format-standard","has-post-thumbnail","hentry","category-crp","category-general","category-novetats-comunitat","category-novetats-dinamitzacio","category-portada"],"post_mailing_queue_ids":[],"_links":{"self":[{"href":"https:\/\/serveiseducatius.xtec.cat\/baixemporda\/wp-json\/wp\/v2\/posts\/9498","targetHints":{"allow":["GET"]}}],"collection":[{"href":"https:\/\/serveiseducatius.xtec.cat\/baixemporda\/wp-json\/wp\/v2\/posts"}],"about":[{"href":"https:\/\/serveiseducatius.xtec.cat\/baixemporda\/wp-json\/wp\/v2\/types\/post"}],"author":[{"embeddable":true,"href":"https:\/\/serveiseducatius.xtec.cat\/baixemporda\/wp-json\/wp\/v2\/users\/1"}],"replies":[{"embeddable":true,"href":"https:\/\/serveiseducatius.xtec.cat\/baixemporda\/wp-json\/wp\/v2\/comments?post=9498"}],"version-history":[{"count":2,"href":"https:\/\/serveiseducatius.xtec.cat\/baixemporda\/wp-json\/wp\/v2\/posts\/9498\/revisions"}],"predecessor-version":[{"id":9501,"href":"https:\/\/serveiseducatius.xtec.cat\/baixemporda\/wp-json\/wp\/v2\/posts\/9498\/revisions\/9501"}],"wp:featuredmedia":[{"embeddable":true,"href":"https:\/\/serveiseducatius.xtec.cat\/baixemporda\/wp-json\/wp\/v2\/media\/9499"}],"wp:attachment":[{"href":"https:\/\/serveiseducatius.xtec.cat\/baixemporda\/wp-json\/wp\/v2\/media?parent=9498"}],"wp:term":[{"taxonomy":"category","embeddable":true,"href":"https:\/\/serveiseducatius.xtec.cat\/baixemporda\/wp-json\/wp\/v2\/categories?post=9498"},{"taxonomy":"post_tag","embeddable":true,"href":"https:\/\/serveiseducatius.xtec.cat\/baixemporda\/wp-json\/wp\/v2\/tags?post=9498"}],"curies":[{"name":"wp","href":"https:\/\/api.w.org\/{rel}","templated":true}]}}