{"id":9405,"date":"2020-11-13T09:26:01","date_gmt":"2020-11-13T08:26:01","guid":{"rendered":"http:\/\/serveiseducatius.xtec.cat\/baixemporda\/?p=9405"},"modified":"2020-11-13T09:26:01","modified_gmt":"2020-11-13T08:26:01","slug":"20-de-novembre-dia-universal-de-la-infancia","status":"publish","type":"post","link":"https:\/\/serveiseducatius.xtec.cat\/baixemporda\/general\/20-de-novembre-dia-universal-de-la-infancia\/","title":{"rendered":"20 de novembre, dia universal de la inf\u00e0ncia"},"content":{"rendered":"<p><a href=\"https:\/\/serveiseducatius.xtec.cat\/baixemporda\/wp-content\/uploads\/usu1155\/2020\/11\/EmnWaLvXEAAGC6t.jpg\"><img loading=\"lazy\" decoding=\"async\" class=\" wp-image-9406 aligncenter\" src=\"https:\/\/serveiseducatius.xtec.cat\/baixemporda\/wp-content\/uploads\/usu1155\/2020\/11\/EmnWaLvXEAAGC6t.jpg\" alt=\"\" width=\"517\" height=\"291\" srcset=\"https:\/\/serveiseducatius.xtec.cat\/baixemporda\/wp-content\/uploads\/usu1155\/2020\/11\/EmnWaLvXEAAGC6t.jpg 553w, https:\/\/serveiseducatius.xtec.cat\/baixemporda\/wp-content\/uploads\/usu1155\/2020\/11\/EmnWaLvXEAAGC6t-300x169.jpg 300w\" sizes=\"auto, (max-width: 517px) 100vw, 517px\" \/><\/a><\/p>\n<p style=\"text-align: justify;\">El <strong>20 de novembre<\/strong> \u00e9s del <strong>dia universal de la inf\u00e0ncia<\/strong>.\u00a0Aquest dia est\u00e0 destinat a fomentar el benestar i els drets dels nens del m\u00f3n. L&#8217;any 1954, l&#8217;Assemblea General de les Nacions Unides va recomanar que es constitu\u00eds a tots els pa\u00efsos un Dia Universal del Nen i tamb\u00e9 va suggerir als governs estatals que celebressin aquest dia, en la data que cadascun d&#8217;aquests decid\u00eds m\u00e9s convenient. L&#8217;ONU celebra aquest dia el 20 de novembre, en commemoraci\u00f3 a l&#8217;<strong>aprovaci\u00f3 de la Declaraci\u00f3 dels Drets del Nen l&#8217;any 1959<\/strong> i de la <strong>Convenci\u00f3 sobre els Drets de l&#8217;Infant el 1989<\/strong>.<\/p>\n<p style=\"text-align: justify;\">Si busqueu <strong>activitats<\/strong> perqu\u00e8 el vostre alumnat pugui dir la seva en temes importants i expressin les seves opinions amb motiu del Dia Universal De La Inf\u00e0ncia, <a href=\"https:\/\/ciudadesamigas.org\/dia-universal-de-la-infancia-20n\/\" target=\"_blank\" rel=\"noopener noreferrer\">aqu\u00ed<\/a> en trobareu. Participeu-hi!<\/p>\n","protected":false},"excerpt":{"rendered":"<p>El 20 de novembre \u00e9s del dia universal de la inf\u00e0ncia.\u00a0Aquest dia est\u00e0 destinat a fomentar el benestar i els drets dels nens del m\u00f3n. L&#8217;any 1954, l&#8217;Assemblea General de les Nacions Unides va recomanar que es constitu\u00eds a tots els pa\u00efsos un Dia Universal del Nen i tamb\u00e9 va suggerir als governs estatals que [&hellip;]<\/p>\n","protected":false},"author":1,"featured_media":9406,"comment_status":"closed","ping_status":"closed","sticky":false,"template":"","format":"standard","meta":{"_bbp_topic_count":0,"_bbp_reply_count":0,"_bbp_total_topic_count":0,"_bbp_total_reply_count":0,"_bbp_voice_count":0,"_bbp_anonymous_reply_count":0,"_bbp_topic_count_hidden":0,"_bbp_reply_count_hidden":0,"_bbp_forum_subforum_count":0,"site-sidebar-layout":"default","site-content-layout":"","ast-site-content-layout":"","site-content-style":"default","site-sidebar-style":"default","ast-global-header-display":"","ast-banner-title-visibility":"","ast-main-header-display":"","ast-hfb-above-header-display":"","ast-hfb-below-header-display":"","ast-hfb-mobile-header-display":"","site-post-title":"","ast-breadcrumbs-content":"","ast-featured-img":"","footer-sml-layout":"","theme-transparent-header-meta":"","adv-header-id-meta":"","stick-header-meta":"","header-above-stick-meta":"","header-main-stick-meta":"","header-below-stick-meta":"","astra-migrate-meta-layouts":"default","ast-page-background-enabled":"default","ast-page-background-meta":{"desktop":{"background-color":"var(--ast-global-color-4)","background-image":"","background-repeat":"repeat","background-position":"center center","background-size":"auto","background-attachment":"scroll","background-type":"","background-media":"","overlay-type":"","overlay-color":"","overlay-opacity":"","overlay-gradient":""},"tablet":{"background-color":"","background-image":"","background-repeat":"repeat","background-position":"center center","background-size":"auto","background-attachment":"scroll","background-type":"","background-media":"","overlay-type":"","overlay-color":"","overlay-opacity":"","overlay-gradient":""},"mobile":{"background-color":"","background-image":"","background-repeat":"repeat","background-position":"center center","background-size":"auto","background-attachment":"scroll","background-type":"","background-media":"","overlay-type":"","overlay-color":"","overlay-opacity":"","overlay-gradient":""}},"ast-content-background-meta":{"desktop":{"background-color":"var(--ast-global-color-5)","background-image":"","background-repeat":"repeat","background-position":"center center","background-size":"auto","background-attachment":"scroll","background-type":"","background-media":"","overlay-type":"","overlay-color":"","overlay-opacity":"","overlay-gradient":""},"tablet":{"background-color":"var(--ast-global-color-5)","background-image":"","background-repeat":"repeat","background-position":"center center","background-size":"auto","background-attachment":"scroll","background-type":"","background-media":"","overlay-type":"","overlay-color":"","overlay-opacity":"","overlay-gradient":""},"mobile":{"background-color":"var(--ast-global-color-5)","background-image":"","background-repeat":"repeat","background-position":"center center","background-size":"auto","background-attachment":"scroll","background-type":"","background-media":"","overlay-type":"","overlay-color":"","overlay-opacity":"","overlay-gradient":""}},"footnotes":""},"categories":[65,1,295,29],"tags":[],"class_list":["post-9405","post","type-post","status-publish","format-standard","has-post-thumbnail","hentry","category-crp","category-general","category-novetats-recursos","category-portada"],"post_mailing_queue_ids":[],"_links":{"self":[{"href":"https:\/\/serveiseducatius.xtec.cat\/baixemporda\/wp-json\/wp\/v2\/posts\/9405","targetHints":{"allow":["GET"]}}],"collection":[{"href":"https:\/\/serveiseducatius.xtec.cat\/baixemporda\/wp-json\/wp\/v2\/posts"}],"about":[{"href":"https:\/\/serveiseducatius.xtec.cat\/baixemporda\/wp-json\/wp\/v2\/types\/post"}],"author":[{"embeddable":true,"href":"https:\/\/serveiseducatius.xtec.cat\/baixemporda\/wp-json\/wp\/v2\/users\/1"}],"replies":[{"embeddable":true,"href":"https:\/\/serveiseducatius.xtec.cat\/baixemporda\/wp-json\/wp\/v2\/comments?post=9405"}],"version-history":[{"count":1,"href":"https:\/\/serveiseducatius.xtec.cat\/baixemporda\/wp-json\/wp\/v2\/posts\/9405\/revisions"}],"predecessor-version":[{"id":9407,"href":"https:\/\/serveiseducatius.xtec.cat\/baixemporda\/wp-json\/wp\/v2\/posts\/9405\/revisions\/9407"}],"wp:featuredmedia":[{"embeddable":true,"href":"https:\/\/serveiseducatius.xtec.cat\/baixemporda\/wp-json\/wp\/v2\/media\/9406"}],"wp:attachment":[{"href":"https:\/\/serveiseducatius.xtec.cat\/baixemporda\/wp-json\/wp\/v2\/media?parent=9405"}],"wp:term":[{"taxonomy":"category","embeddable":true,"href":"https:\/\/serveiseducatius.xtec.cat\/baixemporda\/wp-json\/wp\/v2\/categories?post=9405"},{"taxonomy":"post_tag","embeddable":true,"href":"https:\/\/serveiseducatius.xtec.cat\/baixemporda\/wp-json\/wp\/v2\/tags?post=9405"}],"curies":[{"name":"wp","href":"https:\/\/api.w.org\/{rel}","templated":true}]}}