{"id":9048,"date":"2020-10-23T09:16:11","date_gmt":"2020-10-23T07:16:11","guid":{"rendered":"http:\/\/serveiseducatius.xtec.cat\/baixemporda\/?p=9048"},"modified":"2020-10-23T09:16:11","modified_gmt":"2020-10-23T07:16:11","slug":"ifest-festival-de-la-disrupcio-la-ciencia-i-la-tecnologia-per-a-joves","status":"publish","type":"post","link":"https:\/\/serveiseducatius.xtec.cat\/baixemporda\/general\/ifest-festival-de-la-disrupcio-la-ciencia-i-la-tecnologia-per-a-joves\/","title":{"rendered":"IFEST, Festival de la disrupci\u00f3, la ci\u00e8ncia i la tecnologia per a joves"},"content":{"rendered":"<p><a href=\"https:\/\/serveiseducatius.xtec.cat\/baixemporda\/wp-content\/uploads\/usu1155\/2020\/10\/Ek2g_NzXEAE6a3m.jpg\"><img loading=\"lazy\" decoding=\"async\" class=\" wp-image-9049 alignleft\" src=\"https:\/\/serveiseducatius.xtec.cat\/baixemporda\/wp-content\/uploads\/usu1155\/2020\/10\/Ek2g_NzXEAE6a3m.jpg\" alt=\"\" width=\"516\" height=\"290\" srcset=\"https:\/\/serveiseducatius.xtec.cat\/baixemporda\/wp-content\/uploads\/usu1155\/2020\/10\/Ek2g_NzXEAE6a3m.jpg 553w, https:\/\/serveiseducatius.xtec.cat\/baixemporda\/wp-content\/uploads\/usu1155\/2020\/10\/Ek2g_NzXEAE6a3m-300x169.jpg 300w\" sizes=\"auto, (max-width: 516px) 100vw, 516px\" \/><\/a><\/p>\n<p style=\"text-align: justify;\">El\u00a0<a href=\"http:\/\/empresa.gencat.cat\/ca\/inici\" target=\"_blank\" rel=\"noopener noreferrer\"><b>Departament d\u2019Empresa<\/b><b>\u00a0i Coneixement<\/b><\/a>\u00a0a trav\u00e9s del\u00a0<a href=\"http:\/\/catempren.gencat.cat\/ca\/inici\" target=\"_blank\" rel=\"noopener noreferrer\"><b>Catalunya Empr\u00e8n<\/b><\/a> ofereix el programa d\u2019aprenentatge i mentoria <b>iFest Countdow<\/b>.\u00a0<strong>L\u2019iFest, el festival de la disrupci\u00f3, la ci\u00e8ncia i la tecnologia per a joves<\/strong>, inicia la segona edici\u00f3 de l\u2019iFest COUNTDOWN, un programa d\u2019aprenentatge i competici\u00f3 en la qual els PLAYERS desenvoluparan prototips de reptes reals que seran exposats i defensats a l\u2019iFest2021.<\/p>\n<p style=\"text-align: justify;\">En aquest programa\u00a0<b><i>els joves desenvolupen una soluci\u00f3 a un repte real realitzant un programa d\u2019aprenentatge i acceleraci\u00f3<\/i><\/b>\u00a0que dura 4 mesos aproximadament (des del mes d\u2019octubre i fins al febrer) i acaba amb la realitzaci\u00f3 d\u2019un prototip real que hauran de defensar el dia de la celebraci\u00f3 d\u2019aquesta festa de la tecnologia, la innovaci\u00f3 i l\u2019emprenedoria que ser\u00e0 cap al febrer o mar\u00e7 de 2020.<u><\/u><u><\/u><\/p>\n<p style=\"text-align: justify;\">El programa d\u2019aprenentatge (<i>iFest Countdown<\/i>) comen\u00e7ar\u00e0 com un compte enrere, ser\u00e0 l\u2019inici d\u2019un aprenentatge disruptiu que estar\u00e0 adaptat als\u00a0<b>estudiants dels darrers cursos de batxillerat, cicles formatius i universitat<\/b>. En\u00a0<b>aquesta edici\u00f3<\/b>\u00a0s\u2019admetr\u00e0 la participaci\u00f3\u00a0<b>tamb\u00e9\u00a0<\/b>de\u00a0<b>joves del darrer curs de l\u2019ESO<\/b>\u00a0que mostrin inter\u00e8s i es consideri per part del centre el potencial de participaci\u00f3. Es podr\u00e0 treballar de manera online o incorporar la metodologia a les aules.\u00a0 Els equips que s\u2019apuntin i els respectius professors, reben uns materials formatius, una mentoria i un assessorament d\u2019experts. Tamb\u00e9 es realitzar\u00e0 formaci\u00f3 pels docents si es requereix i hi haur\u00e0 tutoria pedag\u00f2gica.<\/p>\n<p style=\"text-align: justify;\"><strong>Inscripcions fins al 31 d&#8217;octubre<\/strong> en el seg\u00fcent <a href=\"http:\/\/www.ifest.cat\/registre\/\" target=\"_blank\" rel=\"noopener noreferrer\">enlla\u00e7<\/a>.<\/p>\n<p>&nbsp;<\/p>\n","protected":false},"excerpt":{"rendered":"<p>El\u00a0Departament d\u2019Empresa\u00a0i Coneixement\u00a0a trav\u00e9s del\u00a0Catalunya Empr\u00e8n ofereix el programa d\u2019aprenentatge i mentoria iFest Countdow.\u00a0L\u2019iFest, el festival de la disrupci\u00f3, la ci\u00e8ncia i la tecnologia per a joves, inicia la segona edici\u00f3 de l\u2019iFest COUNTDOWN, un programa d\u2019aprenentatge i competici\u00f3 en la qual els PLAYERS desenvoluparan prototips de reptes reals que seran exposats i defensats a [&hellip;]<\/p>\n","protected":false},"author":1,"featured_media":9049,"comment_status":"closed","ping_status":"closed","sticky":false,"template":"","format":"standard","meta":{"_bbp_topic_count":0,"_bbp_reply_count":0,"_bbp_total_topic_count":0,"_bbp_total_reply_count":0,"_bbp_voice_count":0,"_bbp_anonymous_reply_count":0,"_bbp_topic_count_hidden":0,"_bbp_reply_count_hidden":0,"_bbp_forum_subforum_count":0,"site-sidebar-layout":"default","site-content-layout":"","ast-site-content-layout":"","site-content-style":"default","site-sidebar-style":"default","ast-global-header-display":"","ast-banner-title-visibility":"","ast-main-header-display":"","ast-hfb-above-header-display":"","ast-hfb-below-header-display":"","ast-hfb-mobile-header-display":"","site-post-title":"","ast-breadcrumbs-content":"","ast-featured-img":"","footer-sml-layout":"","theme-transparent-header-meta":"","adv-header-id-meta":"","stick-header-meta":"","header-above-stick-meta":"","header-main-stick-meta":"","header-below-stick-meta":"","astra-migrate-meta-layouts":"default","ast-page-background-enabled":"default","ast-page-background-meta":{"desktop":{"background-color":"var(--ast-global-color-4)","background-image":"","background-repeat":"repeat","background-position":"center center","background-size":"auto","background-attachment":"scroll","background-type":"","background-media":"","overlay-type":"","overlay-color":"","overlay-opacity":"","overlay-gradient":""},"tablet":{"background-color":"","background-image":"","background-repeat":"repeat","background-position":"center center","background-size":"auto","background-attachment":"scroll","background-type":"","background-media":"","overlay-type":"","overlay-color":"","overlay-opacity":"","overlay-gradient":""},"mobile":{"background-color":"","background-image":"","background-repeat":"repeat","background-position":"center center","background-size":"auto","background-attachment":"scroll","background-type":"","background-media":"","overlay-type":"","overlay-color":"","overlay-opacity":"","overlay-gradient":""}},"ast-content-background-meta":{"desktop":{"background-color":"var(--ast-global-color-5)","background-image":"","background-repeat":"repeat","background-position":"center center","background-size":"auto","background-attachment":"scroll","background-type":"","background-media":"","overlay-type":"","overlay-color":"","overlay-opacity":"","overlay-gradient":""},"tablet":{"background-color":"var(--ast-global-color-5)","background-image":"","background-repeat":"repeat","background-position":"center center","background-size":"auto","background-attachment":"scroll","background-type":"","background-media":"","overlay-type":"","overlay-color":"","overlay-opacity":"","overlay-gradient":""},"mobile":{"background-color":"var(--ast-global-color-5)","background-image":"","background-repeat":"repeat","background-position":"center center","background-size":"auto","background-attachment":"scroll","background-type":"","background-media":"","overlay-type":"","overlay-color":"","overlay-opacity":"","overlay-gradient":""}},"footnotes":""},"categories":[65,1,296,29],"tags":[],"class_list":["post-9048","post","type-post","status-publish","format-standard","has-post-thumbnail","hentry","category-crp","category-general","category-novetats-dinamitzacio","category-portada"],"post_mailing_queue_ids":[],"_links":{"self":[{"href":"https:\/\/serveiseducatius.xtec.cat\/baixemporda\/wp-json\/wp\/v2\/posts\/9048","targetHints":{"allow":["GET"]}}],"collection":[{"href":"https:\/\/serveiseducatius.xtec.cat\/baixemporda\/wp-json\/wp\/v2\/posts"}],"about":[{"href":"https:\/\/serveiseducatius.xtec.cat\/baixemporda\/wp-json\/wp\/v2\/types\/post"}],"author":[{"embeddable":true,"href":"https:\/\/serveiseducatius.xtec.cat\/baixemporda\/wp-json\/wp\/v2\/users\/1"}],"replies":[{"embeddable":true,"href":"https:\/\/serveiseducatius.xtec.cat\/baixemporda\/wp-json\/wp\/v2\/comments?post=9048"}],"version-history":[{"count":1,"href":"https:\/\/serveiseducatius.xtec.cat\/baixemporda\/wp-json\/wp\/v2\/posts\/9048\/revisions"}],"predecessor-version":[{"id":9050,"href":"https:\/\/serveiseducatius.xtec.cat\/baixemporda\/wp-json\/wp\/v2\/posts\/9048\/revisions\/9050"}],"wp:featuredmedia":[{"embeddable":true,"href":"https:\/\/serveiseducatius.xtec.cat\/baixemporda\/wp-json\/wp\/v2\/media\/9049"}],"wp:attachment":[{"href":"https:\/\/serveiseducatius.xtec.cat\/baixemporda\/wp-json\/wp\/v2\/media?parent=9048"}],"wp:term":[{"taxonomy":"category","embeddable":true,"href":"https:\/\/serveiseducatius.xtec.cat\/baixemporda\/wp-json\/wp\/v2\/categories?post=9048"},{"taxonomy":"post_tag","embeddable":true,"href":"https:\/\/serveiseducatius.xtec.cat\/baixemporda\/wp-json\/wp\/v2\/tags?post=9048"}],"curies":[{"name":"wp","href":"https:\/\/api.w.org\/{rel}","templated":true}]}}