{"id":9010,"date":"2020-10-20T09:18:01","date_gmt":"2020-10-20T07:18:01","guid":{"rendered":"http:\/\/serveiseducatius.xtec.cat\/baixemporda\/?p=9010"},"modified":"2020-10-20T09:18:01","modified_gmt":"2020-10-20T07:18:01","slug":"clubs-de-lectura-dobres-prescriptives-de-literatura-catalana-al-batxillerat","status":"publish","type":"post","link":"https:\/\/serveiseducatius.xtec.cat\/baixemporda\/general\/clubs-de-lectura-dobres-prescriptives-de-literatura-catalana-al-batxillerat\/","title":{"rendered":"Clubs de lectura d\u2019obres prescriptives de literatura catalana al batxillerat"},"content":{"rendered":"<p><img loading=\"lazy\" decoding=\"async\" class=\" wp-image-9011 alignleft\" src=\"https:\/\/serveiseducatius.xtec.cat\/baixemporda\/wp-content\/uploads\/usu1155\/2020\/10\/2eUOA6Ot_400x400.jpg\" alt=\"\" width=\"303\" height=\"303\" srcset=\"https:\/\/serveiseducatius.xtec.cat\/baixemporda\/wp-content\/uploads\/usu1155\/2020\/10\/2eUOA6Ot_400x400.jpg 400w, https:\/\/serveiseducatius.xtec.cat\/baixemporda\/wp-content\/uploads\/usu1155\/2020\/10\/2eUOA6Ot_400x400-150x150.jpg 150w, https:\/\/serveiseducatius.xtec.cat\/baixemporda\/wp-content\/uploads\/usu1155\/2020\/10\/2eUOA6Ot_400x400-300x300.jpg 300w\" sizes=\"auto, (max-width: 303px) 100vw, 303px\" \/><\/p>\n<p style=\"font-weight: 400; text-align: justify;\">Al llarg d\u2019aquest primer trimestre del curs 2020-2021, gr\u00e0cies a un acord entre el Departament d\u2019Educaci\u00f3 i l\u2019entitat Espais Escrits, s\u2019han organitzat una s\u00e8rie de jornades formatives, independents entr<\/p>\n<p style=\"font-weight: 400; text-align: justify;\">e elles,\u00a0al voltant de la dinamitzaci\u00f3 de clubs de lectura d\u2019obres prescriptives de literatura catalana al batxillerat i d\u2019autors catalans patrimonials que s\u00f3n objecte d\u2019una commemoraci\u00f3 l\u2019any 2020.\u00a0L\u2019objectiu principal \u00e9s promoure la compet\u00e8ncia liter\u00e0ria acostant aquests autors i aquestes lectures al professorat que imparteix la mat\u00e8ria de literatura a l\u2019ESO i al batxillerat, aix\u00ed com donar-los eines i recursos per treballar-los a l\u2019aula.<\/p>\n<p style=\"font-weight: 400; text-align: justify;\">Aquestes formacions es faran \u00edntegrament de manera telem\u00e0tica a trav\u00e9s de la plataforma ODISSEA i tindran un reconeixement de 5 hores de formaci\u00f3. L\u2019estructura ser\u00e0 la seg\u00fcent: en primer lloc hi haur\u00e0 una trobada\u00a0sincr\u00f2nica que tindr\u00e0 lloc exclusivament en una data i hora determinades i els participants hauran de connectar-s\u2019hi (un dijous o un divendres de 19 a 21h, o b\u00e9 un dissabte a<\/p>\n<p style=\"font-weight: 400; text-align: justify;\">l mat\u00ed de 9 a 11h).\u00a0Finalment, es demanar\u00e0 que els participants, per tal de justificar les 5 hores formatives de qu\u00e8 consta cadascuna de les sessions, realitzin unes petites tasques a prop\u00f2sit dels materials did\u00e0ctics que cada activitat t\u00e9 associats.<\/p>\n<p style=\"font-weight: 400; text-align: justify;\">Es tracta d\u2019activitats reconegudes pel Departament d&#8217;Educaci\u00f3 amb 5 hores de formaci\u00f3. Les\u00a0<a href=\"http:\/\/xtec.gencat.cat\/ca\/formacio\/formaciogeneralprofessorat\/curriculum-competencies-avaluacio\/competencia_literaria\/\" data-saferedirecturl=\"https:\/\/www.google.com\/url?q=http:\/\/xtec.gencat.cat\/ca\/formacio\/formaciogeneralprofessorat\/curriculum-competencies-avaluacio\/competencia_literaria\/&amp;source=gmail&amp;ust=1603261744621000&amp;usg=AFQjCNFKMOBQn_Wh4Y3Ct5ErmzFNSv1vBw\">inscripcions\u00a0<\/a>es poden fer a trav\u00e9s de la p\u00e0gina de formaci\u00f3 de l&#8217;xtec.<\/p>\n<p>&nbsp;<\/p>\n<table style=\"font-weight: 400; height: 263px;\" width=\"844\">\n<tbody>\n<tr>\n<td style=\"width: 44px;\"><\/td>\n<td style=\"width: 205px;\">DATA<\/td>\n<td style=\"width: 187px;\">CODI ACTIVITAT<\/td>\n<td style=\"width: 396px;\">ACTIVITAT<\/td>\n<\/tr>\n<tr>\n<td style=\"width: 44px;\">1<\/td>\n<td style=\"width: 205px;\">24 octubre<\/p>\n<p>dissabte 9 a 11<\/td>\n<td style=\"width: 187px;\">9000320555<\/td>\n<td style=\"width: 396px;\">Joan Perucho al Mapa Literari Catal\u00e0. El mapa literari com a recurs educatiu<\/td>\n<\/tr>\n<tr>\n<td style=\"width: 44px;\">2<\/td>\n<td style=\"width: 205px;\">14 novembre<\/p>\n<p>dissabte 9 a 11<\/td>\n<td style=\"width: 187px;\">9000330555<\/td>\n<td style=\"width: 396px;\">Josep Carner al Mapa Literari Catal\u00e0. El mapa literari com a recurs educatiu<\/td>\n<\/tr>\n<\/tbody>\n<\/table>\n<p style=\"font-weight: 400;\"><strong>\u00a0<\/strong><\/p>\n<p style=\"font-weight: 400;\"><strong>Dinamitzacions de Clubs de Lectures Prescriptives al Batxillerat 2020-2021\u00a0<\/strong><\/p>\n<table style=\"font-weight: 400; height: 960px;\" width=\"845\">\n<tbody>\n<tr>\n<td style=\"width: 44px;\"><\/td>\n<td style=\"width: 262px;\">DATA<\/td>\n<td style=\"width: 151px;\">CODI ACTIVITAT<\/td>\n<td style=\"width: 376px;\">OBRA\u00a0\u00a0I AUTOR<\/td>\n<\/tr>\n<tr>\n<td style=\"width: 44px;\">1<\/td>\n<td style=\"width: 262px;\">29 octubre de 19 a 21 h dijous<\/td>\n<td style=\"width: 151px;\">9000480555<\/td>\n<td style=\"width: 376px;\"><em>Feli\u00e7ment, jo soc una dona\u00a0<\/em>de Maria Aur\u00e8lia Capmany<em>\u00a0<\/em><\/td>\n<\/tr>\n<tr>\n<td style=\"width: 44px;\">2<\/td>\n<td style=\"width: 262px;\">30 d&#8217;octubre de 19 a 21h divendres<\/td>\n<td style=\"width: 151px;\">9000440555<\/td>\n<td style=\"width: 376px;\"><em>Visions &amp; Cants\u00a0<\/em>de Joan Maragall<\/p>\n<p><em>\u00a0<\/em><\/td>\n<\/tr>\n<tr>\n<td style=\"width: 44px;\">3<\/td>\n<td style=\"width: 262px;\">20 de novembre de 19 a 21h<\/p>\n<p>divendres<\/td>\n<td style=\"width: 151px;\">9000490555<\/td>\n<td style=\"width: 376px;\"><em>Bruixa de dol, de Maria-Merc\u00e8 Mar\u00e7al\u00a0\u00a0<\/em><\/td>\n<\/tr>\n<tr>\n<td style=\"width: 44px;\">4<\/td>\n<td style=\"width: 262px;\">21 novembre 9 a 11h<\/p>\n<p>dissabte<\/td>\n<td style=\"width: 151px;\">9000450555<\/td>\n<td style=\"width: 376px;\"><em>Ant\u00edgona,<\/em>\u00a0de Salvador Espriu<em>\u00a0<\/em><\/td>\n<\/tr>\n<tr>\n<td style=\"width: 44px;\">5<\/td>\n<td style=\"width: 262px;\">26 de novembre<\/p>\n<p>dijous 19 a 21h<\/td>\n<td style=\"width: 151px;\">9000430555<\/td>\n<td style=\"width: 376px;\"><em>La pla\u00e7a del Diamant<\/em>, de Merc\u00e8 Rodoreda<\/td>\n<\/tr>\n<tr>\n<td style=\"width: 44px;\">6<\/td>\n<td style=\"width: 262px;\">27 novembre de 19 a 21h<\/p>\n<p>dijous<\/td>\n<td style=\"width: 151px;\">9000310555<\/td>\n<td style=\"width: 376px;\"><em>El cor quiet,\u00a0<\/em>Josep Carner<\/td>\n<\/tr>\n<tr>\n<td style=\"width: 44px;\">7<\/td>\n<td style=\"width: 262px;\">3 de desembre de 19 a 21h<\/p>\n<p>dijous<\/td>\n<td style=\"width: 151px;\">9000470555<\/td>\n<td style=\"width: 376px;\"><em>Narracions,\u00a0<\/em>de Salvador Espriu<em>\u00a0<\/em><\/td>\n<\/tr>\n<tr>\n<td style=\"width: 44px;\">8<\/td>\n<td style=\"width: 262px;\">17 de desembre 19 a 21 dijous<\/td>\n<td style=\"width: 151px;\">9000420555<\/td>\n<td style=\"width: 376px;\"><em>Aig\u00fces encantades<\/em>\u00a0de Joan Puig i Ferreter<\/p>\n<p>&nbsp;<\/td>\n<\/tr>\n<\/tbody>\n<\/table>\n","protected":false},"excerpt":{"rendered":"<p>Al llarg d\u2019aquest primer trimestre del curs 2020-2021, gr\u00e0cies a un acord entre el Departament d\u2019Educaci\u00f3 i l\u2019entitat Espais Escrits, s\u2019han organitzat una s\u00e8rie de jornades formatives, independents entr e elles,\u00a0al voltant de la dinamitzaci\u00f3 de clubs de lectura d\u2019obres prescriptives de literatura catalana al batxillerat i d\u2019autors catalans patrimonials que s\u00f3n objecte d\u2019una commemoraci\u00f3 [&hellip;]<\/p>\n","protected":false},"author":1,"featured_media":9011,"comment_status":"closed","ping_status":"closed","sticky":false,"template":"","format":"standard","meta":{"_bbp_topic_count":0,"_bbp_reply_count":0,"_bbp_total_topic_count":0,"_bbp_total_reply_count":0,"_bbp_voice_count":0,"_bbp_anonymous_reply_count":0,"_bbp_topic_count_hidden":0,"_bbp_reply_count_hidden":0,"_bbp_forum_subforum_count":0,"site-sidebar-layout":"default","site-content-layout":"","ast-site-content-layout":"","site-content-style":"default","site-sidebar-style":"default","ast-global-header-display":"","ast-banner-title-visibility":"","ast-main-header-display":"","ast-hfb-above-header-display":"","ast-hfb-below-header-display":"","ast-hfb-mobile-header-display":"","site-post-title":"","ast-breadcrumbs-content":"","ast-featured-img":"","footer-sml-layout":"","theme-transparent-header-meta":"","adv-header-id-meta":"","stick-header-meta":"","header-above-stick-meta":"","header-main-stick-meta":"","header-below-stick-meta":"","astra-migrate-meta-layouts":"default","ast-page-background-enabled":"default","ast-page-background-meta":{"desktop":{"background-color":"var(--ast-global-color-4)","background-image":"","background-repeat":"repeat","background-position":"center center","background-size":"auto","background-attachment":"scroll","background-type":"","background-media":"","overlay-type":"","overlay-color":"","overlay-opacity":"","overlay-gradient":""},"tablet":{"background-color":"","background-image":"","background-repeat":"repeat","background-position":"center center","background-size":"auto","background-attachment":"scroll","background-type":"","background-media":"","overlay-type":"","overlay-color":"","overlay-opacity":"","overlay-gradient":""},"mobile":{"background-color":"","background-image":"","background-repeat":"repeat","background-position":"center center","background-size":"auto","background-attachment":"scroll","background-type":"","background-media":"","overlay-type":"","overlay-color":"","overlay-opacity":"","overlay-gradient":""}},"ast-content-background-meta":{"desktop":{"background-color":"var(--ast-global-color-5)","background-image":"","background-repeat":"repeat","background-position":"center center","background-size":"auto","background-attachment":"scroll","background-type":"","background-media":"","overlay-type":"","overlay-color":"","overlay-opacity":"","overlay-gradient":""},"tablet":{"background-color":"var(--ast-global-color-5)","background-image":"","background-repeat":"repeat","background-position":"center center","background-size":"auto","background-attachment":"scroll","background-type":"","background-media":"","overlay-type":"","overlay-color":"","overlay-opacity":"","overlay-gradient":""},"mobile":{"background-color":"var(--ast-global-color-5)","background-image":"","background-repeat":"repeat","background-position":"center center","background-size":"auto","background-attachment":"scroll","background-type":"","background-media":"","overlay-type":"","overlay-color":"","overlay-opacity":"","overlay-gradient":""}},"footnotes":""},"categories":[65,1,296,29],"tags":[],"class_list":["post-9010","post","type-post","status-publish","format-standard","has-post-thumbnail","hentry","category-crp","category-general","category-novetats-dinamitzacio","category-portada"],"post_mailing_queue_ids":[],"_links":{"self":[{"href":"https:\/\/serveiseducatius.xtec.cat\/baixemporda\/wp-json\/wp\/v2\/posts\/9010","targetHints":{"allow":["GET"]}}],"collection":[{"href":"https:\/\/serveiseducatius.xtec.cat\/baixemporda\/wp-json\/wp\/v2\/posts"}],"about":[{"href":"https:\/\/serveiseducatius.xtec.cat\/baixemporda\/wp-json\/wp\/v2\/types\/post"}],"author":[{"embeddable":true,"href":"https:\/\/serveiseducatius.xtec.cat\/baixemporda\/wp-json\/wp\/v2\/users\/1"}],"replies":[{"embeddable":true,"href":"https:\/\/serveiseducatius.xtec.cat\/baixemporda\/wp-json\/wp\/v2\/comments?post=9010"}],"version-history":[{"count":2,"href":"https:\/\/serveiseducatius.xtec.cat\/baixemporda\/wp-json\/wp\/v2\/posts\/9010\/revisions"}],"predecessor-version":[{"id":9013,"href":"https:\/\/serveiseducatius.xtec.cat\/baixemporda\/wp-json\/wp\/v2\/posts\/9010\/revisions\/9013"}],"wp:featuredmedia":[{"embeddable":true,"href":"https:\/\/serveiseducatius.xtec.cat\/baixemporda\/wp-json\/wp\/v2\/media\/9011"}],"wp:attachment":[{"href":"https:\/\/serveiseducatius.xtec.cat\/baixemporda\/wp-json\/wp\/v2\/media?parent=9010"}],"wp:term":[{"taxonomy":"category","embeddable":true,"href":"https:\/\/serveiseducatius.xtec.cat\/baixemporda\/wp-json\/wp\/v2\/categories?post=9010"},{"taxonomy":"post_tag","embeddable":true,"href":"https:\/\/serveiseducatius.xtec.cat\/baixemporda\/wp-json\/wp\/v2\/tags?post=9010"}],"curies":[{"name":"wp","href":"https:\/\/api.w.org\/{rel}","templated":true}]}}