{"id":18195,"date":"2026-04-30T16:48:13","date_gmt":"2026-04-30T14:48:13","guid":{"rendered":"https:\/\/serveiseducatius.xtec.cat\/baixemporda\/?p=18195"},"modified":"2026-04-30T16:48:27","modified_gmt":"2026-04-30T14:48:27","slug":"xviii-jornada-de-programacio-i-robotica-educatives","status":"publish","type":"post","link":"https:\/\/serveiseducatius.xtec.cat\/baixemporda\/general\/xviii-jornada-de-programacio-i-robotica-educatives\/","title":{"rendered":"XVIII Jornada de Programaci\u00f3 i\u00a0Rob\u00f2tica Educatives"},"content":{"rendered":"\n<figure class=\"wp-block-image aligncenter size-large is-resized\"><a href=\"https:\/\/serveiseducatius.xtec.cat\/baixemporda\/wp-content\/uploads\/usu1155\/2026\/04\/LOGO-JPRE-26-1.png\"><img loading=\"lazy\" decoding=\"async\" width=\"1024\" height=\"576\" src=\"https:\/\/serveiseducatius.xtec.cat\/baixemporda\/wp-content\/uploads\/usu1155\/2026\/04\/LOGO-JPRE-26-1-1024x576.png\" alt=\"\" class=\"wp-image-18196\" style=\"width:640px;height:auto\" srcset=\"https:\/\/serveiseducatius.xtec.cat\/baixemporda\/wp-content\/uploads\/usu1155\/2026\/04\/LOGO-JPRE-26-1-1024x576.png 1024w, https:\/\/serveiseducatius.xtec.cat\/baixemporda\/wp-content\/uploads\/usu1155\/2026\/04\/LOGO-JPRE-26-1-300x169.png 300w, https:\/\/serveiseducatius.xtec.cat\/baixemporda\/wp-content\/uploads\/usu1155\/2026\/04\/LOGO-JPRE-26-1-768x432.png 768w, https:\/\/serveiseducatius.xtec.cat\/baixemporda\/wp-content\/uploads\/usu1155\/2026\/04\/LOGO-JPRE-26-1-1536x864.png 1536w, https:\/\/serveiseducatius.xtec.cat\/baixemporda\/wp-content\/uploads\/usu1155\/2026\/04\/LOGO-JPRE-26-1.png 2000w\" sizes=\"auto, (max-width: 1024px) 100vw, 1024px\" \/><\/a><\/figure>\n\n\n\n<p>La&nbsp;<strong>Jornada de Programaci\u00f3 i Rob\u00f2tica Educatives<\/strong>&nbsp;arribar\u00e0 aquest 2026 a la seva&nbsp;<strong>XVIII edici\u00f3<\/strong>. Se celebrar\u00e0 el<strong>&nbsp;dissabte 16 de maig&nbsp;<\/strong>al&nbsp;<strong>Citilab&nbsp;<\/strong>de Cornell\u00e0 de Llobregat (Barcelona) i ser\u00e0 una oportunitat \u00fanica per descobrir com la programaci\u00f3, la rob\u00f2tica, el pensament computacional, la fabricaci\u00f3 digital i altres tecnologies promouen el desenvolupament de les compet\u00e8ncies digitals de l\u2019alumnat d\u2019infantil, prim\u00e0ria i secund\u00e0ria.<\/p>\n\n\n\n<p>Enguany, els docents interessats podran gaudir de:<\/p>\n\n\n\n<p>\u200b&nbsp;&#8211;<strong>Tallers&nbsp;<\/strong>focalitzats a desenvolupar les compet\u00e8ncies espec\u00edfiques d\u2019una \u00e0rea o mat\u00e8ria, mitjan\u00e7ant la rob\u00f2tica o la programaci\u00f3, la&nbsp;<strong>fabricaci\u00f3 digital<\/strong>&nbsp;(disseny 2D i 3D, impressi\u00f3 3D, tall l\u00e0ser, brodadora digital) tallers d<strong>\u2018intel\u00b7lig\u00e8ncia artificial<\/strong>, realitat virtual i la realitat augmentada.&nbsp;<\/p>\n\n\n\n<p>\u200b&nbsp;&#8211;<strong>Zona d\u2019exposici\u00f3 d\u2019experi\u00e8ncies educatives<\/strong>&nbsp;un espai d\u2019intercanvi on es presentaran p\u00f2sters de projectes d\u2019aula i bones pr\u00e0ctiques vinculades al desenvolupament de les compet\u00e8ncies digitals de l\u2019alumnat. Els assistents podran consultar les propostes exposades i fer preguntes directament als docents responsables, afavorint l\u2019intercanvi d\u2019experi\u00e8ncies i el debat pedag\u00f2gic.<\/p>\n\n\n\n<p>\u200b&nbsp;&#8211;<strong>Fira d\u2019empreses<\/strong>&nbsp;una mostra de les darreres novetats en productes de tecnologia educativa, acompanyada de petits tallers demostratius per con\u00e8ixer les eines m\u00e9s capdavanteres del mercat.<\/p>\n\n\n\n<p>\u200b&nbsp;&#8211; <strong>Fira d\u2019alumnes<\/strong>&nbsp;del projecte&nbsp;<strong>Robots en acci\u00f3!<\/strong>&nbsp;Els estudiants seran els protagonistes, mostrant en directe els seus prototips i projectes de rob\u00f2tica en funcionament.<\/p>\n\n\n\n<p>Formulari d&#8217;inscripci\u00f3 al seg\u00fcent <a href=\"https:\/\/programacioirobotica.github.io\/JPRE26\/\" target=\"_blank\" rel=\"noreferrer noopener\">enlla\u00e7<\/a>.<\/p>\n","protected":false},"excerpt":{"rendered":"<p>La&nbsp;Jornada de Programaci\u00f3 i Rob\u00f2tica Educatives&nbsp;arribar\u00e0 aquest 2026 a la seva&nbsp;XVIII edici\u00f3. Se celebrar\u00e0 el&nbsp;dissabte 16 de maig&nbsp;al&nbsp;Citilab&nbsp;de Cornell\u00e0 de Llobregat (Barcelona) i ser\u00e0 una oportunitat \u00fanica per descobrir com la programaci\u00f3, la rob\u00f2tica, el pensament computacional, la fabricaci\u00f3 digital i altres tecnologies promouen el desenvolupament de les compet\u00e8ncies digitals de l\u2019alumnat d\u2019infantil, prim\u00e0ria i [&hellip;]<\/p>\n","protected":false},"author":1,"featured_media":18196,"comment_status":"closed","ping_status":"open","sticky":false,"template":"","format":"standard","meta":{"_bbp_topic_count":0,"_bbp_reply_count":0,"_bbp_total_topic_count":0,"_bbp_total_reply_count":0,"_bbp_voice_count":0,"_bbp_anonymous_reply_count":0,"_bbp_topic_count_hidden":0,"_bbp_reply_count_hidden":0,"_bbp_forum_subforum_count":0,"site-sidebar-layout":"default","site-content-layout":"","ast-site-content-layout":"default","site-content-style":"default","site-sidebar-style":"default","ast-global-header-display":"","ast-banner-title-visibility":"","ast-main-header-display":"","ast-hfb-above-header-display":"","ast-hfb-below-header-display":"","ast-hfb-mobile-header-display":"","site-post-title":"","ast-breadcrumbs-content":"","ast-featured-img":"","footer-sml-layout":"","theme-transparent-header-meta":"","adv-header-id-meta":"","stick-header-meta":"","header-above-stick-meta":"","header-main-stick-meta":"","header-below-stick-meta":"","astra-migrate-meta-layouts":"set","ast-page-background-enabled":"default","ast-page-background-meta":{"desktop":{"background-color":"var(--ast-global-color-4)","background-image":"","background-repeat":"repeat","background-position":"center center","background-size":"auto","background-attachment":"scroll","background-type":"","background-media":"","overlay-type":"","overlay-color":"","overlay-opacity":"","overlay-gradient":""},"tablet":{"background-color":"","background-image":"","background-repeat":"repeat","background-position":"center center","background-size":"auto","background-attachment":"scroll","background-type":"","background-media":"","overlay-type":"","overlay-color":"","overlay-opacity":"","overlay-gradient":""},"mobile":{"background-color":"","background-image":"","background-repeat":"repeat","background-position":"center center","background-size":"auto","background-attachment":"scroll","background-type":"","background-media":"","overlay-type":"","overlay-color":"","overlay-opacity":"","overlay-gradient":""}},"ast-content-background-meta":{"desktop":{"background-color":"var(--ast-global-color-5)","background-image":"","background-repeat":"repeat","background-position":"center center","background-size":"auto","background-attachment":"scroll","background-type":"","background-media":"","overlay-type":"","overlay-color":"","overlay-opacity":"","overlay-gradient":""},"tablet":{"background-color":"var(--ast-global-color-5)","background-image":"","background-repeat":"repeat","background-position":"center center","background-size":"auto","background-attachment":"scroll","background-type":"","background-media":"","overlay-type":"","overlay-color":"","overlay-opacity":"","overlay-gradient":""},"mobile":{"background-color":"var(--ast-global-color-5)","background-image":"","background-repeat":"repeat","background-position":"center center","background-size":"auto","background-attachment":"scroll","background-type":"","background-media":"","overlay-type":"","overlay-color":"","overlay-opacity":"","overlay-gradient":""}},"footnotes":""},"categories":[65,154,1,29],"tags":[506],"class_list":["post-18195","post","type-post","status-publish","format-standard","has-post-thumbnail","hentry","category-crp","category-formacio","category-general","category-portada","tag-curs-25-26"],"post_mailing_queue_ids":[],"_links":{"self":[{"href":"https:\/\/serveiseducatius.xtec.cat\/baixemporda\/wp-json\/wp\/v2\/posts\/18195","targetHints":{"allow":["GET"]}}],"collection":[{"href":"https:\/\/serveiseducatius.xtec.cat\/baixemporda\/wp-json\/wp\/v2\/posts"}],"about":[{"href":"https:\/\/serveiseducatius.xtec.cat\/baixemporda\/wp-json\/wp\/v2\/types\/post"}],"author":[{"embeddable":true,"href":"https:\/\/serveiseducatius.xtec.cat\/baixemporda\/wp-json\/wp\/v2\/users\/1"}],"replies":[{"embeddable":true,"href":"https:\/\/serveiseducatius.xtec.cat\/baixemporda\/wp-json\/wp\/v2\/comments?post=18195"}],"version-history":[{"count":2,"href":"https:\/\/serveiseducatius.xtec.cat\/baixemporda\/wp-json\/wp\/v2\/posts\/18195\/revisions"}],"predecessor-version":[{"id":18198,"href":"https:\/\/serveiseducatius.xtec.cat\/baixemporda\/wp-json\/wp\/v2\/posts\/18195\/revisions\/18198"}],"wp:featuredmedia":[{"embeddable":true,"href":"https:\/\/serveiseducatius.xtec.cat\/baixemporda\/wp-json\/wp\/v2\/media\/18196"}],"wp:attachment":[{"href":"https:\/\/serveiseducatius.xtec.cat\/baixemporda\/wp-json\/wp\/v2\/media?parent=18195"}],"wp:term":[{"taxonomy":"category","embeddable":true,"href":"https:\/\/serveiseducatius.xtec.cat\/baixemporda\/wp-json\/wp\/v2\/categories?post=18195"},{"taxonomy":"post_tag","embeddable":true,"href":"https:\/\/serveiseducatius.xtec.cat\/baixemporda\/wp-json\/wp\/v2\/tags?post=18195"}],"curies":[{"name":"wp","href":"https:\/\/api.w.org\/{rel}","templated":true}]}}