{"id":18173,"date":"2026-04-29T16:48:18","date_gmt":"2026-04-29T14:48:18","guid":{"rendered":"https:\/\/serveiseducatius.xtec.cat\/baixemporda\/?p=18173"},"modified":"2026-04-29T16:48:19","modified_gmt":"2026-04-29T14:48:19","slug":"premis-treballs-de-recerca-jordi-frigola-arpa","status":"publish","type":"post","link":"https:\/\/serveiseducatius.xtec.cat\/baixemporda\/general\/premis-treballs-de-recerca-jordi-frigola-arpa\/","title":{"rendered":"Premis Treballs de Recerca Jordi Frigola Arpa"},"content":{"rendered":"\n<figure class=\"wp-block-image aligncenter size-full\"><a href=\"https:\/\/serveiseducatius.xtec.cat\/baixemporda\/wp-content\/uploads\/usu1155\/2026\/04\/TdR-Jordi-Frigola.jpg\"><img loading=\"lazy\" decoding=\"async\" width=\"449\" height=\"580\" src=\"https:\/\/serveiseducatius.xtec.cat\/baixemporda\/wp-content\/uploads\/usu1155\/2026\/04\/TdR-Jordi-Frigola.jpg\" alt=\"\" class=\"wp-image-18174\" srcset=\"https:\/\/serveiseducatius.xtec.cat\/baixemporda\/wp-content\/uploads\/usu1155\/2026\/04\/TdR-Jordi-Frigola.jpg 449w, https:\/\/serveiseducatius.xtec.cat\/baixemporda\/wp-content\/uploads\/usu1155\/2026\/04\/TdR-Jordi-Frigola-232x300.jpg 232w\" sizes=\"auto, (max-width: 449px) 100vw, 449px\" \/><\/a><\/figure>\n\n\n\n<p>Des de l\u2019Ajuntament de la Bisbal d\u2019Empord\u00e0 es vol promoure la recerca cient\u00edfica entre els estudiants de Batxillerat i de Cicles Formatius sobre tem\u00e0tiques d\u2019inter\u00e8s local i fomentar la investigaci\u00f3 i l\u2019estudi de temes relacionats amb la Bisbal d\u2019Empord\u00e0 en qualsevol disciplina. Per aix\u00f2, anualment es convoquen els Premis del Treballs de Recerca pels alumnes de Batxillerat i pels alumnes de Cicles Formatius.<\/p>\n\n\n\n<p>Des del 2025 el premi rep el nom de&nbsp;<strong>Jordi Frigola i Arpa<\/strong>&nbsp;en homenatge al prol\u00edfic investigador d\u2019hist\u00f2ria local de la Bisbal d\u2019Empord\u00e0.<\/p>\n\n\n\n<p>L\u2019objecte d\u2019aquest concurs \u00e9s la concessi\u00f3 de dos premis econ\u00f2mics per als concursos:<\/p>\n\n\n\n<p>\u2013 Treballs de Recerca de Batxillerat<br>\u2013 Cr\u00e8dit de S\u00edntesi o Projectes de Cicles Formatius.<\/p>\n\n\n\n<p>Es podran presentar tots els treballs que tractin sobre la Bisbal d\u2019Empord\u00e0, i hi poden participar estudiants de Batxillerat i de Cicles Formatius de grau mitj\u00e0 i superior de qualsevol institut de Catalunya durant el curs que especifiqui la convocat\u00f2ria.&nbsp;<\/p>\n\n\n\n<p><strong>Requisits per participar:<\/strong><\/p>\n\n\n\n<ul class=\"wp-block-list\">\n<li>Els treballs, cr\u00e8dits de s\u00edntesi o projectes, escrits en llengua catalana, necess\u00e0riament tractaran sobre temes relacionats amb la ciutat de la Bisbal d\u2019Empord\u00e0, en qualsevol dels seus \u00e0mbits tem\u00e0tics: cronol\u00f2gics, geogr\u00e0fics, (hist\u00f2ria, patrimoni, economia, poblaci\u00f3, emigracions, hist\u00f2ria de vida, etc\u2026).<\/li>\n\n\n\n<li>Tant el format com el suport i l\u2019extensi\u00f3 del treball \u00e9s lliure. Els escrits hauran de ser lliurats d\u2019acord amb les normes establertes en els respectius projectes curriculars dels ensenyaments que cursen els alumnes.<\/li>\n\n\n\n<li>Els treballs, cr\u00e8dits de s\u00edntesi o projecte s\u2019hauran de presentar en format digital. A la portada hi haur\u00e0 de constar el t\u00edtol del treball i haur\u00e0 d\u2019estar amb un psedud\u00f2nim.\u00a0S\u2019acompanyar\u00e0 d\u2019un document en pdf en el qual hi haur\u00e0 de constar el nom del treball, el pseud\u00f2nim i les dades b\u00e0siques de contacte de l\u2019autor o autora: nom i cognoms, fotocopia del DNI, adre\u00e7a actual, adre\u00e7a electr\u00f2nica si s\u2019escau, tel\u00e8fon fix i m\u00f2bil, curs, centre d\u2019ensenyament on estudia i la seva adre\u00e7a i nom del professor o professora que hagi tutoritzat el treball, aix\u00ed com un breu resum del treball d\u2019entre 10 i 15 l\u00ednies.<\/li>\n<\/ul>\n\n\n\n<p><strong>Presentaci\u00f3 dels treballs:<\/strong><\/p>\n\n\n\n<p>Els treballs, cr\u00e8dits de s\u00edntesi o projectes es presentaran per registre d\u2019entrada a l\u2019Ajuntament de la Bisbal d\u2019Empord\u00e0, ja sigui telem\u00e0ticament (https:\/\/www.seu-e.cat\/ca\/web\/labisbaldemporda) o presencialment a l\u2019Oficina d\u2019Atenci\u00f3 Ciutadana de l\u2019Ajuntament de la Bisbal d\u2019Empord\u00e0 (Ajuntament Vell, C\/ de les Mesures, 17), a l\u2019atenci\u00f3 de l\u2019\u00c0rea d\u2019Ensenyament.<\/p>\n\n\n\n<p>Termini de presentaci\u00f3 20 de maig. M\u00e9s informaci\u00f3 al seg\u00fcent <a href=\"https:\/\/labisbal.cat\/serveis\/educacio\/premis-treball-recerca-de-batxillerat-i-cicles-formatius\/\" target=\"_blank\" rel=\"noreferrer noopener\">enlla\u00e7<\/a>.<\/p>\n","protected":false},"excerpt":{"rendered":"<p>Des de l\u2019Ajuntament de la Bisbal d\u2019Empord\u00e0 es vol promoure la recerca cient\u00edfica entre els estudiants de Batxillerat i de Cicles Formatius sobre tem\u00e0tiques d\u2019inter\u00e8s local i fomentar la investigaci\u00f3 i l\u2019estudi de temes relacionats amb la Bisbal d\u2019Empord\u00e0 en qualsevol disciplina. Per aix\u00f2, anualment es convoquen els Premis del Treballs de Recerca pels alumnes [&hellip;]<\/p>\n","protected":false},"author":1,"featured_media":18174,"comment_status":"closed","ping_status":"open","sticky":false,"template":"","format":"standard","meta":{"_bbp_topic_count":0,"_bbp_reply_count":0,"_bbp_total_topic_count":0,"_bbp_total_reply_count":0,"_bbp_voice_count":0,"_bbp_anonymous_reply_count":0,"_bbp_topic_count_hidden":0,"_bbp_reply_count_hidden":0,"_bbp_forum_subforum_count":0,"site-sidebar-layout":"default","site-content-layout":"","ast-site-content-layout":"default","site-content-style":"default","site-sidebar-style":"default","ast-global-header-display":"","ast-banner-title-visibility":"","ast-main-header-display":"","ast-hfb-above-header-display":"","ast-hfb-below-header-display":"","ast-hfb-mobile-header-display":"","site-post-title":"","ast-breadcrumbs-content":"","ast-featured-img":"","footer-sml-layout":"","theme-transparent-header-meta":"","adv-header-id-meta":"","stick-header-meta":"","header-above-stick-meta":"","header-main-stick-meta":"","header-below-stick-meta":"","astra-migrate-meta-layouts":"set","ast-page-background-enabled":"default","ast-page-background-meta":{"desktop":{"background-color":"var(--ast-global-color-4)","background-image":"","background-repeat":"repeat","background-position":"center center","background-size":"auto","background-attachment":"scroll","background-type":"","background-media":"","overlay-type":"","overlay-color":"","overlay-opacity":"","overlay-gradient":""},"tablet":{"background-color":"","background-image":"","background-repeat":"repeat","background-position":"center center","background-size":"auto","background-attachment":"scroll","background-type":"","background-media":"","overlay-type":"","overlay-color":"","overlay-opacity":"","overlay-gradient":""},"mobile":{"background-color":"","background-image":"","background-repeat":"repeat","background-position":"center center","background-size":"auto","background-attachment":"scroll","background-type":"","background-media":"","overlay-type":"","overlay-color":"","overlay-opacity":"","overlay-gradient":""}},"ast-content-background-meta":{"desktop":{"background-color":"var(--ast-global-color-5)","background-image":"","background-repeat":"repeat","background-position":"center center","background-size":"auto","background-attachment":"scroll","background-type":"","background-media":"","overlay-type":"","overlay-color":"","overlay-opacity":"","overlay-gradient":""},"tablet":{"background-color":"var(--ast-global-color-5)","background-image":"","background-repeat":"repeat","background-position":"center center","background-size":"auto","background-attachment":"scroll","background-type":"","background-media":"","overlay-type":"","overlay-color":"","overlay-opacity":"","overlay-gradient":""},"mobile":{"background-color":"var(--ast-global-color-5)","background-image":"","background-repeat":"repeat","background-position":"center center","background-size":"auto","background-attachment":"scroll","background-type":"","background-media":"","overlay-type":"","overlay-color":"","overlay-opacity":"","overlay-gradient":""}},"footnotes":""},"categories":[65,66,1,29],"tags":[506],"class_list":["post-18173","post","type-post","status-publish","format-standard","has-post-thumbnail","hentry","category-crp","category-dinamitzacio","category-general","category-portada","tag-curs-25-26"],"post_mailing_queue_ids":[],"_links":{"self":[{"href":"https:\/\/serveiseducatius.xtec.cat\/baixemporda\/wp-json\/wp\/v2\/posts\/18173","targetHints":{"allow":["GET"]}}],"collection":[{"href":"https:\/\/serveiseducatius.xtec.cat\/baixemporda\/wp-json\/wp\/v2\/posts"}],"about":[{"href":"https:\/\/serveiseducatius.xtec.cat\/baixemporda\/wp-json\/wp\/v2\/types\/post"}],"author":[{"embeddable":true,"href":"https:\/\/serveiseducatius.xtec.cat\/baixemporda\/wp-json\/wp\/v2\/users\/1"}],"replies":[{"embeddable":true,"href":"https:\/\/serveiseducatius.xtec.cat\/baixemporda\/wp-json\/wp\/v2\/comments?post=18173"}],"version-history":[{"count":1,"href":"https:\/\/serveiseducatius.xtec.cat\/baixemporda\/wp-json\/wp\/v2\/posts\/18173\/revisions"}],"predecessor-version":[{"id":18175,"href":"https:\/\/serveiseducatius.xtec.cat\/baixemporda\/wp-json\/wp\/v2\/posts\/18173\/revisions\/18175"}],"wp:featuredmedia":[{"embeddable":true,"href":"https:\/\/serveiseducatius.xtec.cat\/baixemporda\/wp-json\/wp\/v2\/media\/18174"}],"wp:attachment":[{"href":"https:\/\/serveiseducatius.xtec.cat\/baixemporda\/wp-json\/wp\/v2\/media?parent=18173"}],"wp:term":[{"taxonomy":"category","embeddable":true,"href":"https:\/\/serveiseducatius.xtec.cat\/baixemporda\/wp-json\/wp\/v2\/categories?post=18173"},{"taxonomy":"post_tag","embeddable":true,"href":"https:\/\/serveiseducatius.xtec.cat\/baixemporda\/wp-json\/wp\/v2\/tags?post=18173"}],"curies":[{"name":"wp","href":"https:\/\/api.w.org\/{rel}","templated":true}]}}