{"id":18155,"date":"2026-04-30T14:12:35","date_gmt":"2026-04-30T12:12:35","guid":{"rendered":"https:\/\/serveiseducatius.xtec.cat\/baixemporda\/?p=18155"},"modified":"2026-04-30T14:12:35","modified_gmt":"2026-04-30T12:12:35","slug":"3a-trobada-de-robotica-de-la-vall-daro-i-sant-feliu-de-guixols","status":"publish","type":"post","link":"https:\/\/serveiseducatius.xtec.cat\/baixemporda\/general\/3a-trobada-de-robotica-de-la-vall-daro-i-sant-feliu-de-guixols\/","title":{"rendered":"3a Trobada de Rob\u00f2tica de la Vall d&#8217;Aro i Sant Feliu de Gu\u00edxols"},"content":{"rendered":"\n<figure class=\"wp-block-image size-large is-resized\"><a href=\"https:\/\/serveiseducatius.xtec.cat\/baixemporda\/wp-content\/uploads\/usu1155\/2026\/04\/Image-2026-04-30-at-11.09.28-2.jpeg\"><img loading=\"lazy\" decoding=\"async\" width=\"1024\" height=\"399\" src=\"https:\/\/serveiseducatius.xtec.cat\/baixemporda\/wp-content\/uploads\/usu1155\/2026\/04\/Image-2026-04-30-at-11.09.28-2-1024x399.jpeg\" alt=\"\" class=\"wp-image-18179\" style=\"width:720px;height:auto\" srcset=\"https:\/\/serveiseducatius.xtec.cat\/baixemporda\/wp-content\/uploads\/usu1155\/2026\/04\/Image-2026-04-30-at-11.09.28-2-1024x399.jpeg 1024w, https:\/\/serveiseducatius.xtec.cat\/baixemporda\/wp-content\/uploads\/usu1155\/2026\/04\/Image-2026-04-30-at-11.09.28-2-300x117.jpeg 300w, https:\/\/serveiseducatius.xtec.cat\/baixemporda\/wp-content\/uploads\/usu1155\/2026\/04\/Image-2026-04-30-at-11.09.28-2-768x299.jpeg 768w, https:\/\/serveiseducatius.xtec.cat\/baixemporda\/wp-content\/uploads\/usu1155\/2026\/04\/Image-2026-04-30-at-11.09.28-2-1536x599.jpeg 1536w, https:\/\/serveiseducatius.xtec.cat\/baixemporda\/wp-content\/uploads\/usu1155\/2026\/04\/Image-2026-04-30-at-11.09.28-2.jpeg 2048w\" sizes=\"auto, (max-width: 1024px) 100vw, 1024px\" \/><\/a><\/figure>\n\n\n\n<p>Dimecres 29 d&#8217;abril es va celebrar la<strong> tercera trobada de rob\u00f2tica educativa<\/strong>&nbsp;entre les escoles i els instituts de&nbsp;<strong>Castell Platja d\u2019Aro, Santa Cristina d\u2019Aro i&nbsp;Sant Feliu de Gu\u00edxols<\/strong>&nbsp;al Pavell\u00f3 municipal de Santa Cristina d\u2019Aro.<\/p>\n\n\n\n<p>Varen participar un total de 380 alumnes de 5\u00e8 de prim\u00e0ria de tots els centres de la Vall d\u2019Aro,&nbsp;<strong>Escola Els Estanys, Escola Fanals, Escola Vall d\u2019Aro i l\u2019Escola Pedralta<\/strong>&nbsp;i les escoles de Sant Feliu de Gu\u00edxols,&nbsp;<strong>Escola Ardenya, Escola Moss\u00e8n Baldiri Reixach, Escola Gaziel, Escola l\u2019Estaci\u00f3 i el Col\u00b7legi Cor de Maria Sant Josep.<\/strong><\/p>\n\n\n\n<p>Es varen formar un total de 130 equips de 3 alumnes cadascun de les diferents escoles, que amb un ordinador port\u00e0til o tablet i el robot Spike varen haver de programar, per superar els reptes proposats sobre les taules dissenyades per a l\u2019ocasi\u00f3 i on es podien identificar els entorns m\u00e9s caracter\u00edstics dels tres municipis.<\/p>\n\n\n\n<p>Mentre uns equips treballaven per superar els reptes, d\u2019altres visitaven les estacions amb experi\u00e8ncies que els hi havien preparat els alumnes dels\u00a0<strong>Instituts Ridaura, Sant Elm i Sant Feliu de Gu\u00edxols,\u00a0<\/strong>on els explicaven i participaven de les diferents propostes.<\/p>\n\n\n\n<p>Enguany tamb\u00e9 s&#8217;ha organitzat un espai anomenat DESENDOLLATS, on l&#8217;equip de professors del <strong>Grup de Recerca UdiGitalEdu<\/strong> i vinculat al Departament d&#8217;Arquitectura i tecnologia de computadors de la <strong>Universitat de Girona<\/strong> varen organitzar per a tots els alumnes uns tallers educatius per potenciar la creativitat i fomentar el pensament computacional. <br><\/p>\n\n\n\n<p>L\u2019alumnat de secund\u00e0ria, amb uns 80 participants, van col\u00b7laborar en ajudar els equips a desenvolupar les propostes de programaci\u00f3, aix\u00ed com van actuar d\u2019\u00e0rbitres per validar la superaci\u00f3 dels reptes.<\/p>\n\n\n\n<p>Tant els alumnes de prim\u00e0ria com de secund\u00e0ria, varen valorar molt positivament l\u2019experi\u00e8ncia i l\u2019oportunitat de compartir una matinal de rob\u00f2tica educativa entre els diferents nivells educatius.<\/p>\n\n\n\n<p>Volem agrair la participaci\u00f3 dels alumnes de prim\u00e0ria i secund\u00e0ria, la implicaci\u00f3 dels docents, les direccions dels centres, al <strong>Grup de Recerca UdiGitalEdu<\/strong> de la Universitat de Giona, i els ajuntaments per fer possible aquesta proposta engrescadora.<\/p>\n\n\n\n<p>Ens retrobem l\u2019any vinent\u00a0 a la 4a edici\u00f3 a Sant Feliu de Gu\u00edxols.<\/p>\n\n\n\n<p>Us hi esperem!<\/p>\n\n\n\n<figure class=\"wp-block-image aligncenter size-large is-resized\"><a href=\"https:\/\/serveiseducatius.xtec.cat\/baixemporda\/wp-content\/uploads\/usu1155\/2026\/04\/2026_CARTELL_Trobada-robotica-VA-i-SFG.png\"><img loading=\"lazy\" decoding=\"async\" width=\"1024\" height=\"1024\" src=\"https:\/\/serveiseducatius.xtec.cat\/baixemporda\/wp-content\/uploads\/usu1155\/2026\/04\/2026_CARTELL_Trobada-robotica-VA-i-SFG-1024x1024.png\" alt=\"\" class=\"wp-image-18157\" style=\"width:485px;height:auto\" srcset=\"https:\/\/serveiseducatius.xtec.cat\/baixemporda\/wp-content\/uploads\/usu1155\/2026\/04\/2026_CARTELL_Trobada-robotica-VA-i-SFG-1024x1024.png 1024w, https:\/\/serveiseducatius.xtec.cat\/baixemporda\/wp-content\/uploads\/usu1155\/2026\/04\/2026_CARTELL_Trobada-robotica-VA-i-SFG-300x300.png 300w, https:\/\/serveiseducatius.xtec.cat\/baixemporda\/wp-content\/uploads\/usu1155\/2026\/04\/2026_CARTELL_Trobada-robotica-VA-i-SFG-150x150.png 150w, https:\/\/serveiseducatius.xtec.cat\/baixemporda\/wp-content\/uploads\/usu1155\/2026\/04\/2026_CARTELL_Trobada-robotica-VA-i-SFG-768x768.png 768w, https:\/\/serveiseducatius.xtec.cat\/baixemporda\/wp-content\/uploads\/usu1155\/2026\/04\/2026_CARTELL_Trobada-robotica-VA-i-SFG-1536x1536.png 1536w, https:\/\/serveiseducatius.xtec.cat\/baixemporda\/wp-content\/uploads\/usu1155\/2026\/04\/2026_CARTELL_Trobada-robotica-VA-i-SFG.png 2000w\" sizes=\"auto, (max-width: 1024px) 100vw, 1024px\" \/><\/a><\/figure>\n\n\n","protected":false},"excerpt":{"rendered":"<p>Dimecres 29 d&#8217;abril es va celebrar la tercera trobada de rob\u00f2tica educativa&nbsp;entre les escoles i els instituts de&nbsp;Castell Platja d\u2019Aro, Santa Cristina d\u2019Aro i&nbsp;Sant Feliu de Gu\u00edxols&nbsp;al Pavell\u00f3 municipal de Santa Cristina d\u2019Aro. Varen participar un total de 380 alumnes de 5\u00e8 de prim\u00e0ria de tots els centres de la Vall d\u2019Aro,&nbsp;Escola Els Estanys, Escola [&hellip;]<\/p>\n","protected":false},"author":1,"featured_media":18179,"comment_status":"closed","ping_status":"open","sticky":false,"template":"","format":"standard","meta":{"_bbp_topic_count":0,"_bbp_reply_count":0,"_bbp_total_topic_count":0,"_bbp_total_reply_count":0,"_bbp_voice_count":0,"_bbp_anonymous_reply_count":0,"_bbp_topic_count_hidden":0,"_bbp_reply_count_hidden":0,"_bbp_forum_subforum_count":0,"site-sidebar-layout":"default","site-content-layout":"","ast-site-content-layout":"default","site-content-style":"default","site-sidebar-style":"default","ast-global-header-display":"","ast-banner-title-visibility":"","ast-main-header-display":"","ast-hfb-above-header-display":"","ast-hfb-below-header-display":"","ast-hfb-mobile-header-display":"","site-post-title":"","ast-breadcrumbs-content":"","ast-featured-img":"","footer-sml-layout":"","theme-transparent-header-meta":"","adv-header-id-meta":"","stick-header-meta":"","header-above-stick-meta":"","header-main-stick-meta":"","header-below-stick-meta":"","astra-migrate-meta-layouts":"set","ast-page-background-enabled":"default","ast-page-background-meta":{"desktop":{"background-color":"var(--ast-global-color-4)","background-image":"","background-repeat":"repeat","background-position":"center center","background-size":"auto","background-attachment":"scroll","background-type":"","background-media":"","overlay-type":"","overlay-color":"","overlay-opacity":"","overlay-gradient":""},"tablet":{"background-color":"","background-image":"","background-repeat":"repeat","background-position":"center center","background-size":"auto","background-attachment":"scroll","background-type":"","background-media":"","overlay-type":"","overlay-color":"","overlay-opacity":"","overlay-gradient":""},"mobile":{"background-color":"","background-image":"","background-repeat":"repeat","background-position":"center center","background-size":"auto","background-attachment":"scroll","background-type":"","background-media":"","overlay-type":"","overlay-color":"","overlay-opacity":"","overlay-gradient":""}},"ast-content-background-meta":{"desktop":{"background-color":"var(--ast-global-color-5)","background-image":"","background-repeat":"repeat","background-position":"center center","background-size":"auto","background-attachment":"scroll","background-type":"","background-media":"","overlay-type":"","overlay-color":"","overlay-opacity":"","overlay-gradient":""},"tablet":{"background-color":"var(--ast-global-color-5)","background-image":"","background-repeat":"repeat","background-position":"center center","background-size":"auto","background-attachment":"scroll","background-type":"","background-media":"","overlay-type":"","overlay-color":"","overlay-opacity":"","overlay-gradient":""},"mobile":{"background-color":"var(--ast-global-color-5)","background-image":"","background-repeat":"repeat","background-position":"center center","background-size":"auto","background-attachment":"scroll","background-type":"","background-media":"","overlay-type":"","overlay-color":"","overlay-opacity":"","overlay-gradient":""}},"footnotes":""},"categories":[64,65,66,352,154,1,297,29,353,76],"tags":[506],"class_list":["post-18155","post","type-post","status-publish","format-standard","has-post-thumbnail","hentry","category-comunitat","category-crp","category-dinamitzacio","category-eso","category-formacio","category-general","category-novetats-comunitat","category-portada","category-primaria","category-recursos","tag-curs-25-26"],"post_mailing_queue_ids":[],"_links":{"self":[{"href":"https:\/\/serveiseducatius.xtec.cat\/baixemporda\/wp-json\/wp\/v2\/posts\/18155","targetHints":{"allow":["GET"]}}],"collection":[{"href":"https:\/\/serveiseducatius.xtec.cat\/baixemporda\/wp-json\/wp\/v2\/posts"}],"about":[{"href":"https:\/\/serveiseducatius.xtec.cat\/baixemporda\/wp-json\/wp\/v2\/types\/post"}],"author":[{"embeddable":true,"href":"https:\/\/serveiseducatius.xtec.cat\/baixemporda\/wp-json\/wp\/v2\/users\/1"}],"replies":[{"embeddable":true,"href":"https:\/\/serveiseducatius.xtec.cat\/baixemporda\/wp-json\/wp\/v2\/comments?post=18155"}],"version-history":[{"count":6,"href":"https:\/\/serveiseducatius.xtec.cat\/baixemporda\/wp-json\/wp\/v2\/posts\/18155\/revisions"}],"predecessor-version":[{"id":18194,"href":"https:\/\/serveiseducatius.xtec.cat\/baixemporda\/wp-json\/wp\/v2\/posts\/18155\/revisions\/18194"}],"wp:featuredmedia":[{"embeddable":true,"href":"https:\/\/serveiseducatius.xtec.cat\/baixemporda\/wp-json\/wp\/v2\/media\/18179"}],"wp:attachment":[{"href":"https:\/\/serveiseducatius.xtec.cat\/baixemporda\/wp-json\/wp\/v2\/media?parent=18155"}],"wp:term":[{"taxonomy":"category","embeddable":true,"href":"https:\/\/serveiseducatius.xtec.cat\/baixemporda\/wp-json\/wp\/v2\/categories?post=18155"},{"taxonomy":"post_tag","embeddable":true,"href":"https:\/\/serveiseducatius.xtec.cat\/baixemporda\/wp-json\/wp\/v2\/tags?post=18155"}],"curies":[{"name":"wp","href":"https:\/\/api.w.org\/{rel}","templated":true}]}}