{"id":18149,"date":"2026-04-30T12:51:39","date_gmt":"2026-04-30T10:51:39","guid":{"rendered":"https:\/\/serveiseducatius.xtec.cat\/baixemporda\/?p=18149"},"modified":"2026-04-30T14:01:51","modified_gmt":"2026-04-30T12:01:51","slug":"coneixem-el-projecte-santllo-tv-de-lescola-sant-llorenc-del-munt-de-terrassa","status":"publish","type":"post","link":"https:\/\/serveiseducatius.xtec.cat\/baixemporda\/general\/coneixem-el-projecte-santllo-tv-de-lescola-sant-llorenc-del-munt-de-terrassa\/","title":{"rendered":"Coneixem el projecte SANTLLO TV de l&#8217;ESC Sant Lloren\u00e7 del Munt de Terrassa"},"content":{"rendered":"\n<figure class=\"wp-block-image aligncenter size-large is-resized\"><a href=\"https:\/\/serveiseducatius.xtec.cat\/baixemporda\/wp-content\/uploads\/usu1155\/2026\/04\/IMG_2998-scaled.jpg\"><img loading=\"lazy\" decoding=\"async\" width=\"1024\" height=\"768\" src=\"https:\/\/serveiseducatius.xtec.cat\/baixemporda\/wp-content\/uploads\/usu1155\/2026\/04\/IMG_2998-1024x768.jpg\" alt=\"\" class=\"wp-image-18150\" style=\"width:596px;height:auto\" srcset=\"https:\/\/serveiseducatius.xtec.cat\/baixemporda\/wp-content\/uploads\/usu1155\/2026\/04\/IMG_2998-1024x768.jpg 1024w, https:\/\/serveiseducatius.xtec.cat\/baixemporda\/wp-content\/uploads\/usu1155\/2026\/04\/IMG_2998-300x225.jpg 300w, https:\/\/serveiseducatius.xtec.cat\/baixemporda\/wp-content\/uploads\/usu1155\/2026\/04\/IMG_2998-768x576.jpg 768w, https:\/\/serveiseducatius.xtec.cat\/baixemporda\/wp-content\/uploads\/usu1155\/2026\/04\/IMG_2998-1536x1152.jpg 1536w, https:\/\/serveiseducatius.xtec.cat\/baixemporda\/wp-content\/uploads\/usu1155\/2026\/04\/IMG_2998-2048x1536.jpg 2048w\" sizes=\"auto, (max-width: 1024px) 100vw, 1024px\" \/><\/a><\/figure>\n\n\n\n<p>El passat 17 d&#8217;abril de 2026, els membres dels CRP\u00b4s del Grup de treball d&#8217;Audiovisuals ens varen convidar a visitar i participar en el projecte<strong> <a href=\"https:\/\/agora.xtec.cat\/ceip-santllorenc-munt\/santllotv\/\">SANTLLO TV<\/a><\/strong> de l&#8217;Escola Sant Lloren\u00e7 del Munt de Terrassa.<\/p>\n\n\n\n<p>Un projecte que ja t\u00e9 12 anys de vida, molt consolidat al centre, a l&#8217;equip pedag\u00f2gic, a l&#8217;alumnat, a les fam\u00edlies, al barri i a la ciutat de Terrassa.<\/p>\n\n\n\n<p>A trav\u00e9s d&#8217;utilitzar les eines i recursos digitals i audiovisuals, desenvolupen un projecte que engresca tota la comunitat educativa.<\/p>\n\n\n\n<p>El <a href=\"https:\/\/drive.google.com\/file\/d\/1c0wRUm3bQm6Zr6ISR-prssGzYrnH30Z8\/view\"><strong>Projecte SantlloTV<\/strong><\/a> funciona com un veritable motor pedag\u00f2gic que combina el desenvolupament ling\u00fc\u00edstic, la comunicaci\u00f3 i les habilitats socials de l\u2019alumnat.<\/p>\n\n\n\n<p>En destaquen els objectius seg\u00fcents :<\/p>\n\n\n\n<ul class=\"wp-block-list\">\n<li><strong>Millorar l\u2019expressi\u00f3 oral i escrita:<\/strong>&nbsp;es treballa l\u2019entonaci\u00f3, la inflexi\u00f3 de la veu, la comunicaci\u00f3 no verbal i la comprensi\u00f3 dels missatges, fomentant la seguretat a l\u2019hora de parlar davant del p\u00fablic.<\/li>\n\n\n\n<li><strong>Enriquir el vocabulari:&nbsp;<\/strong>s\u2019utilitza un llenguatge proper al nivell de comprensi\u00f3 de l\u2019alumnat, que es va ampliant i consolidant a mesura que progressen en les seves habilitats comunicatives.<\/li>\n\n\n\n<li><strong>Memoritzaci\u00f3 i teatralitzaci\u00f3:&nbsp;<\/strong>els infants aprenen a memoritzar i representar els continguts, desenvolupant creativitat i expressivitat.<\/li>\n\n\n\n<li><strong>Sentit cr\u00edtic i autoreflexi\u00f3:&nbsp;<\/strong>s\u2019estimula l\u2019an\u00e0lisi de la pr\u00f2pia feina per millorar-la, redefinir els programes i adaptar-los a les necessitats de la comunitat educativa.<\/li>\n\n\n\n<li><strong>Escolta activa:&nbsp;<\/strong>es fomenta la capacitat d\u2019extreure la informaci\u00f3 m\u00e9s rellevant de cada secci\u00f3, millorant la comprensi\u00f3 i la participaci\u00f3.<\/li>\n\n\n\n<li><strong>Millora personal i cooperaci\u00f3:<\/strong>&nbsp;els alumnes aprenen a parlar amb m\u00e9s claredat, a utilitzar un vocabulari ampli i a col\u00b7laborar amb els companys per enriquir el projecte.<\/li>\n<\/ul>\n\n\n\n<p>Un gran projecte que volem compartir amb tots vosaltres que esperem us pugui inspirar. Si hi esteu interessades i en voleu m\u00e9s informaci\u00f3 ens ho feu saber!<\/p>\n\n\n\n<figure class=\"wp-block-image aligncenter size-large is-resized\"><a href=\"https:\/\/serveiseducatius.xtec.cat\/baixemporda\/wp-content\/uploads\/usu1155\/2026\/04\/IMG_2999-scaled.jpg\"><img loading=\"lazy\" decoding=\"async\" width=\"1024\" height=\"768\" src=\"https:\/\/serveiseducatius.xtec.cat\/baixemporda\/wp-content\/uploads\/usu1155\/2026\/04\/IMG_2999-1024x768.jpg\" alt=\"\" class=\"wp-image-18151\" style=\"width:547px;height:auto\" srcset=\"https:\/\/serveiseducatius.xtec.cat\/baixemporda\/wp-content\/uploads\/usu1155\/2026\/04\/IMG_2999-1024x768.jpg 1024w, https:\/\/serveiseducatius.xtec.cat\/baixemporda\/wp-content\/uploads\/usu1155\/2026\/04\/IMG_2999-300x225.jpg 300w, https:\/\/serveiseducatius.xtec.cat\/baixemporda\/wp-content\/uploads\/usu1155\/2026\/04\/IMG_2999-768x576.jpg 768w, https:\/\/serveiseducatius.xtec.cat\/baixemporda\/wp-content\/uploads\/usu1155\/2026\/04\/IMG_2999-1536x1152.jpg 1536w, https:\/\/serveiseducatius.xtec.cat\/baixemporda\/wp-content\/uploads\/usu1155\/2026\/04\/IMG_2999-2048x1536.jpg 2048w\" sizes=\"auto, (max-width: 1024px) 100vw, 1024px\" \/><\/a><\/figure>\n\n\n\n<p><\/p>\n","protected":false},"excerpt":{"rendered":"<p>El passat 17 d&#8217;abril de 2026, els membres dels CRP\u00b4s del Grup de treball d&#8217;Audiovisuals ens varen convidar a visitar i participar en el projecte SANTLLO TV de l&#8217;Escola Sant Lloren\u00e7 del Munt de Terrassa. Un projecte que ja t\u00e9 12 anys de vida, molt consolidat al centre, a l&#8217;equip pedag\u00f2gic, a l&#8217;alumnat, a les [&hellip;]<\/p>\n","protected":false},"author":1,"featured_media":18150,"comment_status":"closed","ping_status":"open","sticky":false,"template":"","format":"standard","meta":{"_bbp_topic_count":0,"_bbp_reply_count":0,"_bbp_total_topic_count":0,"_bbp_total_reply_count":0,"_bbp_voice_count":0,"_bbp_anonymous_reply_count":0,"_bbp_topic_count_hidden":0,"_bbp_reply_count_hidden":0,"_bbp_forum_subforum_count":0,"site-sidebar-layout":"default","site-content-layout":"","ast-site-content-layout":"default","site-content-style":"default","site-sidebar-style":"default","ast-global-header-display":"","ast-banner-title-visibility":"","ast-main-header-display":"","ast-hfb-above-header-display":"","ast-hfb-below-header-display":"","ast-hfb-mobile-header-display":"","site-post-title":"","ast-breadcrumbs-content":"","ast-featured-img":"","footer-sml-layout":"","theme-transparent-header-meta":"","adv-header-id-meta":"","stick-header-meta":"","header-above-stick-meta":"","header-main-stick-meta":"","header-below-stick-meta":"","astra-migrate-meta-layouts":"set","ast-page-background-enabled":"default","ast-page-background-meta":{"desktop":{"background-color":"var(--ast-global-color-4)","background-image":"","background-repeat":"repeat","background-position":"center center","background-size":"auto","background-attachment":"scroll","background-type":"","background-media":"","overlay-type":"","overlay-color":"","overlay-opacity":"","overlay-gradient":""},"tablet":{"background-color":"","background-image":"","background-repeat":"repeat","background-position":"center center","background-size":"auto","background-attachment":"scroll","background-type":"","background-media":"","overlay-type":"","overlay-color":"","overlay-opacity":"","overlay-gradient":""},"mobile":{"background-color":"","background-image":"","background-repeat":"repeat","background-position":"center center","background-size":"auto","background-attachment":"scroll","background-type":"","background-media":"","overlay-type":"","overlay-color":"","overlay-opacity":"","overlay-gradient":""}},"ast-content-background-meta":{"desktop":{"background-color":"var(--ast-global-color-5)","background-image":"","background-repeat":"repeat","background-position":"center center","background-size":"auto","background-attachment":"scroll","background-type":"","background-media":"","overlay-type":"","overlay-color":"","overlay-opacity":"","overlay-gradient":""},"tablet":{"background-color":"var(--ast-global-color-5)","background-image":"","background-repeat":"repeat","background-position":"center center","background-size":"auto","background-attachment":"scroll","background-type":"","background-media":"","overlay-type":"","overlay-color":"","overlay-opacity":"","overlay-gradient":""},"mobile":{"background-color":"var(--ast-global-color-5)","background-image":"","background-repeat":"repeat","background-position":"center center","background-size":"auto","background-attachment":"scroll","background-type":"","background-media":"","overlay-type":"","overlay-color":"","overlay-opacity":"","overlay-gradient":""}},"footnotes":""},"categories":[351,64,65,1,295,29,353,76],"tags":[506],"class_list":["post-18149","post","type-post","status-publish","format-standard","has-post-thumbnail","hentry","category-bones-practiques","category-comunitat","category-crp","category-general","category-novetats-recursos","category-portada","category-primaria","category-recursos","tag-curs-25-26"],"post_mailing_queue_ids":[],"_links":{"self":[{"href":"https:\/\/serveiseducatius.xtec.cat\/baixemporda\/wp-json\/wp\/v2\/posts\/18149","targetHints":{"allow":["GET"]}}],"collection":[{"href":"https:\/\/serveiseducatius.xtec.cat\/baixemporda\/wp-json\/wp\/v2\/posts"}],"about":[{"href":"https:\/\/serveiseducatius.xtec.cat\/baixemporda\/wp-json\/wp\/v2\/types\/post"}],"author":[{"embeddable":true,"href":"https:\/\/serveiseducatius.xtec.cat\/baixemporda\/wp-json\/wp\/v2\/users\/1"}],"replies":[{"embeddable":true,"href":"https:\/\/serveiseducatius.xtec.cat\/baixemporda\/wp-json\/wp\/v2\/comments?post=18149"}],"version-history":[{"count":5,"href":"https:\/\/serveiseducatius.xtec.cat\/baixemporda\/wp-json\/wp\/v2\/posts\/18149\/revisions"}],"predecessor-version":[{"id":18189,"href":"https:\/\/serveiseducatius.xtec.cat\/baixemporda\/wp-json\/wp\/v2\/posts\/18149\/revisions\/18189"}],"wp:featuredmedia":[{"embeddable":true,"href":"https:\/\/serveiseducatius.xtec.cat\/baixemporda\/wp-json\/wp\/v2\/media\/18150"}],"wp:attachment":[{"href":"https:\/\/serveiseducatius.xtec.cat\/baixemporda\/wp-json\/wp\/v2\/media?parent=18149"}],"wp:term":[{"taxonomy":"category","embeddable":true,"href":"https:\/\/serveiseducatius.xtec.cat\/baixemporda\/wp-json\/wp\/v2\/categories?post=18149"},{"taxonomy":"post_tag","embeddable":true,"href":"https:\/\/serveiseducatius.xtec.cat\/baixemporda\/wp-json\/wp\/v2\/tags?post=18149"}],"curies":[{"name":"wp","href":"https:\/\/api.w.org\/{rel}","templated":true}]}}