{"id":18127,"date":"2026-04-24T09:39:27","date_gmt":"2026-04-24T07:39:27","guid":{"rendered":"https:\/\/serveiseducatius.xtec.cat\/baixemporda\/?p=18127"},"modified":"2026-04-24T13:24:16","modified_gmt":"2026-04-24T11:24:16","slug":"visita-a-fundacio-institut-catala-del-suro","status":"publish","type":"post","link":"https:\/\/serveiseducatius.xtec.cat\/baixemporda\/portada\/visita-a-fundacio-institut-catala-del-suro\/","title":{"rendered":"Visita a la Fundaci\u00f3 Institut Catal\u00e0 del Suro"},"content":{"rendered":"\n<figure class=\"wp-block-image aligncenter size-full\"><a href=\"https:\/\/serveiseducatius.xtec.cat\/baixemporda\/wp-content\/uploads\/usu1155\/2026\/04\/Suro-II.png\"><img loading=\"lazy\" decoding=\"async\" width=\"908\" height=\"843\" src=\"https:\/\/serveiseducatius.xtec.cat\/baixemporda\/wp-content\/uploads\/usu1155\/2026\/04\/Suro-II.png\" alt=\"\" class=\"wp-image-18129\" srcset=\"https:\/\/serveiseducatius.xtec.cat\/baixemporda\/wp-content\/uploads\/usu1155\/2026\/04\/Suro-II.png 908w, https:\/\/serveiseducatius.xtec.cat\/baixemporda\/wp-content\/uploads\/usu1155\/2026\/04\/Suro-II-300x279.png 300w, https:\/\/serveiseducatius.xtec.cat\/baixemporda\/wp-content\/uploads\/usu1155\/2026\/04\/Suro-II-768x713.png 768w\" sizes=\"auto, (max-width: 908px) 100vw, 908px\" \/><\/a><\/figure>\n\n\n\n<p>Descobreix &#8220;El Suro a l\u2019Aula&#8221;: <strong>Una visita pedag\u00f2gica per a docents<\/strong><\/p>\n\n\n\n<p>Tens ganes de portar nous materials i experi\u00e8ncies pr\u00e0ctiques a la teva aula? La <strong><a href=\"https:\/\/icsuro.com\/\">Fundaci\u00f3 Institut Catal\u00e0 del Suro (ICSuro)<\/a><\/strong>, en col\u00b7laboraci\u00f3 amb el <strong>Servei Educatiu del Baix Empord\u00e0<\/strong>, convida tots els docents de Cicle Mitj\u00e0, Cicle Superior, Secund\u00e0ria i Batxillerat a una visita per con\u00e8ixer el potencial did\u00e0ctic d\u2019un material tan nostrat com el suro.<\/p>\n\n\n\n<p>La visita, que tindr\u00e0 lloc el <strong>dijous 4 de juny de 2026<\/strong>, de <strong>17:30 h a 20:00 h<\/strong>, a la Fundaci\u00f3 Institut Catal\u00e0 del Suro ( <a href=\"https:\/\/www.google.com\/maps\/place\/Institut+Catal%C3%A0+del+Suro\/@41.9182721,3.1644656,652m\/data=!3m2!1e3!4b1!4m6!3m5!1s0x12ba5462d8a6e895:0x18b8b9354ff33af4!8m2!3d41.9182681!4d3.1670405!16s%2Fg%2F1tr85zzm?entry=ttu&amp;g_ep=EgoyMDI2MDQyMS4wIKXMDSoASAFQAw%3D%3D\" target=\"_blank\" rel=\"noreferrer noopener\">C\/ Miquel, Vincke i Meyer, 13 de Palafrugell<\/a>) est\u00e0 pensada perqu\u00e8 els assistents no nom\u00e9s rebin informaci\u00f3, sin\u00f3 que puguin experimentar de primera m\u00e0 amb els recursos disponibles.<\/p>\n\n\n\n<p>Durant la vista, es duran a terme tres activitats principals:<\/p>\n\n\n\n<ul class=\"wp-block-list\">\n<li><strong>Presentaci\u00f3 dels Toolkits educatius:<\/strong> Es donaran a con\u00e8ixer aquests maletins pedag\u00f2gics com una <strong>eina did\u00e0ctica innovadora<\/strong>. S\u2019explicar\u00e0 detalladament el seu contingut, com estan estructurats i quin \u00e9s el seu recorregut pedag\u00f2gic per aplicar-los directament amb l&#8217;alumnat.<\/li>\n\n\n\n<li><strong>Taller experimental:<\/strong> Una sessi\u00f3 totalment pr\u00e0ctica on es realitzaran exemples basats en els <em>toolkits<\/em>. L&#8217;objectiu \u00e9s <strong>experimentar amb el suro com a material<\/strong>, descobrint les seves propietats i possibilitats dins l&#8217;\u00e0mbit cient\u00edfic i creatiu.<\/li>\n\n\n\n<li><strong>Visita a l&#8217;ICSuro:<\/strong> Els participants podran con\u00e8ixer les instal\u00b7lacions de la Fundaci\u00f3, consolidada com un <strong>centre de refer\u00e8ncia en recerca, qualitat i divulgaci\u00f3<\/strong> del sector surer.<\/li>\n<\/ul>\n\n\n\n<p>\u00c9s una oportunitat \u00fanica per connectar amb un sector clau del nostre territori des d&#8217;una vessant educativa. Els materials presentats ofereixen una forma interactiva de treballar compet\u00e8ncies transversals, des de la sostenibilitat fins a la ci\u00e8ncia aplicada, utilitzant un producte natural i de proximitat.<\/p>\n\n\n\n<p><strong>Inscripcions<\/strong> en el seg\u00fcent <a href=\"https:\/\/tuit.cat\/5gc5u\">enlla\u00e7<\/a><br><\/p>\n\n\n\n<p><\/p>\n\n\n\n<p><\/p>\n","protected":false},"excerpt":{"rendered":"<p>Descobreix &#8220;El Suro a l\u2019Aula&#8221;: Una visita pedag\u00f2gica per a docents Tens ganes de portar nous materials i experi\u00e8ncies pr\u00e0ctiques a la teva aula? La Fundaci\u00f3 Institut Catal\u00e0 del Suro (ICSuro), en col\u00b7laboraci\u00f3 amb el Servei Educatiu del Baix Empord\u00e0, convida tots els docents de Cicle Mitj\u00e0, Cicle Superior, Secund\u00e0ria i Batxillerat a una visita [&hellip;]<\/p>\n","protected":false},"author":1,"featured_media":18129,"comment_status":"closed","ping_status":"open","sticky":false,"template":"","format":"standard","meta":{"_bbp_topic_count":0,"_bbp_reply_count":0,"_bbp_total_topic_count":0,"_bbp_total_reply_count":0,"_bbp_voice_count":0,"_bbp_anonymous_reply_count":0,"_bbp_topic_count_hidden":0,"_bbp_reply_count_hidden":0,"_bbp_forum_subforum_count":0,"site-sidebar-layout":"default","site-content-layout":"","ast-site-content-layout":"default","site-content-style":"default","site-sidebar-style":"default","ast-global-header-display":"","ast-banner-title-visibility":"","ast-main-header-display":"","ast-hfb-above-header-display":"","ast-hfb-below-header-display":"","ast-hfb-mobile-header-display":"","site-post-title":"","ast-breadcrumbs-content":"","ast-featured-img":"","footer-sml-layout":"","theme-transparent-header-meta":"","adv-header-id-meta":"","stick-header-meta":"","header-above-stick-meta":"","header-main-stick-meta":"","header-below-stick-meta":"","astra-migrate-meta-layouts":"set","ast-page-background-enabled":"default","ast-page-background-meta":{"desktop":{"background-color":"var(--ast-global-color-4)","background-image":"","background-repeat":"repeat","background-position":"center center","background-size":"auto","background-attachment":"scroll","background-type":"","background-media":"","overlay-type":"","overlay-color":"","overlay-opacity":"","overlay-gradient":""},"tablet":{"background-color":"","background-image":"","background-repeat":"repeat","background-position":"center center","background-size":"auto","background-attachment":"scroll","background-type":"","background-media":"","overlay-type":"","overlay-color":"","overlay-opacity":"","overlay-gradient":""},"mobile":{"background-color":"","background-image":"","background-repeat":"repeat","background-position":"center center","background-size":"auto","background-attachment":"scroll","background-type":"","background-media":"","overlay-type":"","overlay-color":"","overlay-opacity":"","overlay-gradient":""}},"ast-content-background-meta":{"desktop":{"background-color":"var(--ast-global-color-5)","background-image":"","background-repeat":"repeat","background-position":"center center","background-size":"auto","background-attachment":"scroll","background-type":"","background-media":"","overlay-type":"","overlay-color":"","overlay-opacity":"","overlay-gradient":""},"tablet":{"background-color":"var(--ast-global-color-5)","background-image":"","background-repeat":"repeat","background-position":"center center","background-size":"auto","background-attachment":"scroll","background-type":"","background-media":"","overlay-type":"","overlay-color":"","overlay-opacity":"","overlay-gradient":""},"mobile":{"background-color":"var(--ast-global-color-5)","background-image":"","background-repeat":"repeat","background-position":"center center","background-size":"auto","background-attachment":"scroll","background-type":"","background-media":"","overlay-type":"","overlay-color":"","overlay-opacity":"","overlay-gradient":""}},"footnotes":""},"categories":[64,65,154,29],"tags":[506],"class_list":["post-18127","post","type-post","status-publish","format-standard","has-post-thumbnail","hentry","category-comunitat","category-crp","category-formacio","category-portada","tag-curs-25-26"],"post_mailing_queue_ids":[],"_links":{"self":[{"href":"https:\/\/serveiseducatius.xtec.cat\/baixemporda\/wp-json\/wp\/v2\/posts\/18127","targetHints":{"allow":["GET"]}}],"collection":[{"href":"https:\/\/serveiseducatius.xtec.cat\/baixemporda\/wp-json\/wp\/v2\/posts"}],"about":[{"href":"https:\/\/serveiseducatius.xtec.cat\/baixemporda\/wp-json\/wp\/v2\/types\/post"}],"author":[{"embeddable":true,"href":"https:\/\/serveiseducatius.xtec.cat\/baixemporda\/wp-json\/wp\/v2\/users\/1"}],"replies":[{"embeddable":true,"href":"https:\/\/serveiseducatius.xtec.cat\/baixemporda\/wp-json\/wp\/v2\/comments?post=18127"}],"version-history":[{"count":4,"href":"https:\/\/serveiseducatius.xtec.cat\/baixemporda\/wp-json\/wp\/v2\/posts\/18127\/revisions"}],"predecessor-version":[{"id":18141,"href":"https:\/\/serveiseducatius.xtec.cat\/baixemporda\/wp-json\/wp\/v2\/posts\/18127\/revisions\/18141"}],"wp:featuredmedia":[{"embeddable":true,"href":"https:\/\/serveiseducatius.xtec.cat\/baixemporda\/wp-json\/wp\/v2\/media\/18129"}],"wp:attachment":[{"href":"https:\/\/serveiseducatius.xtec.cat\/baixemporda\/wp-json\/wp\/v2\/media?parent=18127"}],"wp:term":[{"taxonomy":"category","embeddable":true,"href":"https:\/\/serveiseducatius.xtec.cat\/baixemporda\/wp-json\/wp\/v2\/categories?post=18127"},{"taxonomy":"post_tag","embeddable":true,"href":"https:\/\/serveiseducatius.xtec.cat\/baixemporda\/wp-json\/wp\/v2\/tags?post=18127"}],"curies":[{"name":"wp","href":"https:\/\/api.w.org\/{rel}","templated":true}]}}