{"id":18060,"date":"2026-04-27T12:28:57","date_gmt":"2026-04-27T10:28:57","guid":{"rendered":"https:\/\/serveiseducatius.xtec.cat\/baixemporda\/?p=18060"},"modified":"2026-04-27T13:47:33","modified_gmt":"2026-04-27T11:47:33","slug":"palamos-terra-de-mar_2026","status":"publish","type":"post","link":"https:\/\/serveiseducatius.xtec.cat\/baixemporda\/portada\/palamos-terra-de-mar_2026\/","title":{"rendered":"Palam\u00f3s Terra de Mar_2026"},"content":{"rendered":"\n<figure class=\"wp-block-image size-large\"><a href=\"https:\/\/serveiseducatius.xtec.cat\/baixemporda\/wp-content\/uploads\/usu1155\/2026\/04\/2026-04-10-12_39_09-Palamos-Terra-de-Mar.-Festival-Mariner-de-la-Costa-Brava-2026-1.png\"><img loading=\"lazy\" decoding=\"async\" width=\"1024\" height=\"430\" src=\"https:\/\/serveiseducatius.xtec.cat\/baixemporda\/wp-content\/uploads\/usu1155\/2026\/04\/2026-04-10-12_39_09-Palamos-Terra-de-Mar.-Festival-Mariner-de-la-Costa-Brava-2026-1-1024x430.png\" alt=\"\" class=\"wp-image-18065\" srcset=\"https:\/\/serveiseducatius.xtec.cat\/baixemporda\/wp-content\/uploads\/usu1155\/2026\/04\/2026-04-10-12_39_09-Palamos-Terra-de-Mar.-Festival-Mariner-de-la-Costa-Brava-2026-1-1024x430.png 1024w, https:\/\/serveiseducatius.xtec.cat\/baixemporda\/wp-content\/uploads\/usu1155\/2026\/04\/2026-04-10-12_39_09-Palamos-Terra-de-Mar.-Festival-Mariner-de-la-Costa-Brava-2026-1-300x126.png 300w, https:\/\/serveiseducatius.xtec.cat\/baixemporda\/wp-content\/uploads\/usu1155\/2026\/04\/2026-04-10-12_39_09-Palamos-Terra-de-Mar.-Festival-Mariner-de-la-Costa-Brava-2026-1-768x322.png 768w, https:\/\/serveiseducatius.xtec.cat\/baixemporda\/wp-content\/uploads\/usu1155\/2026\/04\/2026-04-10-12_39_09-Palamos-Terra-de-Mar.-Festival-Mariner-de-la-Costa-Brava-2026-1.png 1420w\" sizes=\"auto, (max-width: 1024px) 100vw, 1024px\" \/><\/a><\/figure>\n\n\n\n<p>Els propers 23 i 24 de maig el Port de Palam\u00f3s acollir\u00e0 una nova edici\u00f3 del <a href=\"https:\/\/palamosterrademar.cat\/\">Festival Mariner Palam\u00f3s Terra de Mar<\/a>.<\/p>\n\n\n\n<p>L\u2019objectiu final de la festa es apropar al p\u00fablic que ens visita la cultura i el patrimoni mar\u00edtim en un marc festiu i des de diferents aspectes: gastron\u00f2mic, familiar, esportiu, pedag\u00f2gic, l\u00fadic&#8230; i amb el&nbsp;<em>coneixement del mar<\/em>&nbsp;<em>i la recerca marina<\/em>&nbsp;com a fil vertebrador d\u2019aquesta edici\u00f3, un coneixement &nbsp;imprescindible per prendre consci\u00e8ncia i corregir les problem\u00e0tiques que amenacen mars i oceans i que ens permetran seguir gaudintd\u2019un futur mar\u00edtim ric sostenible.<\/p>\n\n\n\n<p>Us hi esperem!<\/p>\n\n\n\n<figure class=\"wp-block-image size-large\"><a href=\"https:\/\/serveiseducatius.xtec.cat\/baixemporda\/wp-content\/uploads\/usu1155\/2026\/04\/IMG_0632-scaled.jpg\"><img loading=\"lazy\" decoding=\"async\" width=\"1024\" height=\"536\" src=\"https:\/\/serveiseducatius.xtec.cat\/baixemporda\/wp-content\/uploads\/usu1155\/2026\/04\/IMG_0632-1024x536.jpg\" alt=\"\" class=\"wp-image-18073\" srcset=\"https:\/\/serveiseducatius.xtec.cat\/baixemporda\/wp-content\/uploads\/usu1155\/2026\/04\/IMG_0632-1024x536.jpg 1024w, https:\/\/serveiseducatius.xtec.cat\/baixemporda\/wp-content\/uploads\/usu1155\/2026\/04\/IMG_0632-300x157.jpg 300w, https:\/\/serveiseducatius.xtec.cat\/baixemporda\/wp-content\/uploads\/usu1155\/2026\/04\/IMG_0632-768x402.jpg 768w, https:\/\/serveiseducatius.xtec.cat\/baixemporda\/wp-content\/uploads\/usu1155\/2026\/04\/IMG_0632-1536x805.jpg 1536w, https:\/\/serveiseducatius.xtec.cat\/baixemporda\/wp-content\/uploads\/usu1155\/2026\/04\/IMG_0632-2048x1073.jpg 2048w\" sizes=\"auto, (max-width: 1024px) 100vw, 1024px\" \/><\/a><\/figure>\n","protected":false},"excerpt":{"rendered":"<p>Els propers 23 i 24 de maig el Port de Palam\u00f3s acollir\u00e0 una nova edici\u00f3 del Festival Mariner Palam\u00f3s Terra de Mar. L\u2019objectiu final de la festa es apropar al p\u00fablic que ens visita la cultura i el patrimoni mar\u00edtim en un marc festiu i des de diferents aspectes: gastron\u00f2mic, familiar, esportiu, pedag\u00f2gic, l\u00fadic&#8230; i [&hellip;]<\/p>\n","protected":false},"author":1,"featured_media":18148,"comment_status":"closed","ping_status":"open","sticky":false,"template":"","format":"standard","meta":{"_bbp_topic_count":0,"_bbp_reply_count":0,"_bbp_total_topic_count":0,"_bbp_total_reply_count":0,"_bbp_voice_count":0,"_bbp_anonymous_reply_count":0,"_bbp_topic_count_hidden":0,"_bbp_reply_count_hidden":0,"_bbp_forum_subforum_count":0,"site-sidebar-layout":"default","site-content-layout":"","ast-site-content-layout":"default","site-content-style":"default","site-sidebar-style":"default","ast-global-header-display":"","ast-banner-title-visibility":"","ast-main-header-display":"","ast-hfb-above-header-display":"","ast-hfb-below-header-display":"","ast-hfb-mobile-header-display":"","site-post-title":"","ast-breadcrumbs-content":"","ast-featured-img":"","footer-sml-layout":"","theme-transparent-header-meta":"","adv-header-id-meta":"","stick-header-meta":"","header-above-stick-meta":"","header-main-stick-meta":"","header-below-stick-meta":"","astra-migrate-meta-layouts":"set","ast-page-background-enabled":"default","ast-page-background-meta":{"desktop":{"background-color":"var(--ast-global-color-4)","background-image":"","background-repeat":"repeat","background-position":"center center","background-size":"auto","background-attachment":"scroll","background-type":"","background-media":"","overlay-type":"","overlay-color":"","overlay-opacity":"","overlay-gradient":""},"tablet":{"background-color":"","background-image":"","background-repeat":"repeat","background-position":"center center","background-size":"auto","background-attachment":"scroll","background-type":"","background-media":"","overlay-type":"","overlay-color":"","overlay-opacity":"","overlay-gradient":""},"mobile":{"background-color":"","background-image":"","background-repeat":"repeat","background-position":"center center","background-size":"auto","background-attachment":"scroll","background-type":"","background-media":"","overlay-type":"","overlay-color":"","overlay-opacity":"","overlay-gradient":""}},"ast-content-background-meta":{"desktop":{"background-color":"var(--ast-global-color-5)","background-image":"","background-repeat":"repeat","background-position":"center center","background-size":"auto","background-attachment":"scroll","background-type":"","background-media":"","overlay-type":"","overlay-color":"","overlay-opacity":"","overlay-gradient":""},"tablet":{"background-color":"var(--ast-global-color-5)","background-image":"","background-repeat":"repeat","background-position":"center center","background-size":"auto","background-attachment":"scroll","background-type":"","background-media":"","overlay-type":"","overlay-color":"","overlay-opacity":"","overlay-gradient":""},"mobile":{"background-color":"var(--ast-global-color-5)","background-image":"","background-repeat":"repeat","background-position":"center center","background-size":"auto","background-attachment":"scroll","background-type":"","background-media":"","overlay-type":"","overlay-color":"","overlay-opacity":"","overlay-gradient":""}},"footnotes":""},"categories":[64,65,66,297,29,76],"tags":[],"class_list":["post-18060","post","type-post","status-publish","format-standard","has-post-thumbnail","hentry","category-comunitat","category-crp","category-dinamitzacio","category-novetats-comunitat","category-portada","category-recursos"],"post_mailing_queue_ids":[],"_links":{"self":[{"href":"https:\/\/serveiseducatius.xtec.cat\/baixemporda\/wp-json\/wp\/v2\/posts\/18060","targetHints":{"allow":["GET"]}}],"collection":[{"href":"https:\/\/serveiseducatius.xtec.cat\/baixemporda\/wp-json\/wp\/v2\/posts"}],"about":[{"href":"https:\/\/serveiseducatius.xtec.cat\/baixemporda\/wp-json\/wp\/v2\/types\/post"}],"author":[{"embeddable":true,"href":"https:\/\/serveiseducatius.xtec.cat\/baixemporda\/wp-json\/wp\/v2\/users\/1"}],"replies":[{"embeddable":true,"href":"https:\/\/serveiseducatius.xtec.cat\/baixemporda\/wp-json\/wp\/v2\/comments?post=18060"}],"version-history":[{"count":4,"href":"https:\/\/serveiseducatius.xtec.cat\/baixemporda\/wp-json\/wp\/v2\/posts\/18060\/revisions"}],"predecessor-version":[{"id":18074,"href":"https:\/\/serveiseducatius.xtec.cat\/baixemporda\/wp-json\/wp\/v2\/posts\/18060\/revisions\/18074"}],"wp:featuredmedia":[{"embeddable":true,"href":"https:\/\/serveiseducatius.xtec.cat\/baixemporda\/wp-json\/wp\/v2\/media\/18148"}],"wp:attachment":[{"href":"https:\/\/serveiseducatius.xtec.cat\/baixemporda\/wp-json\/wp\/v2\/media?parent=18060"}],"wp:term":[{"taxonomy":"category","embeddable":true,"href":"https:\/\/serveiseducatius.xtec.cat\/baixemporda\/wp-json\/wp\/v2\/categories?post=18060"},{"taxonomy":"post_tag","embeddable":true,"href":"https:\/\/serveiseducatius.xtec.cat\/baixemporda\/wp-json\/wp\/v2\/tags?post=18060"}],"curies":[{"name":"wp","href":"https:\/\/api.w.org\/{rel}","templated":true}]}}