{"id":18003,"date":"2026-03-27T12:24:53","date_gmt":"2026-03-27T11:24:53","guid":{"rendered":"https:\/\/serveiseducatius.xtec.cat\/baixemporda\/?p=18003"},"modified":"2026-04-17T09:22:13","modified_gmt":"2026-04-17T07:22:13","slug":"xii-jornada-de-professionals-i-equips-dinfancia-i-adolescencia","status":"publish","type":"post","link":"https:\/\/serveiseducatius.xtec.cat\/baixemporda\/general\/xii-jornada-de-professionals-i-equips-dinfancia-i-adolescencia\/","title":{"rendered":"XII Jornada de Professionals i Equips d\u2019Inf\u00e0ncia i Adolesc\u00e8ncia"},"content":{"rendered":"\n<figure class=\"wp-block-image aligncenter size-full\"><a href=\"https:\/\/serveiseducatius.xtec.cat\/baixemporda\/wp-content\/uploads\/usu1155\/2026\/03\/jornada.jpg\"><img loading=\"lazy\" decoding=\"async\" width=\"511\" height=\"520\" src=\"https:\/\/serveiseducatius.xtec.cat\/baixemporda\/wp-content\/uploads\/usu1155\/2026\/03\/jornada.jpg\" alt=\"\" class=\"wp-image-18004\" srcset=\"https:\/\/serveiseducatius.xtec.cat\/baixemporda\/wp-content\/uploads\/usu1155\/2026\/03\/jornada.jpg 511w, https:\/\/serveiseducatius.xtec.cat\/baixemporda\/wp-content\/uploads\/usu1155\/2026\/03\/jornada-295x300.jpg 295w\" sizes=\"auto, (max-width: 511px) 100vw, 511px\" \/><\/a><\/figure>\n\n\n\n<p>La\u00a0<a href=\"http:\/\/www.fundaciopallach.cat\/\" target=\"_blank\" rel=\"noreferrer noopener\">Fundaci\u00f3 Pallach<\/a>\u00a0organitza la\u00a0<strong>XII Jornada de Professionals i Equips d\u2019Inf\u00e0ncia i Adolesc\u00e8ncia de la comarca<\/strong>, que tindr\u00e0 lloc el\u00a0<strong>divendres 8 de maig de 202<\/strong>6, de\u00a0<strong>9 a 14 h<\/strong>, al\u00a0<strong>Centre Municipal d\u2019Educaci\u00f3 N\u00faria Rivas Mascar\u00f3s de Palafrugell<\/strong>.<\/p>\n\n\n\n<p>Enguany, la jornada porta per t\u00edtol:\u00a0<strong>\u201cAutolesions en la inf\u00e0ncia i l&#8217;adolesc\u00e8ncia\u201d<\/strong> a c\u00e0rrec d&#8217;Isaac Lloveras Bernat, psic\u00f2leg i soci\u00f2leg.\u00a0 Actualment, les autolesions en la inf\u00e0ncia i l\u2019adolesc\u00e8ncia s\u00f3n una realitat cada vegada m\u00e9s present i preocupant, sovint vinculada al malestar emocional i a dificultats per expressar o gestionar el que els passa. Aquesta problem\u00e0tica interpel\u00b7la diversos \u00e0mbits del seu dia a dia, sigui l\u2019escola i les fam\u00edlies a les activitats extraescolars o altres espais de relaci\u00f3. Des de la CTIC, els diferents professionals procurem fer-ne un abordatge transversal, posant en com\u00fa all\u00f2 que ja fem des dels diferents \u00e0mbits dels serveis socials i educatius \u2014tant en prevenci\u00f3 com en detecci\u00f3 i intervenci\u00f3\u2014 amb l\u2019objectiu de construir una resposta coordinada que ens permeti acompanyar millor els infants i adolescents de la nostra comarca.<\/p>\n\n\n\n<p>La\u00a0<strong>inscripci\u00f3 \u00e9s gratu\u00efta<\/strong>, per\u00f2 les\u00a0<strong>places s\u00f3n limitades<\/strong>. Per inscriure-us-hi, cal omplir el formulari seg\u00fcent, abans del 3 de maig: <a href=\"https:\/\/forms.gle\/MRifEZCQsQHEe7Hp7\">https:\/\/forms.gle\/MRifEZCQsQHEe7Hp7<\/a> Si teniu dificultats per accedir al formulari, podeu contactar a trav\u00e9s del correu electr\u00f2nic admin@fundaciopallach.cat o per WhatsApp al 684 759 880<\/p>\n\n\n\n<p>Adjunt trobareu el\u00a0<a href=\"https:\/\/drive.google.com\/file\/d\/1yCMzXCuVcEM1cIVGCZZsQA0dTDVbhT_o\/view?usp=sharing\" target=\"_blank\" rel=\"noreferrer noopener\">programa complet<\/a>\u00a0de la jornada.<\/p>\n","protected":false},"excerpt":{"rendered":"<p>La\u00a0Fundaci\u00f3 Pallach\u00a0organitza la\u00a0XII Jornada de Professionals i Equips d\u2019Inf\u00e0ncia i Adolesc\u00e8ncia de la comarca, que tindr\u00e0 lloc el\u00a0divendres 8 de maig de 2026, de\u00a09 a 14 h, al\u00a0Centre Municipal d\u2019Educaci\u00f3 N\u00faria Rivas Mascar\u00f3s de Palafrugell. Enguany, la jornada porta per t\u00edtol:\u00a0\u201cAutolesions en la inf\u00e0ncia i l&#8217;adolesc\u00e8ncia\u201d a c\u00e0rrec d&#8217;Isaac Lloveras Bernat, psic\u00f2leg i soci\u00f2leg.\u00a0 Actualment, [&hellip;]<\/p>\n","protected":false},"author":1,"featured_media":18004,"comment_status":"closed","ping_status":"open","sticky":false,"template":"","format":"standard","meta":{"_bbp_topic_count":0,"_bbp_reply_count":0,"_bbp_total_topic_count":0,"_bbp_total_reply_count":0,"_bbp_voice_count":0,"_bbp_anonymous_reply_count":0,"_bbp_topic_count_hidden":0,"_bbp_reply_count_hidden":0,"_bbp_forum_subforum_count":0,"site-sidebar-layout":"default","site-content-layout":"","ast-site-content-layout":"default","site-content-style":"default","site-sidebar-style":"default","ast-global-header-display":"","ast-banner-title-visibility":"","ast-main-header-display":"","ast-hfb-above-header-display":"","ast-hfb-below-header-display":"","ast-hfb-mobile-header-display":"","site-post-title":"","ast-breadcrumbs-content":"","ast-featured-img":"","footer-sml-layout":"","theme-transparent-header-meta":"","adv-header-id-meta":"","stick-header-meta":"","header-above-stick-meta":"","header-main-stick-meta":"","header-below-stick-meta":"","astra-migrate-meta-layouts":"set","ast-page-background-enabled":"default","ast-page-background-meta":{"desktop":{"background-color":"var(--ast-global-color-4)","background-image":"","background-repeat":"repeat","background-position":"center center","background-size":"auto","background-attachment":"scroll","background-type":"","background-media":"","overlay-type":"","overlay-color":"","overlay-opacity":"","overlay-gradient":""},"tablet":{"background-color":"","background-image":"","background-repeat":"repeat","background-position":"center center","background-size":"auto","background-attachment":"scroll","background-type":"","background-media":"","overlay-type":"","overlay-color":"","overlay-opacity":"","overlay-gradient":""},"mobile":{"background-color":"","background-image":"","background-repeat":"repeat","background-position":"center center","background-size":"auto","background-attachment":"scroll","background-type":"","background-media":"","overlay-type":"","overlay-color":"","overlay-opacity":"","overlay-gradient":""}},"ast-content-background-meta":{"desktop":{"background-color":"var(--ast-global-color-5)","background-image":"","background-repeat":"repeat","background-position":"center center","background-size":"auto","background-attachment":"scroll","background-type":"","background-media":"","overlay-type":"","overlay-color":"","overlay-opacity":"","overlay-gradient":""},"tablet":{"background-color":"var(--ast-global-color-5)","background-image":"","background-repeat":"repeat","background-position":"center center","background-size":"auto","background-attachment":"scroll","background-type":"","background-media":"","overlay-type":"","overlay-color":"","overlay-opacity":"","overlay-gradient":""},"mobile":{"background-color":"var(--ast-global-color-5)","background-image":"","background-repeat":"repeat","background-position":"center center","background-size":"auto","background-attachment":"scroll","background-type":"","background-media":"","overlay-type":"","overlay-color":"","overlay-opacity":"","overlay-gradient":""}},"footnotes":""},"categories":[64,65,154,1,29],"tags":[506,423],"class_list":["post-18003","post","type-post","status-publish","format-standard","has-post-thumbnail","hentry","category-comunitat","category-crp","category-formacio","category-general","category-portada","tag-curs-25-26","tag-formacio"],"post_mailing_queue_ids":[],"_links":{"self":[{"href":"https:\/\/serveiseducatius.xtec.cat\/baixemporda\/wp-json\/wp\/v2\/posts\/18003","targetHints":{"allow":["GET"]}}],"collection":[{"href":"https:\/\/serveiseducatius.xtec.cat\/baixemporda\/wp-json\/wp\/v2\/posts"}],"about":[{"href":"https:\/\/serveiseducatius.xtec.cat\/baixemporda\/wp-json\/wp\/v2\/types\/post"}],"author":[{"embeddable":true,"href":"https:\/\/serveiseducatius.xtec.cat\/baixemporda\/wp-json\/wp\/v2\/users\/1"}],"replies":[{"embeddable":true,"href":"https:\/\/serveiseducatius.xtec.cat\/baixemporda\/wp-json\/wp\/v2\/comments?post=18003"}],"version-history":[{"count":1,"href":"https:\/\/serveiseducatius.xtec.cat\/baixemporda\/wp-json\/wp\/v2\/posts\/18003\/revisions"}],"predecessor-version":[{"id":18005,"href":"https:\/\/serveiseducatius.xtec.cat\/baixemporda\/wp-json\/wp\/v2\/posts\/18003\/revisions\/18005"}],"wp:featuredmedia":[{"embeddable":true,"href":"https:\/\/serveiseducatius.xtec.cat\/baixemporda\/wp-json\/wp\/v2\/media\/18004"}],"wp:attachment":[{"href":"https:\/\/serveiseducatius.xtec.cat\/baixemporda\/wp-json\/wp\/v2\/media?parent=18003"}],"wp:term":[{"taxonomy":"category","embeddable":true,"href":"https:\/\/serveiseducatius.xtec.cat\/baixemporda\/wp-json\/wp\/v2\/categories?post=18003"},{"taxonomy":"post_tag","embeddable":true,"href":"https:\/\/serveiseducatius.xtec.cat\/baixemporda\/wp-json\/wp\/v2\/tags?post=18003"}],"curies":[{"name":"wp","href":"https:\/\/api.w.org\/{rel}","templated":true}]}}