{"id":17935,"date":"2026-03-10T13:38:37","date_gmt":"2026-03-10T12:38:37","guid":{"rendered":"https:\/\/serveiseducatius.xtec.cat\/baixemporda\/?p=17935"},"modified":"2026-03-13T14:45:28","modified_gmt":"2026-03-13T13:45:28","slug":"vi-jornada-english-day","status":"publish","type":"post","link":"https:\/\/serveiseducatius.xtec.cat\/baixemporda\/general\/vi-jornada-english-day\/","title":{"rendered":"VI English Day"},"content":{"rendered":"\n<p>El passat divendres dia 27 de febrer, un total de 368 alumnes de 6\u00e8 de Prim\u00e0ria de 12 escoles del Baix Empord\u00e0 van participar en la VI Jornada \u201cEnglish Day\u201d.  Es va desenvolupar, tal com ja \u00e9s habitual en les darreres edicions, al municipi de Palam\u00f3s (Nau dels 50 metres i Teatre La Gorga).<\/p>\n\n\n\n<figure class=\"wp-block-gallery has-nested-images columns-default is-cropped wp-block-gallery-1 is-layout-flex wp-block-gallery-is-layout-flex\">\n<figure class=\"wp-block-image size-large\"><a href=\"https:\/\/serveiseducatius.xtec.cat\/baixemporda\/wp-content\/uploads\/usu1155\/2026\/03\/IMG_20260227_103334.jpg\"><img loading=\"lazy\" decoding=\"async\" width=\"640\" height=\"480\" data-id=\"17940\" src=\"https:\/\/serveiseducatius.xtec.cat\/baixemporda\/wp-content\/uploads\/usu1155\/2026\/03\/IMG_20260227_103334.jpg\" alt=\"\" class=\"wp-image-17940\" srcset=\"https:\/\/serveiseducatius.xtec.cat\/baixemporda\/wp-content\/uploads\/usu1155\/2026\/03\/IMG_20260227_103334.jpg 640w, https:\/\/serveiseducatius.xtec.cat\/baixemporda\/wp-content\/uploads\/usu1155\/2026\/03\/IMG_20260227_103334-300x225.jpg 300w\" sizes=\"auto, (max-width: 640px) 100vw, 640px\" \/><\/a><\/figure>\n\n\n\n<figure class=\"wp-block-image size-large\"><a href=\"https:\/\/serveiseducatius.xtec.cat\/baixemporda\/wp-content\/uploads\/usu1155\/2026\/03\/IMG_20260227_103452.jpg\"><img loading=\"lazy\" decoding=\"async\" width=\"640\" height=\"480\" data-id=\"17942\" src=\"https:\/\/serveiseducatius.xtec.cat\/baixemporda\/wp-content\/uploads\/usu1155\/2026\/03\/IMG_20260227_103452.jpg\" alt=\"\" class=\"wp-image-17942\" srcset=\"https:\/\/serveiseducatius.xtec.cat\/baixemporda\/wp-content\/uploads\/usu1155\/2026\/03\/IMG_20260227_103452.jpg 640w, https:\/\/serveiseducatius.xtec.cat\/baixemporda\/wp-content\/uploads\/usu1155\/2026\/03\/IMG_20260227_103452-300x225.jpg 300w\" sizes=\"auto, (max-width: 640px) 100vw, 640px\" \/><\/a><\/figure>\n\n\n\n<figure class=\"wp-block-image size-large\"><a href=\"https:\/\/serveiseducatius.xtec.cat\/baixemporda\/wp-content\/uploads\/usu1155\/2026\/03\/IMG_20260227_104918.jpg\"><img loading=\"lazy\" decoding=\"async\" width=\"640\" height=\"480\" data-id=\"17941\" src=\"https:\/\/serveiseducatius.xtec.cat\/baixemporda\/wp-content\/uploads\/usu1155\/2026\/03\/IMG_20260227_104918.jpg\" alt=\"\" class=\"wp-image-17941\" srcset=\"https:\/\/serveiseducatius.xtec.cat\/baixemporda\/wp-content\/uploads\/usu1155\/2026\/03\/IMG_20260227_104918.jpg 640w, https:\/\/serveiseducatius.xtec.cat\/baixemporda\/wp-content\/uploads\/usu1155\/2026\/03\/IMG_20260227_104918-300x225.jpg 300w\" sizes=\"auto, (max-width: 640px) 100vw, 640px\" \/><\/a><\/figure>\n\n\n\n<figure class=\"wp-block-image size-large\"><a href=\"https:\/\/serveiseducatius.xtec.cat\/baixemporda\/wp-content\/uploads\/usu1155\/2026\/03\/IMG_20260227_095042.jpg\"><img loading=\"lazy\" decoding=\"async\" width=\"640\" height=\"480\" data-id=\"17939\" src=\"https:\/\/serveiseducatius.xtec.cat\/baixemporda\/wp-content\/uploads\/usu1155\/2026\/03\/IMG_20260227_095042.jpg\" alt=\"\" class=\"wp-image-17939\" srcset=\"https:\/\/serveiseducatius.xtec.cat\/baixemporda\/wp-content\/uploads\/usu1155\/2026\/03\/IMG_20260227_095042.jpg 640w, https:\/\/serveiseducatius.xtec.cat\/baixemporda\/wp-content\/uploads\/usu1155\/2026\/03\/IMG_20260227_095042-300x225.jpg 300w\" sizes=\"auto, (max-width: 640px) 100vw, 640px\" \/><\/a><\/figure>\n<\/figure>\n\n\n\n<p>Es tracta, globalment, d\u2019una diada de participaci\u00f3 entre diferents escoles de la comarca del Baix Empord\u00e0, condu\u00efda en llengua anglesa. Enguany, han participat en aquesta sisena edici\u00f3, centres de: La Bisbal, Calonge i Sant Antoni, Castell-Platja d\u2019Aro i S\u2019Agar\u00f3, Cor\u00e7\u00e0, Palafrugell, Palam\u00f3s, Pals i Sant Feliu de Gu\u00edxols.<\/p>\n\n\n\n<p>Cada any es tria una tem\u00e0tica concreta, a partir d\u2019eixos que giren al voltant de la ciutadania democr\u00e0tica i la consci\u00e8ncia global (amb uns determinats valors): sostenibilitat, coeducaci\u00f3\u2026 Els docents especialistes en llengua anglesa dels centres participants tamb\u00e9 realitzen una formaci\u00f3 pr\u00e8via (participaci\u00f3 a un seminari comarcal), per poder-se coordinar i preparar tot all\u00f2 necessari per l\u2019esdeveniment.<\/p>\n\n\n\n<p>Enguany, els assistents (alumnat de sis\u00e8 de 12 escoles de la comarca) han pogut gaudir d\u2019una obra de teatre al teatre la Gorga, a c\u00e0rrec de la companyia <a href=\"https:\/\/jumpingducks.com\/obres\/the-plastic-mermaid\/\">Jumping Ducks<\/a><em>: The plastic mermaid. <\/em>Alhora, la mateixa obra i la proposta educativa de la companyia, ha perm\u00e8s que els alumnes aprenguin: l\u00e8xic, gram\u00e0tica.., i ha servit com a fil conductor de totes les activitats. En destaquem el lema i la can\u00e7\u00f3 \u201cSay no to plastic\u201d.<\/p>\n\n\n\n<figure class=\"wp-block-gallery has-nested-images columns-default is-cropped wp-block-gallery-2 is-layout-flex wp-block-gallery-is-layout-flex\">\n<figure class=\"wp-block-image size-large\"><a href=\"https:\/\/serveiseducatius.xtec.cat\/baixemporda\/wp-content\/uploads\/usu1155\/2026\/03\/WhatsApp-Image-2026-02-27-at-10.55.26.jpeg\"><img loading=\"lazy\" decoding=\"async\" width=\"1024\" height=\"768\" data-id=\"17936\" src=\"https:\/\/serveiseducatius.xtec.cat\/baixemporda\/wp-content\/uploads\/usu1155\/2026\/03\/WhatsApp-Image-2026-02-27-at-10.55.26-1024x768.jpeg\" alt=\"\" class=\"wp-image-17936\" srcset=\"https:\/\/serveiseducatius.xtec.cat\/baixemporda\/wp-content\/uploads\/usu1155\/2026\/03\/WhatsApp-Image-2026-02-27-at-10.55.26-1024x768.jpeg 1024w, https:\/\/serveiseducatius.xtec.cat\/baixemporda\/wp-content\/uploads\/usu1155\/2026\/03\/WhatsApp-Image-2026-02-27-at-10.55.26-300x225.jpeg 300w, https:\/\/serveiseducatius.xtec.cat\/baixemporda\/wp-content\/uploads\/usu1155\/2026\/03\/WhatsApp-Image-2026-02-27-at-10.55.26-768x576.jpeg 768w, https:\/\/serveiseducatius.xtec.cat\/baixemporda\/wp-content\/uploads\/usu1155\/2026\/03\/WhatsApp-Image-2026-02-27-at-10.55.26-1536x1152.jpeg 1536w, https:\/\/serveiseducatius.xtec.cat\/baixemporda\/wp-content\/uploads\/usu1155\/2026\/03\/WhatsApp-Image-2026-02-27-at-10.55.26.jpeg 1600w\" sizes=\"auto, (max-width: 1024px) 100vw, 1024px\" \/><\/a><\/figure>\n\n\n\n<figure class=\"wp-block-image size-large\"><a href=\"https:\/\/serveiseducatius.xtec.cat\/baixemporda\/wp-content\/uploads\/usu1155\/2026\/03\/WhatsApp-Image-2026-02-27-at-11.04.19.jpeg\"><img loading=\"lazy\" decoding=\"async\" width=\"1024\" height=\"768\" data-id=\"17937\" src=\"https:\/\/serveiseducatius.xtec.cat\/baixemporda\/wp-content\/uploads\/usu1155\/2026\/03\/WhatsApp-Image-2026-02-27-at-11.04.19-1024x768.jpeg\" alt=\"\" class=\"wp-image-17937\" srcset=\"https:\/\/serveiseducatius.xtec.cat\/baixemporda\/wp-content\/uploads\/usu1155\/2026\/03\/WhatsApp-Image-2026-02-27-at-11.04.19-1024x768.jpeg 1024w, https:\/\/serveiseducatius.xtec.cat\/baixemporda\/wp-content\/uploads\/usu1155\/2026\/03\/WhatsApp-Image-2026-02-27-at-11.04.19-300x225.jpeg 300w, https:\/\/serveiseducatius.xtec.cat\/baixemporda\/wp-content\/uploads\/usu1155\/2026\/03\/WhatsApp-Image-2026-02-27-at-11.04.19-768x576.jpeg 768w, https:\/\/serveiseducatius.xtec.cat\/baixemporda\/wp-content\/uploads\/usu1155\/2026\/03\/WhatsApp-Image-2026-02-27-at-11.04.19-1536x1152.jpeg 1536w, https:\/\/serveiseducatius.xtec.cat\/baixemporda\/wp-content\/uploads\/usu1155\/2026\/03\/WhatsApp-Image-2026-02-27-at-11.04.19.jpeg 1600w\" sizes=\"auto, (max-width: 1024px) 100vw, 1024px\" \/><\/a><\/figure>\n<\/figure>\n\n\n\n<p>L\u2019English Day del Baix Empord\u00e0 va n\u00e9ixer fa cinc cursos amb la voluntat de promoure l\u2019\u00fas de la llengua anglesa i l\u2019intercanvi comunicatiu, real, entre alumnes de 6\u00e8 de prim\u00e0ria de diferents centres de la comarca. Les activitats han estat gestionades a trav\u00e9s d\u2019un Seminari de coordinaci\u00f3 entre els docents especialistes de llengua anglesa que, alhora, impulsen i desenvolupen l\u2019intercanvi durant tot el curs, m\u00e9s enll\u00e0 de la jornada final.<\/p>\n\n\n\n<p>L\u2019objectiu global \u00e9s, per tant, millorar la compet\u00e8ncia comunicativa de l\u2019alumnat (treballant la gram\u00e0tica i el l\u00e8xic incl\u00f2s en les can\u00e7ons de l\u2019obra de teatre que s\u2019ofereix en la jornada final, el dia de l\u2019English Day) i, alhora, promoure el treball en xarxa i la cohesi\u00f3 social dins la mateixa zona educativa, afavorint la igualtat d\u2019oportunitats. Hnn i assisteixen grups sencers de 6\u00e8 de prim\u00e0ria, que poden gaudir de l\u2019obra de teatre que s\u2019ha treballat pr\u00e8viament durant tot el curs i que, normalment, inclou valors com la: coeducaci\u00f3 i perspectiva de g\u00e8nere, la sostenibilitat i cura de l\u2019entorn, entre d\u2019altres. Enguany s\u2019ha refor\u00e7at la sostenibilitat i la cura del medi.<\/p>\n\n\n\n<figure class=\"wp-block-image aligncenter size-full\"><a href=\"https:\/\/serveiseducatius.xtec.cat\/baixemporda\/wp-content\/uploads\/usu1155\/2026\/03\/WhatsApp-Image-2026-03-12-at-12.24.45.jpeg\"><img loading=\"lazy\" decoding=\"async\" width=\"547\" height=\"414\" src=\"https:\/\/serveiseducatius.xtec.cat\/baixemporda\/wp-content\/uploads\/usu1155\/2026\/03\/WhatsApp-Image-2026-03-12-at-12.24.45.jpeg\" alt=\"\" class=\"wp-image-17956\" srcset=\"https:\/\/serveiseducatius.xtec.cat\/baixemporda\/wp-content\/uploads\/usu1155\/2026\/03\/WhatsApp-Image-2026-03-12-at-12.24.45.jpeg 547w, https:\/\/serveiseducatius.xtec.cat\/baixemporda\/wp-content\/uploads\/usu1155\/2026\/03\/WhatsApp-Image-2026-03-12-at-12.24.45-300x227.jpeg 300w\" sizes=\"auto, (max-width: 547px) 100vw, 547px\" \/><\/a><\/figure>\n\n\n\n<p>Des del Servei Educatiu, volem donar les gr\u00e0cies a l\u2019Ajuntament de Palam\u00f3s per la seva disponibilitat i generositat, a la Ver\u00f2nica Morante (coordinadora del seminari, juntament amb la Nathalie Amaro), a l\u2019IE Vila-rom\u00e0, aix\u00ed com tamb\u00e9 a totes les escoles participants, docents i alumnat,que ho han fet possible un curs m\u00e9s.<\/p>\n\n\n\n<p><\/p>\n","protected":false},"excerpt":{"rendered":"<p>El passat divendres dia 27 de febrer, un total de 368 alumnes de 6\u00e8 de Prim\u00e0ria de 12 escoles del Baix Empord\u00e0 van participar en la VI Jornada \u201cEnglish Day\u201d. Es va desenvolupar, tal com ja \u00e9s habitual en les darreres edicions, al municipi de Palam\u00f3s (Nau dels 50 metres i Teatre La Gorga). Es [&hellip;]<\/p>\n","protected":false},"author":1,"featured_media":17939,"comment_status":"closed","ping_status":"open","sticky":false,"template":"","format":"standard","meta":{"_bbp_topic_count":0,"_bbp_reply_count":0,"_bbp_total_topic_count":0,"_bbp_total_reply_count":0,"_bbp_voice_count":0,"_bbp_anonymous_reply_count":0,"_bbp_topic_count_hidden":0,"_bbp_reply_count_hidden":0,"_bbp_forum_subforum_count":0,"site-sidebar-layout":"default","site-content-layout":"","ast-site-content-layout":"default","site-content-style":"default","site-sidebar-style":"default","ast-global-header-display":"","ast-banner-title-visibility":"","ast-main-header-display":"","ast-hfb-above-header-display":"","ast-hfb-below-header-display":"","ast-hfb-mobile-header-display":"","site-post-title":"","ast-breadcrumbs-content":"","ast-featured-img":"","footer-sml-layout":"","theme-transparent-header-meta":"","adv-header-id-meta":"","stick-header-meta":"","header-above-stick-meta":"","header-main-stick-meta":"","header-below-stick-meta":"","astra-migrate-meta-layouts":"set","ast-page-background-enabled":"default","ast-page-background-meta":{"desktop":{"background-color":"var(--ast-global-color-4)","background-image":"","background-repeat":"repeat","background-position":"center center","background-size":"auto","background-attachment":"scroll","background-type":"","background-media":"","overlay-type":"","overlay-color":"","overlay-opacity":"","overlay-gradient":""},"tablet":{"background-color":"","background-image":"","background-repeat":"repeat","background-position":"center center","background-size":"auto","background-attachment":"scroll","background-type":"","background-media":"","overlay-type":"","overlay-color":"","overlay-opacity":"","overlay-gradient":""},"mobile":{"background-color":"","background-image":"","background-repeat":"repeat","background-position":"center center","background-size":"auto","background-attachment":"scroll","background-type":"","background-media":"","overlay-type":"","overlay-color":"","overlay-opacity":"","overlay-gradient":""}},"ast-content-background-meta":{"desktop":{"background-color":"var(--ast-global-color-5)","background-image":"","background-repeat":"repeat","background-position":"center center","background-size":"auto","background-attachment":"scroll","background-type":"","background-media":"","overlay-type":"","overlay-color":"","overlay-opacity":"","overlay-gradient":""},"tablet":{"background-color":"var(--ast-global-color-5)","background-image":"","background-repeat":"repeat","background-position":"center center","background-size":"auto","background-attachment":"scroll","background-type":"","background-media":"","overlay-type":"","overlay-color":"","overlay-opacity":"","overlay-gradient":""},"mobile":{"background-color":"var(--ast-global-color-5)","background-image":"","background-repeat":"repeat","background-position":"center center","background-size":"auto","background-attachment":"scroll","background-type":"","background-media":"","overlay-type":"","overlay-color":"","overlay-opacity":"","overlay-gradient":""}},"footnotes":""},"categories":[65,69,1,29],"tags":[506],"class_list":["post-17935","post","type-post","status-publish","format-standard","has-post-thumbnail","hentry","category-crp","category-english-day","category-general","category-portada","tag-curs-25-26"],"post_mailing_queue_ids":[],"_links":{"self":[{"href":"https:\/\/serveiseducatius.xtec.cat\/baixemporda\/wp-json\/wp\/v2\/posts\/17935","targetHints":{"allow":["GET"]}}],"collection":[{"href":"https:\/\/serveiseducatius.xtec.cat\/baixemporda\/wp-json\/wp\/v2\/posts"}],"about":[{"href":"https:\/\/serveiseducatius.xtec.cat\/baixemporda\/wp-json\/wp\/v2\/types\/post"}],"author":[{"embeddable":true,"href":"https:\/\/serveiseducatius.xtec.cat\/baixemporda\/wp-json\/wp\/v2\/users\/1"}],"replies":[{"embeddable":true,"href":"https:\/\/serveiseducatius.xtec.cat\/baixemporda\/wp-json\/wp\/v2\/comments?post=17935"}],"version-history":[{"count":6,"href":"https:\/\/serveiseducatius.xtec.cat\/baixemporda\/wp-json\/wp\/v2\/posts\/17935\/revisions"}],"predecessor-version":[{"id":17965,"href":"https:\/\/serveiseducatius.xtec.cat\/baixemporda\/wp-json\/wp\/v2\/posts\/17935\/revisions\/17965"}],"wp:featuredmedia":[{"embeddable":true,"href":"https:\/\/serveiseducatius.xtec.cat\/baixemporda\/wp-json\/wp\/v2\/media\/17939"}],"wp:attachment":[{"href":"https:\/\/serveiseducatius.xtec.cat\/baixemporda\/wp-json\/wp\/v2\/media?parent=17935"}],"wp:term":[{"taxonomy":"category","embeddable":true,"href":"https:\/\/serveiseducatius.xtec.cat\/baixemporda\/wp-json\/wp\/v2\/categories?post=17935"},{"taxonomy":"post_tag","embeddable":true,"href":"https:\/\/serveiseducatius.xtec.cat\/baixemporda\/wp-json\/wp\/v2\/tags?post=17935"}],"curies":[{"name":"wp","href":"https:\/\/api.w.org\/{rel}","templated":true}]}}