{"id":17888,"date":"2026-03-06T09:16:06","date_gmt":"2026-03-06T08:16:06","guid":{"rendered":"https:\/\/serveiseducatius.xtec.cat\/baixemporda\/?p=17888"},"modified":"2026-03-06T09:16:08","modified_gmt":"2026-03-06T08:16:08","slug":"el-premi-de-lhermini","status":"publish","type":"post","link":"https:\/\/serveiseducatius.xtec.cat\/baixemporda\/general\/el-premi-de-lhermini\/","title":{"rendered":"El premi de l&#8217;Hermini"},"content":{"rendered":"\n<figure class=\"wp-block-image aligncenter size-full is-resized\"><a href=\"https:\/\/serveiseducatius.xtec.cat\/baixemporda\/wp-content\/uploads\/usu1155\/2026\/03\/BANNER-1920x1080-1-1024x576-1.jpg\"><img loading=\"lazy\" decoding=\"async\" width=\"1024\" height=\"576\" src=\"https:\/\/serveiseducatius.xtec.cat\/baixemporda\/wp-content\/uploads\/usu1155\/2026\/03\/BANNER-1920x1080-1-1024x576-1.jpg\" alt=\"\" class=\"wp-image-17889\" style=\"width:578px;height:auto\" srcset=\"https:\/\/serveiseducatius.xtec.cat\/baixemporda\/wp-content\/uploads\/usu1155\/2026\/03\/BANNER-1920x1080-1-1024x576-1.jpg 1024w, https:\/\/serveiseducatius.xtec.cat\/baixemporda\/wp-content\/uploads\/usu1155\/2026\/03\/BANNER-1920x1080-1-1024x576-1-300x169.jpg 300w, https:\/\/serveiseducatius.xtec.cat\/baixemporda\/wp-content\/uploads\/usu1155\/2026\/03\/BANNER-1920x1080-1-1024x576-1-768x432.jpg 768w\" sizes=\"auto, (max-width: 1024px) 100vw, 1024px\" \/><\/a><\/figure>\n\n\n\n<p>La&nbsp;<strong>Fundaci\u00f3 Hermini Tudela<\/strong>&nbsp;impulsa la segona edici\u00f3 del&nbsp;<strong>Premi de l\u2019Hermini<\/strong>, amb l\u2019objectiu de recon\u00e8ixer i refor\u00e7ar experi\u00e8ncies educatives orientades al benestar dels infants i joves que, per motius de salut, discapacitat o neurodiversitat, es troben amb reptes en la seva escolaritzaci\u00f3 en un context d\u2019escola ordin\u00e0ria o que no hi poden assistir de manera continuada.<\/p>\n\n\n\n<p>El premi posa el focus en aquelles iniciatives que contribueixen a garantir traject\u00f2ries educatives m\u00e9s inclusives i a generar respostes ajustades a la diversitat de necessitats de l\u2019alumnat.<\/p>\n\n\n\n<p><strong>Qui s\u2019hi pot presentar?<\/strong><\/p>\n\n\n\n<p>Escoles i Instituts amb etapes d\u2019educaci\u00f3 infantil, prim\u00e0ria i ESO de Catalunya<\/p>\n\n\n\n<p><strong>Quines experi\u00e8ncies busquem?<\/strong><\/p>\n\n\n\n<p>Intervencions educatives que impulsin entorns d\u2019aprenentatge en qu\u00e8 la diversitat es visqui com un element enriquidor per a tothom.<\/p>\n\n\n\n<p><strong>S\u00f3n projectes de futur o experi\u00e8ncies ja realitzades?<\/strong><\/p>\n\n\n\n<p>Han de ser experi\u00e8ncies que estiguin en curs o b\u00e9 que s\u2019hagin realitzat a partir del curs 2022-23.<\/p>\n\n\n\n<p><strong>Dotaci\u00f3<\/strong><\/p>\n\n\n\n<p>La convocat\u00f2ria preveu:<\/p>\n\n\n\n<ul class=\"wp-block-list\">\n<li><strong>4 premis de 2.000 \u20ac<\/strong>\u00a0en categoria d\u2019aula<\/li>\n\n\n\n<li><strong>1 premi de 5.000 \u20ac<\/strong>\u00a0en categoria de centre<\/li>\n<\/ul>\n\n\n\n<p><strong>Termini<\/strong><\/p>\n\n\n\n<p>Les inscripcions estan obertes&nbsp;<strong>fins al 12 d\u2019abril<\/strong>.<\/p>\n\n\n\n<p>M\u00e9s informaci\u00f3 i acc\u00e9s a la convocat\u00f2ria:&nbsp;<a href=\"https:\/\/herminitudela.org\/\">https:\/\/herminitudela.org\/<\/a><\/p>\n","protected":false},"excerpt":{"rendered":"<p>La&nbsp;Fundaci\u00f3 Hermini Tudela&nbsp;impulsa la segona edici\u00f3 del&nbsp;Premi de l\u2019Hermini, amb l\u2019objectiu de recon\u00e8ixer i refor\u00e7ar experi\u00e8ncies educatives orientades al benestar dels infants i joves que, per motius de salut, discapacitat o neurodiversitat, es troben amb reptes en la seva escolaritzaci\u00f3 en un context d\u2019escola ordin\u00e0ria o que no hi poden assistir de manera continuada. El [&hellip;]<\/p>\n","protected":false},"author":1,"featured_media":17889,"comment_status":"closed","ping_status":"open","sticky":false,"template":"","format":"standard","meta":{"_bbp_topic_count":0,"_bbp_reply_count":0,"_bbp_total_topic_count":0,"_bbp_total_reply_count":0,"_bbp_voice_count":0,"_bbp_anonymous_reply_count":0,"_bbp_topic_count_hidden":0,"_bbp_reply_count_hidden":0,"_bbp_forum_subforum_count":0,"site-sidebar-layout":"default","site-content-layout":"","ast-site-content-layout":"default","site-content-style":"default","site-sidebar-style":"default","ast-global-header-display":"","ast-banner-title-visibility":"","ast-main-header-display":"","ast-hfb-above-header-display":"","ast-hfb-below-header-display":"","ast-hfb-mobile-header-display":"","site-post-title":"","ast-breadcrumbs-content":"","ast-featured-img":"","footer-sml-layout":"","theme-transparent-header-meta":"","adv-header-id-meta":"","stick-header-meta":"","header-above-stick-meta":"","header-main-stick-meta":"","header-below-stick-meta":"","astra-migrate-meta-layouts":"set","ast-page-background-enabled":"default","ast-page-background-meta":{"desktop":{"background-color":"var(--ast-global-color-4)","background-image":"","background-repeat":"repeat","background-position":"center center","background-size":"auto","background-attachment":"scroll","background-type":"","background-media":"","overlay-type":"","overlay-color":"","overlay-opacity":"","overlay-gradient":""},"tablet":{"background-color":"","background-image":"","background-repeat":"repeat","background-position":"center center","background-size":"auto","background-attachment":"scroll","background-type":"","background-media":"","overlay-type":"","overlay-color":"","overlay-opacity":"","overlay-gradient":""},"mobile":{"background-color":"","background-image":"","background-repeat":"repeat","background-position":"center center","background-size":"auto","background-attachment":"scroll","background-type":"","background-media":"","overlay-type":"","overlay-color":"","overlay-opacity":"","overlay-gradient":""}},"ast-content-background-meta":{"desktop":{"background-color":"var(--ast-global-color-5)","background-image":"","background-repeat":"repeat","background-position":"center center","background-size":"auto","background-attachment":"scroll","background-type":"","background-media":"","overlay-type":"","overlay-color":"","overlay-opacity":"","overlay-gradient":""},"tablet":{"background-color":"var(--ast-global-color-5)","background-image":"","background-repeat":"repeat","background-position":"center center","background-size":"auto","background-attachment":"scroll","background-type":"","background-media":"","overlay-type":"","overlay-color":"","overlay-opacity":"","overlay-gradient":""},"mobile":{"background-color":"var(--ast-global-color-5)","background-image":"","background-repeat":"repeat","background-position":"center center","background-size":"auto","background-attachment":"scroll","background-type":"","background-media":"","overlay-type":"","overlay-color":"","overlay-opacity":"","overlay-gradient":""}},"footnotes":""},"categories":[65,66,1,29],"tags":[506],"class_list":["post-17888","post","type-post","status-publish","format-standard","has-post-thumbnail","hentry","category-crp","category-dinamitzacio","category-general","category-portada","tag-curs-25-26"],"post_mailing_queue_ids":[],"_links":{"self":[{"href":"https:\/\/serveiseducatius.xtec.cat\/baixemporda\/wp-json\/wp\/v2\/posts\/17888","targetHints":{"allow":["GET"]}}],"collection":[{"href":"https:\/\/serveiseducatius.xtec.cat\/baixemporda\/wp-json\/wp\/v2\/posts"}],"about":[{"href":"https:\/\/serveiseducatius.xtec.cat\/baixemporda\/wp-json\/wp\/v2\/types\/post"}],"author":[{"embeddable":true,"href":"https:\/\/serveiseducatius.xtec.cat\/baixemporda\/wp-json\/wp\/v2\/users\/1"}],"replies":[{"embeddable":true,"href":"https:\/\/serveiseducatius.xtec.cat\/baixemporda\/wp-json\/wp\/v2\/comments?post=17888"}],"version-history":[{"count":1,"href":"https:\/\/serveiseducatius.xtec.cat\/baixemporda\/wp-json\/wp\/v2\/posts\/17888\/revisions"}],"predecessor-version":[{"id":17890,"href":"https:\/\/serveiseducatius.xtec.cat\/baixemporda\/wp-json\/wp\/v2\/posts\/17888\/revisions\/17890"}],"wp:featuredmedia":[{"embeddable":true,"href":"https:\/\/serveiseducatius.xtec.cat\/baixemporda\/wp-json\/wp\/v2\/media\/17889"}],"wp:attachment":[{"href":"https:\/\/serveiseducatius.xtec.cat\/baixemporda\/wp-json\/wp\/v2\/media?parent=17888"}],"wp:term":[{"taxonomy":"category","embeddable":true,"href":"https:\/\/serveiseducatius.xtec.cat\/baixemporda\/wp-json\/wp\/v2\/categories?post=17888"},{"taxonomy":"post_tag","embeddable":true,"href":"https:\/\/serveiseducatius.xtec.cat\/baixemporda\/wp-json\/wp\/v2\/tags?post=17888"}],"curies":[{"name":"wp","href":"https:\/\/api.w.org\/{rel}","templated":true}]}}