{"id":17742,"date":"2026-01-15T20:02:56","date_gmt":"2026-01-15T19:02:56","guid":{"rendered":"https:\/\/serveiseducatius.xtec.cat\/baixemporda\/?p=17742"},"modified":"2026-01-16T11:13:02","modified_gmt":"2026-01-16T10:13:02","slug":"el-museu-de-la-pesca-i-el-mon-educatiu-bategen-la-nova-embarcacio","status":"publish","type":"post","link":"https:\/\/serveiseducatius.xtec.cat\/baixemporda\/general\/el-museu-de-la-pesca-i-el-mon-educatiu-bategen-la-nova-embarcacio\/","title":{"rendered":"El Museu de la Pesca i el m\u00f3n educatiu bategen la nova embarcaci\u00f3"},"content":{"rendered":"\n<figure class=\"wp-block-image aligncenter size-large is-resized\"><a href=\"https:\/\/serveiseducatius.xtec.cat\/baixemporda\/wp-content\/uploads\/usu1155\/2026\/01\/WhatsApp-Image-2026-01-15-at-19.38.03.jpeg\"><img loading=\"lazy\" decoding=\"async\" width=\"1024\" height=\"576\" src=\"https:\/\/serveiseducatius.xtec.cat\/baixemporda\/wp-content\/uploads\/usu1155\/2026\/01\/WhatsApp-Image-2026-01-15-at-19.38.03-1024x576.jpeg\" alt=\"\" class=\"wp-image-17743\" style=\"width:575px;height:auto\" srcset=\"https:\/\/serveiseducatius.xtec.cat\/baixemporda\/wp-content\/uploads\/usu1155\/2026\/01\/WhatsApp-Image-2026-01-15-at-19.38.03-1024x576.jpeg 1024w, https:\/\/serveiseducatius.xtec.cat\/baixemporda\/wp-content\/uploads\/usu1155\/2026\/01\/WhatsApp-Image-2026-01-15-at-19.38.03-300x169.jpeg 300w, https:\/\/serveiseducatius.xtec.cat\/baixemporda\/wp-content\/uploads\/usu1155\/2026\/01\/WhatsApp-Image-2026-01-15-at-19.38.03-768x432.jpeg 768w, https:\/\/serveiseducatius.xtec.cat\/baixemporda\/wp-content\/uploads\/usu1155\/2026\/01\/WhatsApp-Image-2026-01-15-at-19.38.03-1536x864.jpeg 1536w, https:\/\/serveiseducatius.xtec.cat\/baixemporda\/wp-content\/uploads\/usu1155\/2026\/01\/WhatsApp-Image-2026-01-15-at-19.38.03.jpeg 1600w\" sizes=\"auto, (max-width: 1024px) 100vw, 1024px\" \/><\/a><\/figure>\n\n\n\n<p>Aquest 14 de gener, el Museu de la Pesca (Palam\u00f3s) ha celebrat el proc\u00e9s de selecci\u00f3 del nom del projecte Aula Blava, una iniciativa vinculada a la futura embarcaci\u00f3 del museu. La selecci\u00f3 del nom s\u2019ha dut a terme mitjan\u00e7ant un proc\u00e9s de participaci\u00f3 ciutadana, en el qual han pres part tots els centres educatius del municipi, que han presentat diverses propostes.<\/p>\n\n\n\n<p>En total, els sis centres educatius han fet arribar 17 propostes de nom, entre les quals ha resultat guanyadora \u201cAulamar\u201d, escollida com a nom definitiu de l\u2019embarcaci\u00f3. La decisi\u00f3 ha estat presa per un ampli conjunt d\u2019agents del territori, entre els quals hi havia representants dels centres educatius del municipi, la Confraria de Pescadors de Palam\u00f3s, el Grup d\u2019Acci\u00f3 Local Pesquera de la Costa Brava (GALP), el Consell Comarcal del Baix Empord\u00e0, la Direcci\u00f3 General de Turisme de la Generalitat de Catalunya, el Departament d\u2019Educaci\u00f3 amb tres representants del Servei Educatiu del Baix Empord\u00e0-CRP, t\u00e8cnics municipals i els membres de la Fundaci\u00f3 Promediterr\u00e0nia, entitat gestora del Museu de la Pesca.<\/p>\n\n\n\n<p>L\u2019embarcaci\u00f3 ser\u00e0 un catamar\u00e0 de dos cascs, constru\u00eft amb materials reciclables i equipat amb un sistema de propulsi\u00f3 100% el\u00e8ctrica, alimentat per energia solar mitjan\u00e7ant un conjunt de plaques solars instal\u00b7lades al vaixell. El sistema de propulsi\u00f3 ha estat desenvolupat per l\u2019enginyer Adri\u00e0 Fradera i permetr\u00e0 una navegaci\u00f3 silenciosa i sense emissions, fet que convertir\u00e0 l\u2019Aulamar en un referent de sostenibilitat i innovaci\u00f3 en la navegaci\u00f3 al Mediterrani.<\/p>\n\n\n\n<p>El projecte ha estat finan\u00e7at a trav\u00e9s d\u2019una subvenci\u00f3 del fons Next Generation, en el marc de l\u2019actuaci\u00f3 de cohesi\u00f3 entre destinacions \u201cCatalunya tierra de sabores\u201d, eix 2. Millora de l\u2019efici\u00e8ncia energ\u00e8tica, que lidera el Departament d\u2019Empresa i Treball de la Generalitat de Catalunya.<\/p>\n\n\n\n<p><\/p>\n\n\n","protected":false},"excerpt":{"rendered":"<p>Aquest 14 de gener, el Museu de la Pesca (Palam\u00f3s) ha celebrat el proc\u00e9s de selecci\u00f3 del nom del projecte Aula Blava, una iniciativa vinculada a la futura embarcaci\u00f3 del museu. La selecci\u00f3 del nom s\u2019ha dut a terme mitjan\u00e7ant un proc\u00e9s de participaci\u00f3 ciutadana, en el qual han pres part tots els centres educatius [&hellip;]<\/p>\n","protected":false},"author":1,"featured_media":17743,"comment_status":"closed","ping_status":"open","sticky":false,"template":"","format":"standard","meta":{"_bbp_topic_count":0,"_bbp_reply_count":0,"_bbp_total_topic_count":0,"_bbp_total_reply_count":0,"_bbp_voice_count":0,"_bbp_anonymous_reply_count":0,"_bbp_topic_count_hidden":0,"_bbp_reply_count_hidden":0,"_bbp_forum_subforum_count":0,"site-sidebar-layout":"default","site-content-layout":"","ast-site-content-layout":"default","site-content-style":"default","site-sidebar-style":"default","ast-global-header-display":"","ast-banner-title-visibility":"","ast-main-header-display":"","ast-hfb-above-header-display":"","ast-hfb-below-header-display":"","ast-hfb-mobile-header-display":"","site-post-title":"","ast-breadcrumbs-content":"","ast-featured-img":"","footer-sml-layout":"","theme-transparent-header-meta":"","adv-header-id-meta":"","stick-header-meta":"","header-above-stick-meta":"","header-main-stick-meta":"","header-below-stick-meta":"","astra-migrate-meta-layouts":"set","ast-page-background-enabled":"default","ast-page-background-meta":{"desktop":{"background-color":"var(--ast-global-color-4)","background-image":"","background-repeat":"repeat","background-position":"center center","background-size":"auto","background-attachment":"scroll","background-type":"","background-media":"","overlay-type":"","overlay-color":"","overlay-opacity":"","overlay-gradient":""},"tablet":{"background-color":"","background-image":"","background-repeat":"repeat","background-position":"center center","background-size":"auto","background-attachment":"scroll","background-type":"","background-media":"","overlay-type":"","overlay-color":"","overlay-opacity":"","overlay-gradient":""},"mobile":{"background-color":"","background-image":"","background-repeat":"repeat","background-position":"center center","background-size":"auto","background-attachment":"scroll","background-type":"","background-media":"","overlay-type":"","overlay-color":"","overlay-opacity":"","overlay-gradient":""}},"ast-content-background-meta":{"desktop":{"background-color":"var(--ast-global-color-5)","background-image":"","background-repeat":"repeat","background-position":"center center","background-size":"auto","background-attachment":"scroll","background-type":"","background-media":"","overlay-type":"","overlay-color":"","overlay-opacity":"","overlay-gradient":""},"tablet":{"background-color":"var(--ast-global-color-5)","background-image":"","background-repeat":"repeat","background-position":"center center","background-size":"auto","background-attachment":"scroll","background-type":"","background-media":"","overlay-type":"","overlay-color":"","overlay-opacity":"","overlay-gradient":""},"mobile":{"background-color":"var(--ast-global-color-5)","background-image":"","background-repeat":"repeat","background-position":"center center","background-size":"auto","background-attachment":"scroll","background-type":"","background-media":"","overlay-type":"","overlay-color":"","overlay-opacity":"","overlay-gradient":""}},"footnotes":""},"categories":[64,65,1,297,29],"tags":[506],"class_list":["post-17742","post","type-post","status-publish","format-standard","has-post-thumbnail","hentry","category-comunitat","category-crp","category-general","category-novetats-comunitat","category-portada","tag-curs-25-26"],"post_mailing_queue_ids":[],"_links":{"self":[{"href":"https:\/\/serveiseducatius.xtec.cat\/baixemporda\/wp-json\/wp\/v2\/posts\/17742","targetHints":{"allow":["GET"]}}],"collection":[{"href":"https:\/\/serveiseducatius.xtec.cat\/baixemporda\/wp-json\/wp\/v2\/posts"}],"about":[{"href":"https:\/\/serveiseducatius.xtec.cat\/baixemporda\/wp-json\/wp\/v2\/types\/post"}],"author":[{"embeddable":true,"href":"https:\/\/serveiseducatius.xtec.cat\/baixemporda\/wp-json\/wp\/v2\/users\/1"}],"replies":[{"embeddable":true,"href":"https:\/\/serveiseducatius.xtec.cat\/baixemporda\/wp-json\/wp\/v2\/comments?post=17742"}],"version-history":[{"count":2,"href":"https:\/\/serveiseducatius.xtec.cat\/baixemporda\/wp-json\/wp\/v2\/posts\/17742\/revisions"}],"predecessor-version":[{"id":17745,"href":"https:\/\/serveiseducatius.xtec.cat\/baixemporda\/wp-json\/wp\/v2\/posts\/17742\/revisions\/17745"}],"wp:featuredmedia":[{"embeddable":true,"href":"https:\/\/serveiseducatius.xtec.cat\/baixemporda\/wp-json\/wp\/v2\/media\/17743"}],"wp:attachment":[{"href":"https:\/\/serveiseducatius.xtec.cat\/baixemporda\/wp-json\/wp\/v2\/media?parent=17742"}],"wp:term":[{"taxonomy":"category","embeddable":true,"href":"https:\/\/serveiseducatius.xtec.cat\/baixemporda\/wp-json\/wp\/v2\/categories?post=17742"},{"taxonomy":"post_tag","embeddable":true,"href":"https:\/\/serveiseducatius.xtec.cat\/baixemporda\/wp-json\/wp\/v2\/tags?post=17742"}],"curies":[{"name":"wp","href":"https:\/\/api.w.org\/{rel}","templated":true}]}}