{"id":17676,"date":"2025-12-16T10:54:33","date_gmt":"2025-12-16T09:54:33","guid":{"rendered":"https:\/\/serveiseducatius.xtec.cat\/baixemporda\/?p=17676"},"modified":"2025-12-16T11:12:04","modified_gmt":"2025-12-16T10:12:04","slug":"cicle-de-conferencies-primaria-secundaria-creamat","status":"publish","type":"post","link":"https:\/\/serveiseducatius.xtec.cat\/baixemporda\/general\/cicle-de-conferencies-primaria-secundaria-creamat\/","title":{"rendered":"Cicle de confer\u00e8ncies Prim\u00e0ria\/Secund\u00e0ria CREAMAT"},"content":{"rendered":"\n<figure class=\"wp-block-image aligncenter size-full is-resized\"><a href=\"https:\/\/serveiseducatius.xtec.cat\/baixemporda\/wp-content\/uploads\/usu1155\/2025\/12\/creamat.jpg\"><img loading=\"lazy\" decoding=\"async\" width=\"653\" height=\"492\" src=\"https:\/\/serveiseducatius.xtec.cat\/baixemporda\/wp-content\/uploads\/usu1155\/2025\/12\/creamat.jpg\" alt=\"\" class=\"wp-image-17677\" style=\"width:417px;height:auto\" srcset=\"https:\/\/serveiseducatius.xtec.cat\/baixemporda\/wp-content\/uploads\/usu1155\/2025\/12\/creamat.jpg 653w, https:\/\/serveiseducatius.xtec.cat\/baixemporda\/wp-content\/uploads\/usu1155\/2025\/12\/creamat-300x226.jpg 300w\" sizes=\"auto, (max-width: 653px) 100vw, 653px\" \/><\/a><\/figure>\n\n\n\n<p>Al gener s\u2019iniciaran els cicles de confer\u00e8ncies\u00a0<a href=\"https:\/\/serveiseducatius.xtec.cat\/cesire\/cicle-de-conferencies-mirades-matematiques-2025-26\/\" target=\"_blank\" rel=\"noreferrer noopener\"><strong><u>Mirades matem\u00e0tiques 2025-26<\/u><\/strong><\/a>\u00a0(prim\u00e0ria) i\u00a0<a href=\"https:\/\/serveiseducatius.xtec.cat\/cesire\/perspectives-matematiques-2025-26\/\" target=\"_blank\" rel=\"noreferrer noopener\"><strong><u>Perspectives matem\u00e0tiques 2025-26<\/u><\/strong><\/a>\u00a0(secund\u00e0ria), que aniran dirigits a con\u00e8ixer les noves\u00a0<a href=\"https:\/\/projectes.xtec.cat\/nou-curriculum\/orientacions-curriculars\/\" target=\"_blank\" rel=\"noreferrer noopener\"><u>Orientacions Curriculars<\/u><\/a>\u00a0de matem\u00e0tiques. La inscripci\u00f3 a cada un dels cicles i completar els q\u00fcestionaris proporciona la certificaci\u00f3 de 12 h de formaci\u00f3.<\/p>\n\n\n\n<h5 class=\"wp-block-heading\">Cicle de confer\u00e8ncies Mirades Matem\u00e0tiques 2025-26<\/h5>\n\n\n\n<p><strong>Mirades matem\u00e0tiques<\/strong>&nbsp;\u00e9s un cicle de 6 confer\u00e8ncies amb tem\u00e0tiques d\u2019actualitzaci\u00f3 cient\u00edfica i did\u00e0ctica, centrades en el&nbsp;<strong>desplegament curricular<\/strong>&nbsp;i adre\u00e7ades al professorat de matem\u00e0tiques d\u2019Educaci\u00f3 Prim\u00e0ria.<\/p>\n\n\n\n<p>Les confer\u00e8ncies tindran lloc en&nbsp;<strong>dijous de 18:00 a 19:30 h&nbsp;<\/strong>(excepte l\u2019\u00faltima, que ser\u00e0 en dimecres):<\/p>\n\n\n\n<ul class=\"wp-block-list\">\n<li>22 de gener: Introducci\u00f3 general i\u00a0<strong>sentit Socioemocional<\/strong>\u00a0(Manel Mart\u00ednez)<\/li>\n\n\n\n<li>5 de febrer:\u00a0<strong>Sentit Num\u00e8ric<\/strong>\u00a0(Carles Granell, Yolanda Mart\u00edn i Laura Gris)<\/li>\n\n\n\n<li>19 de febrer:\u00a0<strong>Sentit Estoc\u00e0stic<\/strong>\u00a0(Sandra Sol\u00e0 i Keka Lamarca)<\/li>\n\n\n\n<li>5 de mar\u00e7:<strong>\u00a0Sentit Algebraic<\/strong>\u00a0(S\u00edlvia Margel\u00ed i Ester Bosch)<\/li>\n\n\n\n<li>19 de mar\u00e7:\u00a0<strong>Sentit Espacial<\/strong>\u00a0(Luci Cabello i Francesc X. Alegria)<\/li>\n\n\n\n<li><strong>Dimecres<\/strong>\u00a015 d\u2019abril:\u00a0<strong>Sentit de la Mesura<\/strong>\u00a0(Cyntia Riquelme i Jordi Albacete)<\/li>\n<\/ul>\n\n\n\n<p><a href=\"https:\/\/aplicacions.gestioeducativa.gencat.cat\/ords\/pls\/soloas\/pk_for_mod_ins.p_for_detall_activitat?p_codi=9003060532&amp;p_curs=2025-2026&amp;p_es_inscr=S\"><strong>Inscripcions<\/strong>&nbsp;<\/a>i m\u00e9s informaci\u00f3.<\/p>\n\n\n\n<p>Les confer\u00e8ncies s\u2019iniciaran al mes de gener, s\u2019emetran a trav\u00e9s del canal de v\u00eddeo de CREAMAT i quedaran enregistrades per poder-les veure tamb\u00e9 m\u00e9s endavant.<\/p>\n\n\n\n<p>La inscripci\u00f3 al cicle i completar els q\u00fcestionaris dins el termini d\u2019una setmana despr\u00e9s dels enregistraments dona acc\u00e9s un certificat de formaci\u00f3 de 12 h.<\/p>\n\n\n\n<h5 class=\"wp-block-heading\">Cicle de confer\u00e8ncies Perspectives Matem\u00e0tiques 2025-26<\/h5>\n\n\n\n<p>Perspectives matem\u00e0tiques \u00e9s un cicle de confer\u00e8ncies amb tem\u00e0tiques d\u2019actualitzaci\u00f3 cient\u00edfica i did\u00e0ctica, centrades en el desplegament curricular i adre\u00e7ades al professorat de matem\u00e0tiques d\u2019Educaci\u00f3 Secund\u00e0ria.<\/p>\n\n\n\n<p>Les confer\u00e8ncies tindran lloc en&nbsp;<strong>dijous de 18:00 a 19:30 h:<\/strong><\/p>\n\n\n\n<ul class=\"wp-block-list\">\n<li>29 de gener:\u00a0<strong>S<\/strong><strong>entit Socioemocional<\/strong>\u00a0(Arnau S\u00e1nchez i Anton Aubanell)<\/li>\n\n\n\n<li>12 de febrer:\u00a0<strong>Sentit Espacial<\/strong>\u00a0(N\u00faria Serra i Francesc Massich)<\/li>\n\n\n\n<li>26 de febrer:\u00a0<strong>Sentit Num\u00e8ric<\/strong>\u00a0(M\u00f2nica Cardona i Alba Carrasco)<\/li>\n\n\n\n<li>12 de mar\u00e7:<strong>\u00a0Sentit Algebraic<\/strong>\u00a0(Jordi Deulofeu i Carme Vicens)<\/li>\n\n\n\n<li>9 d\u2019abril:\u00a0<strong>Pensament Computacional<\/strong>\u00a0(Ra\u00fcl Fern\u00e1ndez i Arnau S\u00e1nchez)<\/li>\n\n\n\n<li>30 d\u2019abril:\u00a0<strong>Sentit Estoc\u00e0stic\u00a0<\/strong>(Anna Ausina i Sergi M\u00faria)<\/li>\n\n\n\n<li>14 de maig:\u00a0<strong>Sentit de la Mesura<\/strong>\u00a0(Manel Mart\u00ednez i Jordi Font)<\/li>\n<\/ul>\n\n\n\n<p>Les confer\u00e8ncies s\u2019emetran a trav\u00e9s del canal de YouTube de CREAMAT i quedaran enregistrades per poder-les veure tamb\u00e9 m\u00e9s endavant.<\/p>\n\n\n\n<p><a href=\"https:\/\/aplicacions.gestioeducativa.gencat.cat\/ords\/pls\/soloas\/pk_for_mod_ins.p_for_detall_activitat?p_codi=9003070532&amp;p_curs=2025-2026&amp;p_es_inscr=S\"><strong>Inscripcions<\/strong>&nbsp;<\/a>al cicle \u201cPerspectives matem\u00e0tiques\u201d i m\u00e9s informaci\u00f3.<\/p>\n","protected":false},"excerpt":{"rendered":"<p>Al gener s\u2019iniciaran els cicles de confer\u00e8ncies\u00a0Mirades matem\u00e0tiques 2025-26\u00a0(prim\u00e0ria) i\u00a0Perspectives matem\u00e0tiques 2025-26\u00a0(secund\u00e0ria), que aniran dirigits a con\u00e8ixer les noves\u00a0Orientacions Curriculars\u00a0de matem\u00e0tiques. La inscripci\u00f3 a cada un dels cicles i completar els q\u00fcestionaris proporciona la certificaci\u00f3 de 12 h de formaci\u00f3. Cicle de confer\u00e8ncies Mirades Matem\u00e0tiques 2025-26 Mirades matem\u00e0tiques&nbsp;\u00e9s un cicle de 6 confer\u00e8ncies amb tem\u00e0tiques [&hellip;]<\/p>\n","protected":false},"author":1,"featured_media":17677,"comment_status":"closed","ping_status":"open","sticky":false,"template":"","format":"standard","meta":{"_bbp_topic_count":0,"_bbp_reply_count":0,"_bbp_total_topic_count":0,"_bbp_total_reply_count":0,"_bbp_voice_count":0,"_bbp_anonymous_reply_count":0,"_bbp_topic_count_hidden":0,"_bbp_reply_count_hidden":0,"_bbp_forum_subforum_count":0,"site-sidebar-layout":"default","site-content-layout":"","ast-site-content-layout":"default","site-content-style":"default","site-sidebar-style":"default","ast-global-header-display":"","ast-banner-title-visibility":"","ast-main-header-display":"","ast-hfb-above-header-display":"","ast-hfb-below-header-display":"","ast-hfb-mobile-header-display":"","site-post-title":"","ast-breadcrumbs-content":"","ast-featured-img":"","footer-sml-layout":"","theme-transparent-header-meta":"","adv-header-id-meta":"","stick-header-meta":"","header-above-stick-meta":"","header-main-stick-meta":"","header-below-stick-meta":"","astra-migrate-meta-layouts":"set","ast-page-background-enabled":"default","ast-page-background-meta":{"desktop":{"background-color":"var(--ast-global-color-4)","background-image":"","background-repeat":"repeat","background-position":"center center","background-size":"auto","background-attachment":"scroll","background-type":"","background-media":"","overlay-type":"","overlay-color":"","overlay-opacity":"","overlay-gradient":""},"tablet":{"background-color":"","background-image":"","background-repeat":"repeat","background-position":"center center","background-size":"auto","background-attachment":"scroll","background-type":"","background-media":"","overlay-type":"","overlay-color":"","overlay-opacity":"","overlay-gradient":""},"mobile":{"background-color":"","background-image":"","background-repeat":"repeat","background-position":"center center","background-size":"auto","background-attachment":"scroll","background-type":"","background-media":"","overlay-type":"","overlay-color":"","overlay-opacity":"","overlay-gradient":""}},"ast-content-background-meta":{"desktop":{"background-color":"var(--ast-global-color-5)","background-image":"","background-repeat":"repeat","background-position":"center center","background-size":"auto","background-attachment":"scroll","background-type":"","background-media":"","overlay-type":"","overlay-color":"","overlay-opacity":"","overlay-gradient":""},"tablet":{"background-color":"var(--ast-global-color-5)","background-image":"","background-repeat":"repeat","background-position":"center center","background-size":"auto","background-attachment":"scroll","background-type":"","background-media":"","overlay-type":"","overlay-color":"","overlay-opacity":"","overlay-gradient":""},"mobile":{"background-color":"var(--ast-global-color-5)","background-image":"","background-repeat":"repeat","background-position":"center center","background-size":"auto","background-attachment":"scroll","background-type":"","background-media":"","overlay-type":"","overlay-color":"","overlay-opacity":"","overlay-gradient":""}},"footnotes":""},"categories":[65,154,1,29],"tags":[506],"class_list":["post-17676","post","type-post","status-publish","format-standard","has-post-thumbnail","hentry","category-crp","category-formacio","category-general","category-portada","tag-curs-25-26"],"post_mailing_queue_ids":[],"_links":{"self":[{"href":"https:\/\/serveiseducatius.xtec.cat\/baixemporda\/wp-json\/wp\/v2\/posts\/17676","targetHints":{"allow":["GET"]}}],"collection":[{"href":"https:\/\/serveiseducatius.xtec.cat\/baixemporda\/wp-json\/wp\/v2\/posts"}],"about":[{"href":"https:\/\/serveiseducatius.xtec.cat\/baixemporda\/wp-json\/wp\/v2\/types\/post"}],"author":[{"embeddable":true,"href":"https:\/\/serveiseducatius.xtec.cat\/baixemporda\/wp-json\/wp\/v2\/users\/1"}],"replies":[{"embeddable":true,"href":"https:\/\/serveiseducatius.xtec.cat\/baixemporda\/wp-json\/wp\/v2\/comments?post=17676"}],"version-history":[{"count":1,"href":"https:\/\/serveiseducatius.xtec.cat\/baixemporda\/wp-json\/wp\/v2\/posts\/17676\/revisions"}],"predecessor-version":[{"id":17678,"href":"https:\/\/serveiseducatius.xtec.cat\/baixemporda\/wp-json\/wp\/v2\/posts\/17676\/revisions\/17678"}],"wp:featuredmedia":[{"embeddable":true,"href":"https:\/\/serveiseducatius.xtec.cat\/baixemporda\/wp-json\/wp\/v2\/media\/17677"}],"wp:attachment":[{"href":"https:\/\/serveiseducatius.xtec.cat\/baixemporda\/wp-json\/wp\/v2\/media?parent=17676"}],"wp:term":[{"taxonomy":"category","embeddable":true,"href":"https:\/\/serveiseducatius.xtec.cat\/baixemporda\/wp-json\/wp\/v2\/categories?post=17676"},{"taxonomy":"post_tag","embeddable":true,"href":"https:\/\/serveiseducatius.xtec.cat\/baixemporda\/wp-json\/wp\/v2\/tags?post=17676"}],"curies":[{"name":"wp","href":"https:\/\/api.w.org\/{rel}","templated":true}]}}