{"id":17484,"date":"2025-12-09T09:27:44","date_gmt":"2025-12-09T08:27:44","guid":{"rendered":"https:\/\/serveiseducatius.xtec.cat\/baixemporda\/?p=17484"},"modified":"2025-12-10T10:22:35","modified_gmt":"2025-12-10T09:22:35","slug":"museu-del-suro-activitats-del-desembre-nadal","status":"publish","type":"post","link":"https:\/\/serveiseducatius.xtec.cat\/baixemporda\/general\/museu-del-suro-activitats-del-desembre-nadal\/","title":{"rendered":"Museu del suro. Activitats del Desembre-Nadal"},"content":{"rendered":"<p><a href=\"https:\/\/serveiseducatius.xtec.cat\/baixemporda\/wp-content\/uploads\/usu1155\/2025\/12\/museu-del-suro.png\"><img loading=\"lazy\" decoding=\"async\" class=\"size-full wp-image-17485 aligncenter\" src=\"https:\/\/serveiseducatius.xtec.cat\/baixemporda\/wp-content\/uploads\/usu1155\/2025\/12\/museu-del-suro.png\" alt=\"\" width=\"548\" height=\"812\" srcset=\"https:\/\/serveiseducatius.xtec.cat\/baixemporda\/wp-content\/uploads\/usu1155\/2025\/12\/museu-del-suro.png 548w, https:\/\/serveiseducatius.xtec.cat\/baixemporda\/wp-content\/uploads\/usu1155\/2025\/12\/museu-del-suro-202x300.png 202w\" sizes=\"auto, (max-width: 548px) 100vw, 548px\" \/><\/a><\/p>\n<p>Aquest mes de desembre, el Museu del Suro de Palafrugell ha preparat un munt d&#8217;activitats de Nadal destinades per fam\u00edlies amb infants.\u00a0Podeu veure tota la programaci\u00f3 en el seg\u00fcent <a href=\"https:\/\/museudelsuro.cat\/activitats\/agenda\/\">enlla\u00e7<\/a><\/p>\n<p><strong>ACTIVITATS i VISITES GUIADES<\/strong><\/p>\n<p>Dissabte 6 de desembre a les 10.00 h-<strong> Obertura de l\u2019espai de Nadal<\/strong><br \/>\nVisita\u2019ns amb la fam\u00edlia i descobreix la m\u00e0gia del Nadal. Hi trobar\u00e0s un photocall amb un ti\u00f3 gegant i un arbre de Nadal que ens ajudar\u00e0s a decorar.<br \/>\n\u2022 A la recepci\u00f3 del Museu fins al 4 de gener de 2026<br \/>\n\u2022 Entrada gratu\u00efta i apte per a tots els p\u00fablics<\/p>\n<p>Diumenge 7 de desembre a les 12.00 h- <strong>Taller de postals de Nadal amb suro<\/strong><br \/>\n\u2022 Entrada gratu\u00efta i per a totes les edats a partir de 4 anys acompanyats d&#8217;un adult<\/p>\n<p>Dissabte 13 de desembre a les 17.30 h &#8211;<strong>Taller de postals de Nadal amb suro<\/strong><br \/>\n\u2022 Entrada gratu\u00efta i per a totes les edats a partir de 4 anys acompanyats d&#8217;un adult<\/p>\n<p>Diumenge 14 de desembre a les 10.00 h &#8211; <strong>Obertura dels Pessebres del Museu<\/strong><br \/>\nVisita lliure al Diorama de Llu\u00eds Gubert, un pessebre ambientat en una f\u00e0brica de suro. I tamb\u00e9 al pessebre creat per Josep Farrarons, dels Amics del Pessebre del Baix Empord\u00e0.<br \/>\n\u2022 A la recepci\u00f3 del Museu fins al 2 de febrer de 2026<br \/>\n\u2022 Entrada gratu\u00efta i apte per a tots els p\u00fablics<\/p>\n<p>Diumenge 21 de desembre a les 12.00 h- <strong>Pinta sense normes. Taller de pintura amb l\u2019Anna Grimal<\/strong><br \/>\n\u2022 Entrada gratu\u00efta i per a joves d\u2019entre 16 i 25 anys<\/p>\n<p>Dimarts 23 de desembre a les 17.00 h &#8211; <strong>Contacontes i jocs de suro al minim\u00f3n<\/strong><br \/>\n\u2022 Entrada gratu\u00efta i per a mainada de 3 a 8 anys acompanyats d&#8217;un adult<\/p>\n<p>Dissabte 27 de desembre a les 17.30 h &#8211; <strong>Nadal a la f\u00e0brica\u201d Visita teatralitzada al Museu<\/strong><br \/>\n\u2022 Entrada gratu\u00efta \u00faltim dissabte de mes, per a tots els p\u00fablics<br \/>\n\u2022 Activitat intergeneracional per fer amb els avis\/es<\/p>\n<p>Diumenge 28 de desembre a les 12.00 h &#8211; <strong>Visita-Taller a l\u2019exposici\u00f3 \u201cBlau salat\u201d amb l\u2019Anna Grimal<\/strong><br \/>\n\u2022 Entrada gratu\u00efta i per a mainada de 4 a 12 anys acompanyats d&#8217;un adult<\/p>\n<p>Dimarts 30 de desembre a les 17.30 h- <strong>Brindem amb suro.Taller de decoracions de suro per la taula de Cap d\u2019Any.<\/strong><br \/>\n\u2022 Entrada gratu\u00efta i per a adults<br \/>\n\u2022 Acabarem l\u2019activitat brindant amb cava pel nou any<\/p>\n<p>Divendres 2 de gener a les 17.00 h &#8211; <strong>Taller de Fanalet<\/strong><br \/>\n\u2022 Entrada gratu\u00efta i per a mainada de 4 a 12 anys acompanyats d&#8217;un adult<\/p>\n<p>Dissabte 3 de gener a les 17.30 h &#8211;<strong>Taller de Fanalet<\/strong><br \/>\n\u2022 Entrada gratu\u00efta i per a mainada de 4 a 12 anys acompanyats d&#8217;un adult<\/p>\n<p>Diumenge 4 de gener a les 12.00 h &#8211; <strong>Taller de Fanalet<\/strong><br \/>\n\u2022 Entrada gratu\u00efta i per a mainada de 4 a 12 anys acompanyats d&#8217;un adult<\/p>\n<p style=\"text-align: justify;\"><strong>VIU LA M\u00c0GIA DEL NADAL AL MUSEU<\/strong><\/p>\n<p style=\"text-align: justify;\">Ajuda\u2019ns a posar nom al nostre amic del planeta corker!<br \/>\nHem rebut una visita molt especial&#8230; Un extraterrestre misteri\u00f3s ha aterrat directament del planeta Corker! Encara no t\u00e9 nom, per\u00f2 li hem proposat que es quedi amb nosaltres per ser la mascota de les idees verdes i dels materials naturals. I aqu\u00ed \u00e9s on tu entres en joc! Participa i troba-li un nom! Vine al Museu i passa per la recepci\u00f3. Observa b\u00e9 el nostre amic S1R1-25&#8230; deixa volar la teva imaginaci\u00f3 c\u00f2smica! Escriu el nom en un paper amb lletra clara, doblega\u2019l i deixa\u2019l a la urna especial. Com m\u00e9s propostes portis, m\u00e9s punts sumar\u00e0s perqu\u00e8 el teu nom sigui el triat! I si vols ajudar-lo a cr\u00e9ixer\u2026 porta\u2019ns taps de suro reciclats! El nostre amic se\u2019ls menjar\u00e0 encantat per fer-se gran, fort i sostenible!<br \/>\n\u2022 Del 6 de desembre al 4 de gener del 2026. Activitat apte per a totes les edats<\/p>\n<p style=\"text-align: justify;\">Nadal al Museu!<br \/>\nAquest Nadal, vine a visitar el Museu del Suro amb fam\u00edlia i demana\u2019ns el llibret dels museus de les comarques de Girona. Fes les activitats que hi trobar\u00e0s i veur\u00e0s tot el que pots aprendre i descobrir. Viur\u00e0s la m\u00e0gia del Nadal al Museu!<br \/>\n\u2022 Acci\u00f3 conjunta amb Xarxa de Museus de les Comarques de Girona<br \/>\n\u2022 Del 6 de desembre al 4 de gener del 2026. Activitat gratu\u00efta i apte a partir de 6 anys<\/p>\n<p style=\"text-align: justify;\">Els Pessebres del Museu<br \/>\nVisita lliure al Diorama de Llu\u00eds Gubert, un pessebre ambientat en una f\u00e0brica de suro. I tamb\u00e9 al pessebre creat per Josep Farrarons, dels Amics del Pessebre del Baix Empord\u00e0.<br \/>\n\u2022 A la recepci\u00f3 del Museu del 14 de desembre al 2 de febrer de 2026<br \/>\n\u2022 Entrada gratu\u00efta i apte per a tots els p\u00fablics<\/p>\n","protected":false},"excerpt":{"rendered":"<p>Aquest mes de desembre, el Museu del Suro de Palafrugell ha preparat un munt d&#8217;activitats de Nadal destinades per fam\u00edlies amb infants.\u00a0Podeu veure tota la programaci\u00f3 en el seg\u00fcent enlla\u00e7 ACTIVITATS i VISITES GUIADES Dissabte 6 de desembre a les 10.00 h- Obertura de l\u2019espai de Nadal Visita\u2019ns amb la fam\u00edlia i descobreix la m\u00e0gia [&hellip;]<\/p>\n","protected":false},"author":1,"featured_media":17485,"comment_status":"closed","ping_status":"open","sticky":false,"template":"","format":"standard","meta":{"_bbp_topic_count":0,"_bbp_reply_count":0,"_bbp_total_topic_count":0,"_bbp_total_reply_count":0,"_bbp_voice_count":0,"_bbp_anonymous_reply_count":0,"_bbp_topic_count_hidden":0,"_bbp_reply_count_hidden":0,"_bbp_forum_subforum_count":0,"site-sidebar-layout":"default","site-content-layout":"","ast-site-content-layout":"default","site-content-style":"default","site-sidebar-style":"default","ast-global-header-display":"","ast-banner-title-visibility":"","ast-main-header-display":"","ast-hfb-above-header-display":"","ast-hfb-below-header-display":"","ast-hfb-mobile-header-display":"","site-post-title":"","ast-breadcrumbs-content":"","ast-featured-img":"","footer-sml-layout":"","theme-transparent-header-meta":"","adv-header-id-meta":"","stick-header-meta":"","header-above-stick-meta":"","header-main-stick-meta":"","header-below-stick-meta":"","astra-migrate-meta-layouts":"set","ast-page-background-enabled":"default","ast-page-background-meta":{"desktop":{"background-color":"var(--ast-global-color-4)","background-image":"","background-repeat":"repeat","background-position":"center center","background-size":"auto","background-attachment":"scroll","background-type":"","background-media":"","overlay-type":"","overlay-color":"","overlay-opacity":"","overlay-gradient":""},"tablet":{"background-color":"","background-image":"","background-repeat":"repeat","background-position":"center center","background-size":"auto","background-attachment":"scroll","background-type":"","background-media":"","overlay-type":"","overlay-color":"","overlay-opacity":"","overlay-gradient":""},"mobile":{"background-color":"","background-image":"","background-repeat":"repeat","background-position":"center center","background-size":"auto","background-attachment":"scroll","background-type":"","background-media":"","overlay-type":"","overlay-color":"","overlay-opacity":"","overlay-gradient":""}},"ast-content-background-meta":{"desktop":{"background-color":"var(--ast-global-color-5)","background-image":"","background-repeat":"repeat","background-position":"center center","background-size":"auto","background-attachment":"scroll","background-type":"","background-media":"","overlay-type":"","overlay-color":"","overlay-opacity":"","overlay-gradient":""},"tablet":{"background-color":"var(--ast-global-color-5)","background-image":"","background-repeat":"repeat","background-position":"center center","background-size":"auto","background-attachment":"scroll","background-type":"","background-media":"","overlay-type":"","overlay-color":"","overlay-opacity":"","overlay-gradient":""},"mobile":{"background-color":"var(--ast-global-color-5)","background-image":"","background-repeat":"repeat","background-position":"center center","background-size":"auto","background-attachment":"scroll","background-type":"","background-media":"","overlay-type":"","overlay-color":"","overlay-opacity":"","overlay-gradient":""}},"footnotes":""},"categories":[1,297,29],"tags":[506],"class_list":["post-17484","post","type-post","status-publish","format-standard","has-post-thumbnail","hentry","category-general","category-novetats-comunitat","category-portada","tag-curs-25-26"],"post_mailing_queue_ids":[],"_links":{"self":[{"href":"https:\/\/serveiseducatius.xtec.cat\/baixemporda\/wp-json\/wp\/v2\/posts\/17484","targetHints":{"allow":["GET"]}}],"collection":[{"href":"https:\/\/serveiseducatius.xtec.cat\/baixemporda\/wp-json\/wp\/v2\/posts"}],"about":[{"href":"https:\/\/serveiseducatius.xtec.cat\/baixemporda\/wp-json\/wp\/v2\/types\/post"}],"author":[{"embeddable":true,"href":"https:\/\/serveiseducatius.xtec.cat\/baixemporda\/wp-json\/wp\/v2\/users\/1"}],"replies":[{"embeddable":true,"href":"https:\/\/serveiseducatius.xtec.cat\/baixemporda\/wp-json\/wp\/v2\/comments?post=17484"}],"version-history":[{"count":2,"href":"https:\/\/serveiseducatius.xtec.cat\/baixemporda\/wp-json\/wp\/v2\/posts\/17484\/revisions"}],"predecessor-version":[{"id":17572,"href":"https:\/\/serveiseducatius.xtec.cat\/baixemporda\/wp-json\/wp\/v2\/posts\/17484\/revisions\/17572"}],"wp:featuredmedia":[{"embeddable":true,"href":"https:\/\/serveiseducatius.xtec.cat\/baixemporda\/wp-json\/wp\/v2\/media\/17485"}],"wp:attachment":[{"href":"https:\/\/serveiseducatius.xtec.cat\/baixemporda\/wp-json\/wp\/v2\/media?parent=17484"}],"wp:term":[{"taxonomy":"category","embeddable":true,"href":"https:\/\/serveiseducatius.xtec.cat\/baixemporda\/wp-json\/wp\/v2\/categories?post=17484"},{"taxonomy":"post_tag","embeddable":true,"href":"https:\/\/serveiseducatius.xtec.cat\/baixemporda\/wp-json\/wp\/v2\/tags?post=17484"}],"curies":[{"name":"wp","href":"https:\/\/api.w.org\/{rel}","templated":true}]}}