{"id":17479,"date":"2025-12-09T09:11:24","date_gmt":"2025-12-09T08:11:24","guid":{"rendered":"https:\/\/serveiseducatius.xtec.cat\/baixemporda\/?p=17479"},"modified":"2025-12-09T09:11:24","modified_gmt":"2025-12-09T08:11:24","slug":"cloenda-50e-aniversari-ins-baix-emporda","status":"publish","type":"post","link":"https:\/\/serveiseducatius.xtec.cat\/baixemporda\/general\/cloenda-50e-aniversari-ins-baix-emporda\/","title":{"rendered":"Cloenda 50\u00e8 aniversari INS Baix Empord\u00e0"},"content":{"rendered":"<table style=\"border-collapse: collapse; width: 100%; height: 1168px;\">\n<tbody>\n<tr style=\"height: 584px;\">\n<td style=\"width: 50%; height: 584px;\"><a href=\"https:\/\/serveiseducatius.xtec.cat\/baixemporda\/wp-content\/uploads\/usu1155\/2025\/12\/WhatsApp-Image-2025-12-09-at-09.03.41-2.jpeg\"><img loading=\"lazy\" decoding=\"async\" class=\"alignnone size-large wp-image-17480\" src=\"https:\/\/serveiseducatius.xtec.cat\/baixemporda\/wp-content\/uploads\/usu1155\/2025\/12\/WhatsApp-Image-2025-12-09-at-09.03.41-2-1024x1024.jpeg\" alt=\"\" width=\"1024\" height=\"1024\" srcset=\"https:\/\/serveiseducatius.xtec.cat\/baixemporda\/wp-content\/uploads\/usu1155\/2025\/12\/WhatsApp-Image-2025-12-09-at-09.03.41-2-1024x1024.jpeg 1024w, https:\/\/serveiseducatius.xtec.cat\/baixemporda\/wp-content\/uploads\/usu1155\/2025\/12\/WhatsApp-Image-2025-12-09-at-09.03.41-2-300x300.jpeg 300w, https:\/\/serveiseducatius.xtec.cat\/baixemporda\/wp-content\/uploads\/usu1155\/2025\/12\/WhatsApp-Image-2025-12-09-at-09.03.41-2-150x150.jpeg 150w, https:\/\/serveiseducatius.xtec.cat\/baixemporda\/wp-content\/uploads\/usu1155\/2025\/12\/WhatsApp-Image-2025-12-09-at-09.03.41-2-768x768.jpeg 768w, https:\/\/serveiseducatius.xtec.cat\/baixemporda\/wp-content\/uploads\/usu1155\/2025\/12\/WhatsApp-Image-2025-12-09-at-09.03.41-2.jpeg 1080w\" sizes=\"auto, (max-width: 1024px) 100vw, 1024px\" \/><\/a><\/td>\n<td style=\"width: 50%; height: 584px;\"><a href=\"https:\/\/serveiseducatius.xtec.cat\/baixemporda\/wp-content\/uploads\/usu1155\/2025\/12\/WhatsApp-Image-2025-12-09-at-09.03.41-1.jpeg\"><img loading=\"lazy\" decoding=\"async\" class=\"alignnone size-large wp-image-17481\" src=\"https:\/\/serveiseducatius.xtec.cat\/baixemporda\/wp-content\/uploads\/usu1155\/2025\/12\/WhatsApp-Image-2025-12-09-at-09.03.41-1-1024x1024.jpeg\" alt=\"\" width=\"1024\" height=\"1024\" srcset=\"https:\/\/serveiseducatius.xtec.cat\/baixemporda\/wp-content\/uploads\/usu1155\/2025\/12\/WhatsApp-Image-2025-12-09-at-09.03.41-1-1024x1024.jpeg 1024w, https:\/\/serveiseducatius.xtec.cat\/baixemporda\/wp-content\/uploads\/usu1155\/2025\/12\/WhatsApp-Image-2025-12-09-at-09.03.41-1-300x300.jpeg 300w, https:\/\/serveiseducatius.xtec.cat\/baixemporda\/wp-content\/uploads\/usu1155\/2025\/12\/WhatsApp-Image-2025-12-09-at-09.03.41-1-150x150.jpeg 150w, https:\/\/serveiseducatius.xtec.cat\/baixemporda\/wp-content\/uploads\/usu1155\/2025\/12\/WhatsApp-Image-2025-12-09-at-09.03.41-1-768x768.jpeg 768w, https:\/\/serveiseducatius.xtec.cat\/baixemporda\/wp-content\/uploads\/usu1155\/2025\/12\/WhatsApp-Image-2025-12-09-at-09.03.41-1.jpeg 1080w\" sizes=\"auto, (max-width: 1024px) 100vw, 1024px\" \/><\/a><\/td>\n<\/tr>\n<tr style=\"height: 584px;\">\n<td style=\"width: 50%; height: 584px;\"><a href=\"https:\/\/serveiseducatius.xtec.cat\/baixemporda\/wp-content\/uploads\/usu1155\/2025\/12\/WhatsApp-Image-2025-12-09-at-09.03.40-1.jpeg\"><img loading=\"lazy\" decoding=\"async\" class=\"alignnone size-large wp-image-17482\" src=\"https:\/\/serveiseducatius.xtec.cat\/baixemporda\/wp-content\/uploads\/usu1155\/2025\/12\/WhatsApp-Image-2025-12-09-at-09.03.40-1-1024x1024.jpeg\" alt=\"\" width=\"1024\" height=\"1024\" srcset=\"https:\/\/serveiseducatius.xtec.cat\/baixemporda\/wp-content\/uploads\/usu1155\/2025\/12\/WhatsApp-Image-2025-12-09-at-09.03.40-1-1024x1024.jpeg 1024w, https:\/\/serveiseducatius.xtec.cat\/baixemporda\/wp-content\/uploads\/usu1155\/2025\/12\/WhatsApp-Image-2025-12-09-at-09.03.40-1-300x300.jpeg 300w, https:\/\/serveiseducatius.xtec.cat\/baixemporda\/wp-content\/uploads\/usu1155\/2025\/12\/WhatsApp-Image-2025-12-09-at-09.03.40-1-150x150.jpeg 150w, https:\/\/serveiseducatius.xtec.cat\/baixemporda\/wp-content\/uploads\/usu1155\/2025\/12\/WhatsApp-Image-2025-12-09-at-09.03.40-1-768x768.jpeg 768w, https:\/\/serveiseducatius.xtec.cat\/baixemporda\/wp-content\/uploads\/usu1155\/2025\/12\/WhatsApp-Image-2025-12-09-at-09.03.40-1.jpeg 1080w\" sizes=\"auto, (max-width: 1024px) 100vw, 1024px\" \/><\/a><\/td>\n<td style=\"width: 50%; height: 584px;\"><a href=\"https:\/\/serveiseducatius.xtec.cat\/baixemporda\/wp-content\/uploads\/usu1155\/2025\/12\/WhatsApp-Image-2025-12-09-at-09.03.40.jpeg\"><img loading=\"lazy\" decoding=\"async\" class=\"alignnone size-large wp-image-17483\" src=\"https:\/\/serveiseducatius.xtec.cat\/baixemporda\/wp-content\/uploads\/usu1155\/2025\/12\/WhatsApp-Image-2025-12-09-at-09.03.40-1024x1024.jpeg\" alt=\"\" width=\"1024\" height=\"1024\" srcset=\"https:\/\/serveiseducatius.xtec.cat\/baixemporda\/wp-content\/uploads\/usu1155\/2025\/12\/WhatsApp-Image-2025-12-09-at-09.03.40-1024x1024.jpeg 1024w, https:\/\/serveiseducatius.xtec.cat\/baixemporda\/wp-content\/uploads\/usu1155\/2025\/12\/WhatsApp-Image-2025-12-09-at-09.03.40-300x300.jpeg 300w, https:\/\/serveiseducatius.xtec.cat\/baixemporda\/wp-content\/uploads\/usu1155\/2025\/12\/WhatsApp-Image-2025-12-09-at-09.03.40-150x150.jpeg 150w, https:\/\/serveiseducatius.xtec.cat\/baixemporda\/wp-content\/uploads\/usu1155\/2025\/12\/WhatsApp-Image-2025-12-09-at-09.03.40-768x768.jpeg 768w, https:\/\/serveiseducatius.xtec.cat\/baixemporda\/wp-content\/uploads\/usu1155\/2025\/12\/WhatsApp-Image-2025-12-09-at-09.03.40.jpeg 1080w\" sizes=\"auto, (max-width: 1024px) 100vw, 1024px\" \/><\/a><\/td>\n<\/tr>\n<\/tbody>\n<\/table>\n<p style=\"text-align: justify;\">El passat dissabte 29 de novembre va tenir lloc la cloenda del <strong>50\u00e8 aniversari de l&#8217;INS Baix Empord\u00e0<\/strong>. Es va iniciar a les 10 del mat\u00ed al Teatre Municipal de Palafrugell i va seguir durant tot el dia amb actes a l&#8217;institut: cercavila, balls tradicionals, exposici\u00f3 de cotxes cl\u00e0ssics, tallers infantils i per a adults, concert i dinar de germanor.<\/p>\n<p>Moltes felicitats per aquest aniversari i per molts anys m\u00e9s!<\/p>\n","protected":false},"excerpt":{"rendered":"<p>El passat dissabte 29 de novembre va tenir lloc la cloenda del 50\u00e8 aniversari de l&#8217;INS Baix Empord\u00e0. Es va iniciar a les 10 del mat\u00ed al Teatre Municipal de Palafrugell i va seguir durant tot el dia amb actes a l&#8217;institut: cercavila, balls tradicionals, exposici\u00f3 de cotxes cl\u00e0ssics, tallers infantils i per a adults, [&hellip;]<\/p>\n","protected":false},"author":1,"featured_media":17480,"comment_status":"closed","ping_status":"open","sticky":false,"template":"","format":"standard","meta":{"_bbp_topic_count":0,"_bbp_reply_count":0,"_bbp_total_topic_count":0,"_bbp_total_reply_count":0,"_bbp_voice_count":0,"_bbp_anonymous_reply_count":0,"_bbp_topic_count_hidden":0,"_bbp_reply_count_hidden":0,"_bbp_forum_subforum_count":0,"site-sidebar-layout":"default","site-content-layout":"","ast-site-content-layout":"","site-content-style":"default","site-sidebar-style":"default","ast-global-header-display":"","ast-banner-title-visibility":"","ast-main-header-display":"","ast-hfb-above-header-display":"","ast-hfb-below-header-display":"","ast-hfb-mobile-header-display":"","site-post-title":"","ast-breadcrumbs-content":"","ast-featured-img":"","footer-sml-layout":"","theme-transparent-header-meta":"","adv-header-id-meta":"","stick-header-meta":"","header-above-stick-meta":"","header-main-stick-meta":"","header-below-stick-meta":"","astra-migrate-meta-layouts":"default","ast-page-background-enabled":"default","ast-page-background-meta":{"desktop":{"background-color":"var(--ast-global-color-4)","background-image":"","background-repeat":"repeat","background-position":"center center","background-size":"auto","background-attachment":"scroll","background-type":"","background-media":"","overlay-type":"","overlay-color":"","overlay-opacity":"","overlay-gradient":""},"tablet":{"background-color":"","background-image":"","background-repeat":"repeat","background-position":"center center","background-size":"auto","background-attachment":"scroll","background-type":"","background-media":"","overlay-type":"","overlay-color":"","overlay-opacity":"","overlay-gradient":""},"mobile":{"background-color":"","background-image":"","background-repeat":"repeat","background-position":"center center","background-size":"auto","background-attachment":"scroll","background-type":"","background-media":"","overlay-type":"","overlay-color":"","overlay-opacity":"","overlay-gradient":""}},"ast-content-background-meta":{"desktop":{"background-color":"var(--ast-global-color-5)","background-image":"","background-repeat":"repeat","background-position":"center center","background-size":"auto","background-attachment":"scroll","background-type":"","background-media":"","overlay-type":"","overlay-color":"","overlay-opacity":"","overlay-gradient":""},"tablet":{"background-color":"var(--ast-global-color-5)","background-image":"","background-repeat":"repeat","background-position":"center center","background-size":"auto","background-attachment":"scroll","background-type":"","background-media":"","overlay-type":"","overlay-color":"","overlay-opacity":"","overlay-gradient":""},"mobile":{"background-color":"var(--ast-global-color-5)","background-image":"","background-repeat":"repeat","background-position":"center center","background-size":"auto","background-attachment":"scroll","background-type":"","background-media":"","overlay-type":"","overlay-color":"","overlay-opacity":"","overlay-gradient":""}},"footnotes":""},"categories":[65,1,297,29],"tags":[506],"class_list":["post-17479","post","type-post","status-publish","format-standard","has-post-thumbnail","hentry","category-crp","category-general","category-novetats-comunitat","category-portada","tag-curs-25-26"],"post_mailing_queue_ids":[],"_links":{"self":[{"href":"https:\/\/serveiseducatius.xtec.cat\/baixemporda\/wp-json\/wp\/v2\/posts\/17479","targetHints":{"allow":["GET"]}}],"collection":[{"href":"https:\/\/serveiseducatius.xtec.cat\/baixemporda\/wp-json\/wp\/v2\/posts"}],"about":[{"href":"https:\/\/serveiseducatius.xtec.cat\/baixemporda\/wp-json\/wp\/v2\/types\/post"}],"author":[{"embeddable":true,"href":"https:\/\/serveiseducatius.xtec.cat\/baixemporda\/wp-json\/wp\/v2\/users\/1"}],"replies":[{"embeddable":true,"href":"https:\/\/serveiseducatius.xtec.cat\/baixemporda\/wp-json\/wp\/v2\/comments?post=17479"}],"version-history":[{"count":1,"href":"https:\/\/serveiseducatius.xtec.cat\/baixemporda\/wp-json\/wp\/v2\/posts\/17479\/revisions"}],"predecessor-version":[{"id":17486,"href":"https:\/\/serveiseducatius.xtec.cat\/baixemporda\/wp-json\/wp\/v2\/posts\/17479\/revisions\/17486"}],"wp:featuredmedia":[{"embeddable":true,"href":"https:\/\/serveiseducatius.xtec.cat\/baixemporda\/wp-json\/wp\/v2\/media\/17480"}],"wp:attachment":[{"href":"https:\/\/serveiseducatius.xtec.cat\/baixemporda\/wp-json\/wp\/v2\/media?parent=17479"}],"wp:term":[{"taxonomy":"category","embeddable":true,"href":"https:\/\/serveiseducatius.xtec.cat\/baixemporda\/wp-json\/wp\/v2\/categories?post=17479"},{"taxonomy":"post_tag","embeddable":true,"href":"https:\/\/serveiseducatius.xtec.cat\/baixemporda\/wp-json\/wp\/v2\/tags?post=17479"}],"curies":[{"name":"wp","href":"https:\/\/api.w.org\/{rel}","templated":true}]}}