{"id":17456,"date":"2025-12-02T12:25:20","date_gmt":"2025-12-02T11:25:20","guid":{"rendered":"https:\/\/serveiseducatius.xtec.cat\/baixemporda\/?p=17456"},"modified":"2025-12-02T12:25:50","modified_gmt":"2025-12-02T11:25:50","slug":"el-consell-comarcal-acull-la-taula-dimpuls-a-lfp-baix-emporda","status":"publish","type":"post","link":"https:\/\/serveiseducatius.xtec.cat\/baixemporda\/general\/el-consell-comarcal-acull-la-taula-dimpuls-a-lfp-baix-emporda\/","title":{"rendered":"El Consell Comarcal acull la Taula d\u2019impuls a l\u2019FP Baix Empord\u00e0"},"content":{"rendered":"<p>Article publicat a la <a href=\"https:\/\/www.baixemporda.cat\/ca\/actualitat\/noticies\/el-consell-comarcal-acull-la-taula-d-impuls-a-l-fp-baix-emporda\/\" target=\"_blank\" rel=\"noopener\">p\u00e0gina web<\/a> del <strong>Consell Comarcal del Baix Empord\u00e0<\/strong> sobre la primera sessi\u00f3 de la Taula d&#8217;impuls a l&#8217;FP Baix Empord\u00e0.<\/p>\n<table style=\"border-collapse: collapse; width: 100%;\">\n<tbody>\n<tr>\n<td style=\"width: 50%;\"><a href=\"https:\/\/serveiseducatius.xtec.cat\/baixemporda\/wp-content\/uploads\/usu1155\/2025\/12\/a.jpg\"><img loading=\"lazy\" decoding=\"async\" class=\"alignnone size-full wp-image-17457\" src=\"https:\/\/serveiseducatius.xtec.cat\/baixemporda\/wp-content\/uploads\/usu1155\/2025\/12\/a.jpg\" alt=\"\" width=\"864\" height=\"850\" srcset=\"https:\/\/serveiseducatius.xtec.cat\/baixemporda\/wp-content\/uploads\/usu1155\/2025\/12\/a.jpg 864w, https:\/\/serveiseducatius.xtec.cat\/baixemporda\/wp-content\/uploads\/usu1155\/2025\/12\/a-300x295.jpg 300w, https:\/\/serveiseducatius.xtec.cat\/baixemporda\/wp-content\/uploads\/usu1155\/2025\/12\/a-768x756.jpg 768w\" sizes=\"auto, (max-width: 864px) 100vw, 864px\" \/><\/a><\/td>\n<td style=\"width: 50%;\"><a href=\"https:\/\/serveiseducatius.xtec.cat\/baixemporda\/wp-content\/uploads\/usu1155\/2025\/12\/b.jpg\"><img loading=\"lazy\" decoding=\"async\" class=\"alignnone size-full wp-image-17458\" src=\"https:\/\/serveiseducatius.xtec.cat\/baixemporda\/wp-content\/uploads\/usu1155\/2025\/12\/b.jpg\" alt=\"\" width=\"649\" height=\"792\" srcset=\"https:\/\/serveiseducatius.xtec.cat\/baixemporda\/wp-content\/uploads\/usu1155\/2025\/12\/b.jpg 649w, https:\/\/serveiseducatius.xtec.cat\/baixemporda\/wp-content\/uploads\/usu1155\/2025\/12\/b-246x300.jpg 246w\" sizes=\"auto, (max-width: 649px) 100vw, 649px\" \/><\/a><\/td>\n<\/tr>\n<tr>\n<td style=\"width: 50%;\"><a href=\"https:\/\/serveiseducatius.xtec.cat\/baixemporda\/wp-content\/uploads\/usu1155\/2025\/12\/c.jpg\"><img loading=\"lazy\" decoding=\"async\" class=\"alignnone size-full wp-image-17459\" src=\"https:\/\/serveiseducatius.xtec.cat\/baixemporda\/wp-content\/uploads\/usu1155\/2025\/12\/c.jpg\" alt=\"\" width=\"643\" height=\"861\" srcset=\"https:\/\/serveiseducatius.xtec.cat\/baixemporda\/wp-content\/uploads\/usu1155\/2025\/12\/c.jpg 643w, https:\/\/serveiseducatius.xtec.cat\/baixemporda\/wp-content\/uploads\/usu1155\/2025\/12\/c-224x300.jpg 224w\" sizes=\"auto, (max-width: 643px) 100vw, 643px\" \/><\/a><\/td>\n<td style=\"width: 50%;\"><a href=\"https:\/\/serveiseducatius.xtec.cat\/baixemporda\/wp-content\/uploads\/usu1155\/2025\/12\/d.jpg\"><img loading=\"lazy\" decoding=\"async\" class=\"alignnone size-full wp-image-17460\" src=\"https:\/\/serveiseducatius.xtec.cat\/baixemporda\/wp-content\/uploads\/usu1155\/2025\/12\/d.jpg\" alt=\"\" width=\"842\" height=\"841\" srcset=\"https:\/\/serveiseducatius.xtec.cat\/baixemporda\/wp-content\/uploads\/usu1155\/2025\/12\/d.jpg 842w, https:\/\/serveiseducatius.xtec.cat\/baixemporda\/wp-content\/uploads\/usu1155\/2025\/12\/d-300x300.jpg 300w, https:\/\/serveiseducatius.xtec.cat\/baixemporda\/wp-content\/uploads\/usu1155\/2025\/12\/d-150x150.jpg 150w, https:\/\/serveiseducatius.xtec.cat\/baixemporda\/wp-content\/uploads\/usu1155\/2025\/12\/d-768x767.jpg 768w\" sizes=\"auto, (max-width: 842px) 100vw, 842px\" \/><\/a><\/td>\n<\/tr>\n<\/tbody>\n<\/table>\n<p>&nbsp;<\/p>\n<h4 class=\"left\" style=\"text-align: justify;\">El Consell Comarcal acull la Taula d\u2019impuls a l\u2019FP Baix Empord\u00e0<\/h4>\n<p>&nbsp;<\/p>\n<div class=\"content-block\" style=\"text-align: justify;\">\n<p class=\"summary\">La primera sessi\u00f3 del curs 2025-26 ha reunit agents educatius, econ\u00f2mics i socials, direccions de centres d\u2019FP i administracions p\u00fabliques<\/p>\n<\/div>\n<div class=\"text content-block\">\n<p style=\"text-align: justify;\">La sala de plens del Consell Comarcal ha acollit la primera sessi\u00f3 de la Taula d\u2019Impuls a l\u2019FP Baix Empord\u00e0 2025-2026. Un espai de coordinaci\u00f3 entre agents educatius, socials i econ\u00f2mics per\u00a0<strong>refor\u00e7ar el paper de la formaci\u00f3 professional i millorar l\u2019orientaci\u00f3 als joves<\/strong>\u00a0de la comarca.<\/p>\n<p style=\"text-align: justify;\">La jornada ha estat\u00a0<strong>organitzada pel Centre de Recursos Pedag\u00f2gics del\u00a0<a href=\"https:\/\/serveiseducatius.xtec.cat\/baixemporda\/categoria\/crp\/\" target=\"_blank\" rel=\"noopener\">Servei Educatiu del Baix Empord\u00e0<\/a><\/strong>. El servei del Departament d\u2019Educaci\u00f3 i Formaci\u00f3 Professional de la Generalitat de Catalunya ha col\u00b7laborat amb l\u2019\u00e0rea de Promoci\u00f3 Econ\u00f2mica del Consell Comarcal per coordinar la sessi\u00f3.<\/p>\n<p style=\"text-align: justify;\">La Taula d\u2019Impuls FP neix amb la voluntat d\u2019actuar com un<strong>\u00a0espai de treball en xarxa i de presa de decisions compartides<\/strong>. Es treballa amb diferents objectius que situen la Taula com un instrument clau per connectar centres educatius, administracions, serveis d\u2019ocupaci\u00f3 i teixit empresarial. A m\u00e9s, serveixen per\u00a0<strong>reivindicar la formaci\u00f3 professional com una opci\u00f3 de prestigi<\/strong>, alineada amb els oficis amb m\u00e9s futur a la comarca.<\/p>\n<p style=\"text-align: justify;\">Entre els\u00a0<strong>objectius principals<\/strong>\u00a0destaquen:<\/p>\n<ul style=\"text-align: justify;\">\n<li>Establir un\u00a0<strong>treball en xarxa interdepartamental\u00a0<\/strong>entre tots els professionals que intervenen en l\u2019orientaci\u00f3 educativa, formativa i laboral dels joves de la comarca.<\/li>\n<li>Compartir les\u00a0<strong>novetats del programa Reconnect-Es<\/strong>, adre\u00e7at a fer front a l\u2019abandonament escolar i coordinar-ne la implementaci\u00f3 als centres.<\/li>\n<li><strong>Garantir que tota la informaci\u00f3 clau d\u2019FP arribi als claustres<\/strong>\u00a0de secund\u00e0ria, facilitant que els equips docents puguin acompanyar millor l\u2019alumnat.<\/li>\n<li>Con\u00e8ixer i actualitzar el\u00a0<strong>mapa de recursos del Baix Empord\u00e0<\/strong>, tant pel que fa a l\u2019oferta formativa com a altres recursos i serveis d\u2019orientaci\u00f3, posant en valor portals i webs existents.<\/li>\n<li>Reflexionar i\u00a0<strong>compartir demandes i necessitats en l\u2019\u00e0mbit de la formaci\u00f3 professional\u00a0<\/strong>i fer-ne un an\u00e0lisi conjunt que permeti impulsar actuacions.<\/li>\n<\/ul>\n<p style=\"text-align: justify;\"><strong>Una primera sessi\u00f3 per compartir projectes i recursos<\/strong><\/p>\n<p style=\"text-align: justify;\">A la trobada, els participants han conegut\u00a0<strong>novetats sobre certificats de professionalitat, el programa Reconnect-Es i el projecte &#8216;<a href=\"https:\/\/www.baixemporda.cat\/ca\/arees\/promocio-economica\/oficis-amb-futur\/\" target=\"_blank\" rel=\"noopener\">Oficis amb futur al Baix Empord\u00e0<\/a>&#8216;<\/strong>. A m\u00e9s, han descobert recursos vinculats als oficis del mar, els Centres de Noves Oportunitats i els serveis de les Oficines de Treball. Tamb\u00e9 s\u2019han presentat les principals eines digitals i webs de refer\u00e8ncia per a l\u2019orientaci\u00f3 i la informaci\u00f3 d\u2019FP al Baix Empord\u00e0.<\/p>\n<p style=\"text-align: justify;\">La Taula d\u2019Impuls FP tindr\u00e0 continu\u00eftat durant el curs amb noves sessions de treball amb l\u2019objectiu de continuar compartint novetats formatives. S\u2019hi coordinaran actuacions comunes i s\u2019hi treballar\u00e0 per\u00a0<strong>donar resposta a les necessitats detectades als centres i al teixit productiu<\/strong>\u00a0de la comarca.<\/p>\n<p style=\"text-align: justify;\">A trav\u00e9s d\u2019iniciatives com la Taula, el Consell Comarcal del Baix Empord\u00e0 i el Departament d\u2019Educaci\u00f3 i Formaci\u00f3 Professional refermen el comprom\u00eds per\u00a0<strong>apropar la formaci\u00f3 al teixit econ\u00f2mic, reduir l\u2019abandonament escolar i acompanyar els joves cap a ocupacions de qualitat<\/strong>.<\/p>\n<\/div>\n","protected":false},"excerpt":{"rendered":"<p>Article publicat a la p\u00e0gina web del Consell Comarcal del Baix Empord\u00e0 sobre la primera sessi\u00f3 de la Taula d&#8217;impuls a l&#8217;FP Baix Empord\u00e0. &nbsp; El Consell Comarcal acull la Taula d\u2019impuls a l\u2019FP Baix Empord\u00e0 &nbsp; La primera sessi\u00f3 del curs 2025-26 ha reunit agents educatius, econ\u00f2mics i socials, direccions de centres d\u2019FP i [&hellip;]<\/p>\n","protected":false},"author":1,"featured_media":17457,"comment_status":"closed","ping_status":"open","sticky":false,"template":"","format":"standard","meta":{"_bbp_topic_count":0,"_bbp_reply_count":0,"_bbp_total_topic_count":0,"_bbp_total_reply_count":0,"_bbp_voice_count":0,"_bbp_anonymous_reply_count":0,"_bbp_topic_count_hidden":0,"_bbp_reply_count_hidden":0,"_bbp_forum_subforum_count":0,"site-sidebar-layout":"default","site-content-layout":"","ast-site-content-layout":"","site-content-style":"default","site-sidebar-style":"default","ast-global-header-display":"","ast-banner-title-visibility":"","ast-main-header-display":"","ast-hfb-above-header-display":"","ast-hfb-below-header-display":"","ast-hfb-mobile-header-display":"","site-post-title":"","ast-breadcrumbs-content":"","ast-featured-img":"","footer-sml-layout":"","theme-transparent-header-meta":"","adv-header-id-meta":"","stick-header-meta":"","header-above-stick-meta":"","header-main-stick-meta":"","header-below-stick-meta":"","astra-migrate-meta-layouts":"default","ast-page-background-enabled":"default","ast-page-background-meta":{"desktop":{"background-color":"var(--ast-global-color-4)","background-image":"","background-repeat":"repeat","background-position":"center center","background-size":"auto","background-attachment":"scroll","background-type":"","background-media":"","overlay-type":"","overlay-color":"","overlay-opacity":"","overlay-gradient":""},"tablet":{"background-color":"","background-image":"","background-repeat":"repeat","background-position":"center center","background-size":"auto","background-attachment":"scroll","background-type":"","background-media":"","overlay-type":"","overlay-color":"","overlay-opacity":"","overlay-gradient":""},"mobile":{"background-color":"","background-image":"","background-repeat":"repeat","background-position":"center center","background-size":"auto","background-attachment":"scroll","background-type":"","background-media":"","overlay-type":"","overlay-color":"","overlay-opacity":"","overlay-gradient":""}},"ast-content-background-meta":{"desktop":{"background-color":"var(--ast-global-color-5)","background-image":"","background-repeat":"repeat","background-position":"center center","background-size":"auto","background-attachment":"scroll","background-type":"","background-media":"","overlay-type":"","overlay-color":"","overlay-opacity":"","overlay-gradient":""},"tablet":{"background-color":"var(--ast-global-color-5)","background-image":"","background-repeat":"repeat","background-position":"center center","background-size":"auto","background-attachment":"scroll","background-type":"","background-media":"","overlay-type":"","overlay-color":"","overlay-opacity":"","overlay-gradient":""},"mobile":{"background-color":"var(--ast-global-color-5)","background-image":"","background-repeat":"repeat","background-position":"center center","background-size":"auto","background-attachment":"scroll","background-type":"","background-media":"","overlay-type":"","overlay-color":"","overlay-opacity":"","overlay-gradient":""}},"footnotes":""},"categories":[65,1,296,299,29],"tags":[506],"class_list":["post-17456","post","type-post","status-publish","format-standard","has-post-thumbnail","hentry","category-crp","category-general","category-novetats-dinamitzacio","category-novform","category-portada","tag-curs-25-26"],"post_mailing_queue_ids":[],"_links":{"self":[{"href":"https:\/\/serveiseducatius.xtec.cat\/baixemporda\/wp-json\/wp\/v2\/posts\/17456","targetHints":{"allow":["GET"]}}],"collection":[{"href":"https:\/\/serveiseducatius.xtec.cat\/baixemporda\/wp-json\/wp\/v2\/posts"}],"about":[{"href":"https:\/\/serveiseducatius.xtec.cat\/baixemporda\/wp-json\/wp\/v2\/types\/post"}],"author":[{"embeddable":true,"href":"https:\/\/serveiseducatius.xtec.cat\/baixemporda\/wp-json\/wp\/v2\/users\/1"}],"replies":[{"embeddable":true,"href":"https:\/\/serveiseducatius.xtec.cat\/baixemporda\/wp-json\/wp\/v2\/comments?post=17456"}],"version-history":[{"count":2,"href":"https:\/\/serveiseducatius.xtec.cat\/baixemporda\/wp-json\/wp\/v2\/posts\/17456\/revisions"}],"predecessor-version":[{"id":17462,"href":"https:\/\/serveiseducatius.xtec.cat\/baixemporda\/wp-json\/wp\/v2\/posts\/17456\/revisions\/17462"}],"wp:featuredmedia":[{"embeddable":true,"href":"https:\/\/serveiseducatius.xtec.cat\/baixemporda\/wp-json\/wp\/v2\/media\/17457"}],"wp:attachment":[{"href":"https:\/\/serveiseducatius.xtec.cat\/baixemporda\/wp-json\/wp\/v2\/media?parent=17456"}],"wp:term":[{"taxonomy":"category","embeddable":true,"href":"https:\/\/serveiseducatius.xtec.cat\/baixemporda\/wp-json\/wp\/v2\/categories?post=17456"},{"taxonomy":"post_tag","embeddable":true,"href":"https:\/\/serveiseducatius.xtec.cat\/baixemporda\/wp-json\/wp\/v2\/tags?post=17456"}],"curies":[{"name":"wp","href":"https:\/\/api.w.org\/{rel}","templated":true}]}}