{"id":17331,"date":"2025-11-03T10:30:41","date_gmt":"2025-11-03T09:30:41","guid":{"rendered":"https:\/\/serveiseducatius.xtec.cat\/baixemporda\/?p=17331"},"modified":"2025-11-03T10:31:02","modified_gmt":"2025-11-03T09:31:02","slug":"reptes-actuals-de-les-ciencies-biologia-i-geologia-2025-2026","status":"publish","type":"post","link":"https:\/\/serveiseducatius.xtec.cat\/baixemporda\/general\/reptes-actuals-de-les-ciencies-biologia-i-geologia-2025-2026\/","title":{"rendered":"Reptes actuals de les ci\u00e8ncies. Biologia i Geologia"},"content":{"rendered":"<p><a href=\"https:\/\/serveiseducatius.xtec.cat\/baixemporda\/wp-content\/uploads\/usu1155\/2025\/11\/reptes.jpg\"><img loading=\"lazy\" decoding=\"async\" class=\" wp-image-17332 aligncenter\" src=\"https:\/\/serveiseducatius.xtec.cat\/baixemporda\/wp-content\/uploads\/usu1155\/2025\/11\/reptes-1024x753.jpg\" alt=\"\" width=\"681\" height=\"501\" srcset=\"https:\/\/serveiseducatius.xtec.cat\/baixemporda\/wp-content\/uploads\/usu1155\/2025\/11\/reptes-1024x753.jpg 1024w, https:\/\/serveiseducatius.xtec.cat\/baixemporda\/wp-content\/uploads\/usu1155\/2025\/11\/reptes-300x221.jpg 300w, https:\/\/serveiseducatius.xtec.cat\/baixemporda\/wp-content\/uploads\/usu1155\/2025\/11\/reptes-768x565.jpg 768w, https:\/\/serveiseducatius.xtec.cat\/baixemporda\/wp-content\/uploads\/usu1155\/2025\/11\/reptes.jpg 1164w\" sizes=\"auto, (max-width: 681px) 100vw, 681px\" \/><\/a><\/p>\n<p>En el seg\u00fcent\u00a0<a href=\"https:\/\/projectes.xtec.cat\/nou-curriculum\/reptes-actuals-de-les-ciencies-biologia-i-geologia-2025-2026\/\" target=\"_blank\" rel=\"noopener\">enlla\u00e7<\/a>\u00a0trobareu els materials i els v\u00eddeos del cicle de confer\u00e8ncies\u00a0<strong>Reptes actuals de les ci\u00e8ncies. Biologia i Geologia. 2025-2026<\/strong> que es dur\u00e0 a terme pel CESIRE aquest curs. Aquestes confer\u00e8ncies serveixen per a con\u00e8ixer alguns dels \u00faltims aven\u00e7os de la ci\u00e8ncia i per inspirar contextos per dissenyar situacions d\u2019aprenentatge de les mat\u00e8ries relacionades amb la Biologia i la Geologia.<\/p>\n","protected":false},"excerpt":{"rendered":"<p>En el seg\u00fcent\u00a0enlla\u00e7\u00a0trobareu els materials i els v\u00eddeos del cicle de confer\u00e8ncies\u00a0Reptes actuals de les ci\u00e8ncies. Biologia i Geologia. 2025-2026 que es dur\u00e0 a terme pel CESIRE aquest curs. Aquestes confer\u00e8ncies serveixen per a con\u00e8ixer alguns dels \u00faltims aven\u00e7os de la ci\u00e8ncia i per inspirar contextos per dissenyar situacions d\u2019aprenentatge de les mat\u00e8ries relacionades amb [&hellip;]<\/p>\n","protected":false},"author":1,"featured_media":17332,"comment_status":"closed","ping_status":"open","sticky":false,"template":"","format":"standard","meta":{"_bbp_topic_count":0,"_bbp_reply_count":0,"_bbp_total_topic_count":0,"_bbp_total_reply_count":0,"_bbp_voice_count":0,"_bbp_anonymous_reply_count":0,"_bbp_topic_count_hidden":0,"_bbp_reply_count_hidden":0,"_bbp_forum_subforum_count":0,"site-sidebar-layout":"default","site-content-layout":"","ast-site-content-layout":"","site-content-style":"default","site-sidebar-style":"default","ast-global-header-display":"","ast-banner-title-visibility":"","ast-main-header-display":"","ast-hfb-above-header-display":"","ast-hfb-below-header-display":"","ast-hfb-mobile-header-display":"","site-post-title":"","ast-breadcrumbs-content":"","ast-featured-img":"","footer-sml-layout":"","theme-transparent-header-meta":"","adv-header-id-meta":"","stick-header-meta":"","header-above-stick-meta":"","header-main-stick-meta":"","header-below-stick-meta":"","astra-migrate-meta-layouts":"default","ast-page-background-enabled":"default","ast-page-background-meta":{"desktop":{"background-color":"var(--ast-global-color-4)","background-image":"","background-repeat":"repeat","background-position":"center center","background-size":"auto","background-attachment":"scroll","background-type":"","background-media":"","overlay-type":"","overlay-color":"","overlay-opacity":"","overlay-gradient":""},"tablet":{"background-color":"","background-image":"","background-repeat":"repeat","background-position":"center center","background-size":"auto","background-attachment":"scroll","background-type":"","background-media":"","overlay-type":"","overlay-color":"","overlay-opacity":"","overlay-gradient":""},"mobile":{"background-color":"","background-image":"","background-repeat":"repeat","background-position":"center center","background-size":"auto","background-attachment":"scroll","background-type":"","background-media":"","overlay-type":"","overlay-color":"","overlay-opacity":"","overlay-gradient":""}},"ast-content-background-meta":{"desktop":{"background-color":"var(--ast-global-color-5)","background-image":"","background-repeat":"repeat","background-position":"center center","background-size":"auto","background-attachment":"scroll","background-type":"","background-media":"","overlay-type":"","overlay-color":"","overlay-opacity":"","overlay-gradient":""},"tablet":{"background-color":"var(--ast-global-color-5)","background-image":"","background-repeat":"repeat","background-position":"center center","background-size":"auto","background-attachment":"scroll","background-type":"","background-media":"","overlay-type":"","overlay-color":"","overlay-opacity":"","overlay-gradient":""},"mobile":{"background-color":"var(--ast-global-color-5)","background-image":"","background-repeat":"repeat","background-position":"center center","background-size":"auto","background-attachment":"scroll","background-type":"","background-media":"","overlay-type":"","overlay-color":"","overlay-opacity":"","overlay-gradient":""}},"footnotes":""},"categories":[65,1,299,29],"tags":[506],"class_list":["post-17331","post","type-post","status-publish","format-standard","has-post-thumbnail","hentry","category-crp","category-general","category-novform","category-portada","tag-curs-25-26"],"post_mailing_queue_ids":[],"_links":{"self":[{"href":"https:\/\/serveiseducatius.xtec.cat\/baixemporda\/wp-json\/wp\/v2\/posts\/17331","targetHints":{"allow":["GET"]}}],"collection":[{"href":"https:\/\/serveiseducatius.xtec.cat\/baixemporda\/wp-json\/wp\/v2\/posts"}],"about":[{"href":"https:\/\/serveiseducatius.xtec.cat\/baixemporda\/wp-json\/wp\/v2\/types\/post"}],"author":[{"embeddable":true,"href":"https:\/\/serveiseducatius.xtec.cat\/baixemporda\/wp-json\/wp\/v2\/users\/1"}],"replies":[{"embeddable":true,"href":"https:\/\/serveiseducatius.xtec.cat\/baixemporda\/wp-json\/wp\/v2\/comments?post=17331"}],"version-history":[{"count":2,"href":"https:\/\/serveiseducatius.xtec.cat\/baixemporda\/wp-json\/wp\/v2\/posts\/17331\/revisions"}],"predecessor-version":[{"id":17334,"href":"https:\/\/serveiseducatius.xtec.cat\/baixemporda\/wp-json\/wp\/v2\/posts\/17331\/revisions\/17334"}],"wp:featuredmedia":[{"embeddable":true,"href":"https:\/\/serveiseducatius.xtec.cat\/baixemporda\/wp-json\/wp\/v2\/media\/17332"}],"wp:attachment":[{"href":"https:\/\/serveiseducatius.xtec.cat\/baixemporda\/wp-json\/wp\/v2\/media?parent=17331"}],"wp:term":[{"taxonomy":"category","embeddable":true,"href":"https:\/\/serveiseducatius.xtec.cat\/baixemporda\/wp-json\/wp\/v2\/categories?post=17331"},{"taxonomy":"post_tag","embeddable":true,"href":"https:\/\/serveiseducatius.xtec.cat\/baixemporda\/wp-json\/wp\/v2\/tags?post=17331"}],"curies":[{"name":"wp","href":"https:\/\/api.w.org\/{rel}","templated":true}]}}