{"id":17229,"date":"2025-10-07T10:56:18","date_gmt":"2025-10-07T08:56:18","guid":{"rendered":"https:\/\/serveiseducatius.xtec.cat\/baixemporda\/?p=17229"},"modified":"2025-10-07T12:34:39","modified_gmt":"2025-10-07T10:34:39","slug":"apropem-lexperiencia-faig","status":"publish","type":"post","link":"https:\/\/serveiseducatius.xtec.cat\/baixemporda\/general\/apropem-lexperiencia-faig\/","title":{"rendered":"Apropem l&#8217;experi\u00e8ncia FAIG"},"content":{"rendered":"<p><a href=\"https:\/\/serveiseducatius.xtec.cat\/baixemporda\/wp-content\/uploads\/usu1155\/2025\/10\/Caratula-faig.png\"><img loading=\"lazy\" decoding=\"async\" class=\"wp-image-17236 aligncenter\" src=\"https:\/\/serveiseducatius.xtec.cat\/baixemporda\/wp-content\/uploads\/usu1155\/2025\/10\/Caratula-faig-1024x364.png\" alt=\"\" width=\"523\" height=\"186\" srcset=\"https:\/\/serveiseducatius.xtec.cat\/baixemporda\/wp-content\/uploads\/usu1155\/2025\/10\/Caratula-faig-1024x364.png 1024w, https:\/\/serveiseducatius.xtec.cat\/baixemporda\/wp-content\/uploads\/usu1155\/2025\/10\/Caratula-faig-300x107.png 300w, https:\/\/serveiseducatius.xtec.cat\/baixemporda\/wp-content\/uploads\/usu1155\/2025\/10\/Caratula-faig-768x273.png 768w, https:\/\/serveiseducatius.xtec.cat\/baixemporda\/wp-content\/uploads\/usu1155\/2025\/10\/Caratula-faig.png 1377w\" sizes=\"auto, (max-width: 523px) 100vw, 523px\" \/><\/a><\/p>\n<p>&nbsp;<\/p>\n<p>Iniciem el segon curs de consolidaci\u00f3 del Programa FAIG a l\u2019<strong>Escola Quermany <\/strong>de Pals i\u00a0l\u2019<strong>Escola Mn Baldiri Reixach<\/strong> de Sant Feliu de Gu\u00edxols, al Programa experimental <strong>F<\/strong>ent per\u00a0<strong>A<\/strong>prendre,\u00a0<strong>I<\/strong>maginant\u00a0<strong>G<\/strong>lobalment (<strong>FAIG<\/strong>).<\/p>\n<p>La <strong>novetat<\/strong> d&#8217;aquest curs, donada l&#8217;experi\u00e8ncia d&#8217;\u00e8xit recollida a les dues escoles i les dotacions de maquinari previst als vostres centres, s&#8217;ha proposat una formaci\u00f3 &#8220;<a href=\"https:\/\/ja.cat\/c9fwr\">Cultura maker i fabricaci\u00f3 digital amb sentit<\/a>&#8221; a la Comarca associada a l&#8217;\u00fas i aplicaci\u00f3 dels recursos digitals que s&#8217;utilitzen a l&#8217;espai FaigLab, vincular-ho amb les vostres propostes pedag\u00f2giques i compartir-ho amb els docents de les escoles participants.<\/p>\n<p>Creiem que \u00e9s una proposta que us pot ser molt \u00fatil per poder treballar al vostre espai maker amb eines i recursos tant t\u00e8cnics com pedag\u00f2giques. En aquest <a href=\"https:\/\/ja.cat\/c9fwr\">enlla\u00e7<\/a> hi podeu trobar m\u00e9s informaci\u00f3 aix\u00ed com la inscripci\u00f3 a la formaci\u00f3 que encara est\u00e0 oberta. Us hi esperem!<\/p>\n<p>Aprofitem per compartir-vos dos projectes destacats de les escoles del Baix Empord\u00e0, uns bons exemples d&#8217;experi\u00e8ncies a l&#8217;aula.<\/p>\n<p>Tamb\u00e9 trobareu la descripci\u00f3 de m\u00e9s de 600 projectes desenvolupats a les 155 escoles que participen al programa de tot Catalunya i que han elaborat al llarg del darrer curs. Us recomanem la visita a la <strong><a href=\"https:\/\/projectesfaig.cesire.cat\/projectes\/\">web, <\/a><\/strong>us pot ser molt inspiradora per desenvolupar els vostres projectes.<\/p>\n<p><a href=\"https:\/\/projectesfaig.cesire.cat\/project\/teixint-historia-vestint-consciencia\/\"><img loading=\"lazy\" decoding=\"async\" class=\"size-full wp-image-17237 alignright\" src=\"https:\/\/serveiseducatius.xtec.cat\/baixemporda\/wp-content\/uploads\/usu1155\/2025\/10\/Quermany.png\" alt=\"\" width=\"419\" height=\"340\" srcset=\"https:\/\/serveiseducatius.xtec.cat\/baixemporda\/wp-content\/uploads\/usu1155\/2025\/10\/Quermany.png 419w, https:\/\/serveiseducatius.xtec.cat\/baixemporda\/wp-content\/uploads\/usu1155\/2025\/10\/Quermany-300x243.png 300w\" sizes=\"auto, (max-width: 419px) 100vw, 419px\" \/><\/a><a href=\"https:\/\/projectesfaig.cesire.cat\/project\/preparats-pels-imprevistos\/\"><img loading=\"lazy\" decoding=\"async\" class=\"wp-image-17238 alignleft\" src=\"https:\/\/serveiseducatius.xtec.cat\/baixemporda\/wp-content\/uploads\/usu1155\/2025\/10\/Baldiri.png\" alt=\"\" width=\"396\" height=\"338\" srcset=\"https:\/\/serveiseducatius.xtec.cat\/baixemporda\/wp-content\/uploads\/usu1155\/2025\/10\/Baldiri.png 419w, https:\/\/serveiseducatius.xtec.cat\/baixemporda\/wp-content\/uploads\/usu1155\/2025\/10\/Baldiri-300x256.png 300w\" sizes=\"auto, (max-width: 396px) 100vw, 396px\" \/><\/a><\/p>\n","protected":false},"excerpt":{"rendered":"<p>&nbsp; Iniciem el segon curs de consolidaci\u00f3 del Programa FAIG a l\u2019Escola Quermany de Pals i\u00a0l\u2019Escola Mn Baldiri Reixach de Sant Feliu de Gu\u00edxols, al Programa experimental Fent per\u00a0Aprendre,\u00a0Imaginant\u00a0Globalment (FAIG). La novetat d&#8217;aquest curs, donada l&#8217;experi\u00e8ncia d&#8217;\u00e8xit recollida a les dues escoles i les dotacions de maquinari previst als vostres centres, s&#8217;ha proposat una formaci\u00f3 [&hellip;]<\/p>\n","protected":false},"author":1,"featured_media":17239,"comment_status":"closed","ping_status":"open","sticky":false,"template":"","format":"standard","meta":{"_bbp_topic_count":0,"_bbp_reply_count":0,"_bbp_total_topic_count":0,"_bbp_total_reply_count":0,"_bbp_voice_count":0,"_bbp_anonymous_reply_count":0,"_bbp_topic_count_hidden":0,"_bbp_reply_count_hidden":0,"_bbp_forum_subforum_count":0,"site-sidebar-layout":"default","site-content-layout":"","ast-site-content-layout":"","site-content-style":"default","site-sidebar-style":"default","ast-global-header-display":"","ast-banner-title-visibility":"","ast-main-header-display":"","ast-hfb-above-header-display":"","ast-hfb-below-header-display":"","ast-hfb-mobile-header-display":"","site-post-title":"","ast-breadcrumbs-content":"","ast-featured-img":"","footer-sml-layout":"","theme-transparent-header-meta":"","adv-header-id-meta":"","stick-header-meta":"","header-above-stick-meta":"","header-main-stick-meta":"","header-below-stick-meta":"","astra-migrate-meta-layouts":"default","ast-page-background-enabled":"default","ast-page-background-meta":{"desktop":{"background-color":"var(--ast-global-color-4)","background-image":"","background-repeat":"repeat","background-position":"center center","background-size":"auto","background-attachment":"scroll","background-type":"","background-media":"","overlay-type":"","overlay-color":"","overlay-opacity":"","overlay-gradient":""},"tablet":{"background-color":"","background-image":"","background-repeat":"repeat","background-position":"center center","background-size":"auto","background-attachment":"scroll","background-type":"","background-media":"","overlay-type":"","overlay-color":"","overlay-opacity":"","overlay-gradient":""},"mobile":{"background-color":"","background-image":"","background-repeat":"repeat","background-position":"center center","background-size":"auto","background-attachment":"scroll","background-type":"","background-media":"","overlay-type":"","overlay-color":"","overlay-opacity":"","overlay-gradient":""}},"ast-content-background-meta":{"desktop":{"background-color":"var(--ast-global-color-5)","background-image":"","background-repeat":"repeat","background-position":"center center","background-size":"auto","background-attachment":"scroll","background-type":"","background-media":"","overlay-type":"","overlay-color":"","overlay-opacity":"","overlay-gradient":""},"tablet":{"background-color":"var(--ast-global-color-5)","background-image":"","background-repeat":"repeat","background-position":"center center","background-size":"auto","background-attachment":"scroll","background-type":"","background-media":"","overlay-type":"","overlay-color":"","overlay-opacity":"","overlay-gradient":""},"mobile":{"background-color":"var(--ast-global-color-5)","background-image":"","background-repeat":"repeat","background-position":"center center","background-size":"auto","background-attachment":"scroll","background-type":"","background-media":"","overlay-type":"","overlay-color":"","overlay-opacity":"","overlay-gradient":""}},"footnotes":""},"categories":[65,1,299,29],"tags":[506],"class_list":["post-17229","post","type-post","status-publish","format-standard","has-post-thumbnail","hentry","category-crp","category-general","category-novform","category-portada","tag-curs-25-26"],"post_mailing_queue_ids":[],"_links":{"self":[{"href":"https:\/\/serveiseducatius.xtec.cat\/baixemporda\/wp-json\/wp\/v2\/posts\/17229","targetHints":{"allow":["GET"]}}],"collection":[{"href":"https:\/\/serveiseducatius.xtec.cat\/baixemporda\/wp-json\/wp\/v2\/posts"}],"about":[{"href":"https:\/\/serveiseducatius.xtec.cat\/baixemporda\/wp-json\/wp\/v2\/types\/post"}],"author":[{"embeddable":true,"href":"https:\/\/serveiseducatius.xtec.cat\/baixemporda\/wp-json\/wp\/v2\/users\/1"}],"replies":[{"embeddable":true,"href":"https:\/\/serveiseducatius.xtec.cat\/baixemporda\/wp-json\/wp\/v2\/comments?post=17229"}],"version-history":[{"count":6,"href":"https:\/\/serveiseducatius.xtec.cat\/baixemporda\/wp-json\/wp\/v2\/posts\/17229\/revisions"}],"predecessor-version":[{"id":17251,"href":"https:\/\/serveiseducatius.xtec.cat\/baixemporda\/wp-json\/wp\/v2\/posts\/17229\/revisions\/17251"}],"wp:featuredmedia":[{"embeddable":true,"href":"https:\/\/serveiseducatius.xtec.cat\/baixemporda\/wp-json\/wp\/v2\/media\/17239"}],"wp:attachment":[{"href":"https:\/\/serveiseducatius.xtec.cat\/baixemporda\/wp-json\/wp\/v2\/media?parent=17229"}],"wp:term":[{"taxonomy":"category","embeddable":true,"href":"https:\/\/serveiseducatius.xtec.cat\/baixemporda\/wp-json\/wp\/v2\/categories?post=17229"},{"taxonomy":"post_tag","embeddable":true,"href":"https:\/\/serveiseducatius.xtec.cat\/baixemporda\/wp-json\/wp\/v2\/tags?post=17229"}],"curies":[{"name":"wp","href":"https:\/\/api.w.org\/{rel}","templated":true}]}}