{"id":17223,"date":"2025-10-07T09:13:09","date_gmt":"2025-10-07T07:13:09","guid":{"rendered":"https:\/\/serveiseducatius.xtec.cat\/baixemporda\/?p=17223"},"modified":"2025-10-09T13:39:53","modified_gmt":"2025-10-09T11:39:53","slug":"nou-espai-de-recursos-de-la-maleta-audiovisual","status":"publish","type":"post","link":"https:\/\/serveiseducatius.xtec.cat\/baixemporda\/general\/nou-espai-de-recursos-de-la-maleta-audiovisual\/","title":{"rendered":"Nou espai de recursos de la maleta audiovisual"},"content":{"rendered":"<p><a href=\"https:\/\/serveiseducatius.xtec.cat\/baixemporda\/wp-content\/uploads\/usu1155\/2025\/10\/IMG_1729.jpg\"><img loading=\"lazy\" decoding=\"async\" class=\"wp-image-17263 aligncenter\" src=\"https:\/\/serveiseducatius.xtec.cat\/baixemporda\/wp-content\/uploads\/usu1155\/2025\/10\/IMG_1729-1024x768.jpg\" alt=\"\" width=\"409\" height=\"307\" srcset=\"https:\/\/serveiseducatius.xtec.cat\/baixemporda\/wp-content\/uploads\/usu1155\/2025\/10\/IMG_1729-1024x768.jpg 1024w, https:\/\/serveiseducatius.xtec.cat\/baixemporda\/wp-content\/uploads\/usu1155\/2025\/10\/IMG_1729-300x225.jpg 300w, https:\/\/serveiseducatius.xtec.cat\/baixemporda\/wp-content\/uploads\/usu1155\/2025\/10\/IMG_1729-768x576.jpg 768w, https:\/\/serveiseducatius.xtec.cat\/baixemporda\/wp-content\/uploads\/usu1155\/2025\/10\/IMG_1729-200x150.jpg 200w, https:\/\/serveiseducatius.xtec.cat\/baixemporda\/wp-content\/uploads\/usu1155\/2025\/10\/IMG_1729.jpg 1134w\" sizes=\"auto, (max-width: 409px) 100vw, 409px\" \/><\/a><\/p>\n<p style=\"text-align: justify;\"><span style=\"font-weight: 400;\">Apropem a tots vosaltres el conjunt d&#8217;activitats que impulsem juntament amb l&#8217;\u00e0rea de Cultura Digital del Departament d&#8217;Educaci\u00f3 i Formaci\u00f3 Professional.<\/span><\/p>\n<p style=\"text-align: justify;\">Hem creat un nou <strong><a href=\"https:\/\/sites.google.com\/xtec.cat\/maleta-audiovisual?usp=sharing\">espai<\/a><\/strong> on podreu trobar tots els continguts i recursos que us poden ser \u00fatils a l&#8217;hora de desenvolupar activitats amb la Maleta Audiovisual.<\/p>\n<p style=\"text-align: justify;\"><span style=\"font-weight: 400;\">Totes aquestes propostes volen acompanyar a la dotaci\u00f3 de la <\/span><strong><a href=\"https:\/\/projectes.xtec.cat\/digital\/equipaments-i-infraestructures\/maleta-audiovisual\/\">maleta audiovisual<\/a><\/strong><span style=\"font-weight: 400;\">\u00a0que ofereix un ampli ventall d\u2019eines i dispositius digitals. Aquestes eines han de permetre a l\u2019alumnat <\/span><b>crear, integrar i elaborar continguts digitals en diferents formats (text, taula, imatge, \u00e0udio, v\u00eddeo, etc.) <\/b><span style=\"font-weight: 400;\">per expressar idees, sentiments i coneixements, tot respectant la propietat intel\u00b7lectual i els drets d&#8217;autoria dels continguts que es reutilitzen.\u00a0<\/span><\/p>\n<p style=\"text-align: justify;\"><span style=\"font-weight: 400;\">Aquestes activitats volen contribuir a impulsar la<\/span><b> compet\u00e8ncia digital, ling\u00fc\u00edstica i ciutadana <\/b><span style=\"font-weight: 400;\">i afavorir<\/span><b> l&#8217;esperit cr\u00edtic <\/b><span style=\"font-weight: 400;\">de l\u2019alumnat, oferint un espai per experimentar i comunicar-se de manera creativa.<\/span><\/p>\n<p style=\"text-align: justify;\"><span style=\"font-weight: 400;\">Esperem que aquestes activitats siguin d&#8217;inter\u00e8s per a tots vosaltres i una oportunitat per motivar i implicar l&#8217;alumnat en situacions d\u2019aprenentatge globalitzades. La vostra col\u00b7laboraci\u00f3 ser\u00e0 essencial per dur-les a terme amb \u00e8xit.<\/span><\/p>\n<p><a href=\"https:\/\/serveiseducatius.xtec.cat\/baixemporda\/wp-content\/uploads\/usu1155\/2025\/10\/caratula-maleta-audiovisual.png\"><img loading=\"lazy\" decoding=\"async\" class=\" wp-image-17225 aligncenter\" src=\"https:\/\/serveiseducatius.xtec.cat\/baixemporda\/wp-content\/uploads\/usu1155\/2025\/10\/caratula-maleta-audiovisual.png\" alt=\"\" width=\"330\" height=\"340\" srcset=\"https:\/\/serveiseducatius.xtec.cat\/baixemporda\/wp-content\/uploads\/usu1155\/2025\/10\/caratula-maleta-audiovisual.png 461w, https:\/\/serveiseducatius.xtec.cat\/baixemporda\/wp-content\/uploads\/usu1155\/2025\/10\/caratula-maleta-audiovisual-291x300.png 291w\" sizes=\"auto, (max-width: 330px) 100vw, 330px\" \/><\/a><\/p>\n","protected":false},"excerpt":{"rendered":"<p>Apropem a tots vosaltres el conjunt d&#8217;activitats que impulsem juntament amb l&#8217;\u00e0rea de Cultura Digital del Departament d&#8217;Educaci\u00f3 i Formaci\u00f3 Professional. Hem creat un nou espai on podreu trobar tots els continguts i recursos que us poden ser \u00fatils a l&#8217;hora de desenvolupar activitats amb la Maleta Audiovisual. Totes aquestes propostes volen acompanyar a la [&hellip;]<\/p>\n","protected":false},"author":1,"featured_media":17263,"comment_status":"closed","ping_status":"open","sticky":false,"template":"","format":"standard","meta":{"_bbp_topic_count":0,"_bbp_reply_count":0,"_bbp_total_topic_count":0,"_bbp_total_reply_count":0,"_bbp_voice_count":0,"_bbp_anonymous_reply_count":0,"_bbp_topic_count_hidden":0,"_bbp_reply_count_hidden":0,"_bbp_forum_subforum_count":0,"site-sidebar-layout":"default","site-content-layout":"","ast-site-content-layout":"","site-content-style":"default","site-sidebar-style":"default","ast-global-header-display":"","ast-banner-title-visibility":"","ast-main-header-display":"","ast-hfb-above-header-display":"","ast-hfb-below-header-display":"","ast-hfb-mobile-header-display":"","site-post-title":"","ast-breadcrumbs-content":"","ast-featured-img":"","footer-sml-layout":"","theme-transparent-header-meta":"","adv-header-id-meta":"","stick-header-meta":"","header-above-stick-meta":"","header-main-stick-meta":"","header-below-stick-meta":"","astra-migrate-meta-layouts":"default","ast-page-background-enabled":"default","ast-page-background-meta":{"desktop":{"background-color":"var(--ast-global-color-4)","background-image":"","background-repeat":"repeat","background-position":"center center","background-size":"auto","background-attachment":"scroll","background-type":"","background-media":"","overlay-type":"","overlay-color":"","overlay-opacity":"","overlay-gradient":""},"tablet":{"background-color":"","background-image":"","background-repeat":"repeat","background-position":"center center","background-size":"auto","background-attachment":"scroll","background-type":"","background-media":"","overlay-type":"","overlay-color":"","overlay-opacity":"","overlay-gradient":""},"mobile":{"background-color":"","background-image":"","background-repeat":"repeat","background-position":"center center","background-size":"auto","background-attachment":"scroll","background-type":"","background-media":"","overlay-type":"","overlay-color":"","overlay-opacity":"","overlay-gradient":""}},"ast-content-background-meta":{"desktop":{"background-color":"var(--ast-global-color-5)","background-image":"","background-repeat":"repeat","background-position":"center center","background-size":"auto","background-attachment":"scroll","background-type":"","background-media":"","overlay-type":"","overlay-color":"","overlay-opacity":"","overlay-gradient":""},"tablet":{"background-color":"var(--ast-global-color-5)","background-image":"","background-repeat":"repeat","background-position":"center center","background-size":"auto","background-attachment":"scroll","background-type":"","background-media":"","overlay-type":"","overlay-color":"","overlay-opacity":"","overlay-gradient":""},"mobile":{"background-color":"var(--ast-global-color-5)","background-image":"","background-repeat":"repeat","background-position":"center center","background-size":"auto","background-attachment":"scroll","background-type":"","background-media":"","overlay-type":"","overlay-color":"","overlay-opacity":"","overlay-gradient":""}},"footnotes":""},"categories":[65,1,295,29],"tags":[506],"class_list":["post-17223","post","type-post","status-publish","format-standard","has-post-thumbnail","hentry","category-crp","category-general","category-novetats-recursos","category-portada","tag-curs-25-26"],"post_mailing_queue_ids":[],"_links":{"self":[{"href":"https:\/\/serveiseducatius.xtec.cat\/baixemporda\/wp-json\/wp\/v2\/posts\/17223","targetHints":{"allow":["GET"]}}],"collection":[{"href":"https:\/\/serveiseducatius.xtec.cat\/baixemporda\/wp-json\/wp\/v2\/posts"}],"about":[{"href":"https:\/\/serveiseducatius.xtec.cat\/baixemporda\/wp-json\/wp\/v2\/types\/post"}],"author":[{"embeddable":true,"href":"https:\/\/serveiseducatius.xtec.cat\/baixemporda\/wp-json\/wp\/v2\/users\/1"}],"replies":[{"embeddable":true,"href":"https:\/\/serveiseducatius.xtec.cat\/baixemporda\/wp-json\/wp\/v2\/comments?post=17223"}],"version-history":[{"count":6,"href":"https:\/\/serveiseducatius.xtec.cat\/baixemporda\/wp-json\/wp\/v2\/posts\/17223\/revisions"}],"predecessor-version":[{"id":17265,"href":"https:\/\/serveiseducatius.xtec.cat\/baixemporda\/wp-json\/wp\/v2\/posts\/17223\/revisions\/17265"}],"wp:featuredmedia":[{"embeddable":true,"href":"https:\/\/serveiseducatius.xtec.cat\/baixemporda\/wp-json\/wp\/v2\/media\/17263"}],"wp:attachment":[{"href":"https:\/\/serveiseducatius.xtec.cat\/baixemporda\/wp-json\/wp\/v2\/media?parent=17223"}],"wp:term":[{"taxonomy":"category","embeddable":true,"href":"https:\/\/serveiseducatius.xtec.cat\/baixemporda\/wp-json\/wp\/v2\/categories?post=17223"},{"taxonomy":"post_tag","embeddable":true,"href":"https:\/\/serveiseducatius.xtec.cat\/baixemporda\/wp-json\/wp\/v2\/tags?post=17223"}],"curies":[{"name":"wp","href":"https:\/\/api.w.org\/{rel}","templated":true}]}}