{"id":17217,"date":"2025-10-02T16:24:04","date_gmt":"2025-10-02T14:24:04","guid":{"rendered":"https:\/\/serveiseducatius.xtec.cat\/baixemporda\/?p=17217"},"modified":"2025-10-02T16:24:04","modified_gmt":"2025-10-02T14:24:04","slug":"fas-6-anys-tria-un-llibre-5","status":"publish","type":"post","link":"https:\/\/serveiseducatius.xtec.cat\/baixemporda\/general\/fas-6-anys-tria-un-llibre-5\/","title":{"rendered":"Fas 6 anys. Tria un llibre"},"content":{"rendered":"<p><a href=\"https:\/\/serveiseducatius.xtec.cat\/baixemporda\/wp-content\/uploads\/usu1155\/2025\/10\/fas-6-anys.png\"><img loading=\"lazy\" decoding=\"async\" class=\"size-full wp-image-17218 aligncenter\" src=\"https:\/\/serveiseducatius.xtec.cat\/baixemporda\/wp-content\/uploads\/usu1155\/2025\/10\/fas-6-anys.png\" alt=\"\" width=\"618\" height=\"879\" srcset=\"https:\/\/serveiseducatius.xtec.cat\/baixemporda\/wp-content\/uploads\/usu1155\/2025\/10\/fas-6-anys.png 618w, https:\/\/serveiseducatius.xtec.cat\/baixemporda\/wp-content\/uploads\/usu1155\/2025\/10\/fas-6-anys-211x300.png 211w\" sizes=\"auto, (max-width: 618px) 100vw, 618px\" \/><\/a><\/p>\n<p style=\"text-align: justify;\"><a title=\"null\" href=\"https:\/\/icec.gencat.cat\/ca\/campanyes\/fas-6-anys\/index.html\"><strong><em>Fas 6 anys. Tria un llibre<\/em><\/strong><\/a>,\u00a0\u00e9s una campanya que t\u00e9 com a objectius que els infants descobreixin les llibreries amb un adult, i que aprenguin a donar valor al llibre. Aquest any 2025 arribar\u00e0 a m\u00e9s de 66.000 infants de Catalunya que podran anar a 535 llibreries de tot el territori.<\/p>\n<p><strong>Com funciona?<\/strong><\/p>\n<p>Tots els infants que aquest 2025 fan 6 anys, independentment de la data del seu aniversari, rebran una carta personalitzada al seu domicili. Amb un adult, podran anar a qualsevol de les llibreries adherides a la campanya i triar el llibre que m\u00e9s els hi agradi.<\/p>\n<p><strong>Durada<\/strong><\/p>\n<p>La targeta es podr\u00e0 bescanviar del\u00a0<strong>15 d\u2019octubre a l&#8217;1 de desembre de 2025<\/strong>\u00a0i limitada fins a finalitzar la dotaci\u00f3 pressupost\u00e0ria. En el cas que no s\u2019hagi rebut la targeta cal enviar un mail abans de l&#8217;<strong>1 de desembre<\/strong>\u00a0amb el nom, cognoms, adre\u00e7a completa, a\u00a0<a href=\"mailto:fas6anys@gencat.cat\">fas6anys@gencat.cat<\/a>\u00a0i us farem arribar un codi per a poder realitzar el bescanvi.<\/p>\n<p style=\"text-align: justify;\">Trobareu tota la informaci\u00f3 en el seg\u00fcent enlla\u00e7<\/p>\n<p>Al\u00a0<strong>Baix Empord\u00e0<\/strong>, les llibreries adherides a la campanya s\u00f3n les seg\u00fcents:<\/p>\n<p><strong>Palafrugell<\/strong><\/p>\n<p><a href=\"https:\/\/www.nollegiu.com\/cat\/\">Nollegiu Mediterr\u00e0nea<\/a><\/p>\n<p><strong>Pals<\/strong><\/p>\n<p><a href=\"https:\/\/es-es.facebook.com\/lacasetapals\/\" target=\"_blank\" rel=\"noopener noreferrer\">La Caseta<\/a><\/p>\n<p><strong>Palam\u00f3s<\/strong><\/p>\n<p>Casa Romero \u2013 Magatzems Sildra, SL<\/p>\n<p><strong>Calonge i Sant Antoni de Calonge<\/strong><\/p>\n<p><a href=\"https:\/\/www.libelista.com\/\">Espai Libelista Calonge<\/a><\/p>\n<p><a href=\"https:\/\/www.instagram.com\/ralsllibres\/\" target=\"_blank\" rel=\"noopener\">Rals Llibres<\/a><\/p>\n<p><strong>Platja d\u2019Aro<\/strong><\/p>\n<p><a href=\"https:\/\/www.llibreriasusana.com\/es\/index.php\">Susana G-94, SL<\/a><\/p>\n<p><a href=\"http:\/\/www.parcdaro.com\/\">Regal d\u2019Aro<\/a><\/p>\n<p><a href=\"https:\/\/la-lectonauta.negocio.site\/\">La Lectonauta<\/a><\/p>\n<p><strong>Sant Feliu de Gu\u00edxols<\/strong><\/p>\n<p><a href=\"http:\/\/www.franquicias.libreriasnobel.es\/\" target=\"_blank\" rel=\"noopener noreferrer\">Nobel Sant Feliu de Gu\u00edxols<\/a><\/p>\n<p><strong>La Bisbal d&#8217;Empord\u00e0<\/strong><\/p>\n<p><a href=\"https:\/\/www.instagram.com\/siglantana\/\">Llibreria La Siglantana<\/a><\/p>\n<p><a href=\"https:\/\/www.monjoc.com\/\">Monjoc<\/a><\/p>\n<p><strong>Torroella de Montgr\u00ed<\/strong><\/p>\n<p><a href=\"http:\/\/www.llibreriaelcucut.cat\/\" target=\"_blank\" rel=\"noopener noreferrer\">Llibreria El Cucut<\/a><\/p>\n<p><strong>L\u2019Estartit<\/strong><\/p>\n<p><a href=\"https:\/\/www.facebook.com\/Llibreria.Elias.Estartit\/\" target=\"_blank\" rel=\"noopener\">Llibreria Elias<\/a><\/p>\n","protected":false},"excerpt":{"rendered":"<p>Fas 6 anys. Tria un llibre,\u00a0\u00e9s una campanya que t\u00e9 com a objectius que els infants descobreixin les llibreries amb un adult, i que aprenguin a donar valor al llibre. Aquest any 2025 arribar\u00e0 a m\u00e9s de 66.000 infants de Catalunya que podran anar a 535 llibreries de tot el territori. Com funciona? Tots els [&hellip;]<\/p>\n","protected":false},"author":1,"featured_media":17218,"comment_status":"closed","ping_status":"open","sticky":false,"template":"","format":"standard","meta":{"_bbp_topic_count":0,"_bbp_reply_count":0,"_bbp_total_topic_count":0,"_bbp_total_reply_count":0,"_bbp_voice_count":0,"_bbp_anonymous_reply_count":0,"_bbp_topic_count_hidden":0,"_bbp_reply_count_hidden":0,"_bbp_forum_subforum_count":0,"site-sidebar-layout":"default","site-content-layout":"","ast-site-content-layout":"","site-content-style":"default","site-sidebar-style":"default","ast-global-header-display":"","ast-banner-title-visibility":"","ast-main-header-display":"","ast-hfb-above-header-display":"","ast-hfb-below-header-display":"","ast-hfb-mobile-header-display":"","site-post-title":"","ast-breadcrumbs-content":"","ast-featured-img":"","footer-sml-layout":"","theme-transparent-header-meta":"","adv-header-id-meta":"","stick-header-meta":"","header-above-stick-meta":"","header-main-stick-meta":"","header-below-stick-meta":"","astra-migrate-meta-layouts":"default","ast-page-background-enabled":"default","ast-page-background-meta":{"desktop":{"background-color":"var(--ast-global-color-4)","background-image":"","background-repeat":"repeat","background-position":"center center","background-size":"auto","background-attachment":"scroll","background-type":"","background-media":"","overlay-type":"","overlay-color":"","overlay-opacity":"","overlay-gradient":""},"tablet":{"background-color":"","background-image":"","background-repeat":"repeat","background-position":"center center","background-size":"auto","background-attachment":"scroll","background-type":"","background-media":"","overlay-type":"","overlay-color":"","overlay-opacity":"","overlay-gradient":""},"mobile":{"background-color":"","background-image":"","background-repeat":"repeat","background-position":"center center","background-size":"auto","background-attachment":"scroll","background-type":"","background-media":"","overlay-type":"","overlay-color":"","overlay-opacity":"","overlay-gradient":""}},"ast-content-background-meta":{"desktop":{"background-color":"var(--ast-global-color-5)","background-image":"","background-repeat":"repeat","background-position":"center center","background-size":"auto","background-attachment":"scroll","background-type":"","background-media":"","overlay-type":"","overlay-color":"","overlay-opacity":"","overlay-gradient":""},"tablet":{"background-color":"var(--ast-global-color-5)","background-image":"","background-repeat":"repeat","background-position":"center center","background-size":"auto","background-attachment":"scroll","background-type":"","background-media":"","overlay-type":"","overlay-color":"","overlay-opacity":"","overlay-gradient":""},"mobile":{"background-color":"var(--ast-global-color-5)","background-image":"","background-repeat":"repeat","background-position":"center center","background-size":"auto","background-attachment":"scroll","background-type":"","background-media":"","overlay-type":"","overlay-color":"","overlay-opacity":"","overlay-gradient":""}},"footnotes":""},"categories":[65,68,1,297,29],"tags":[506],"class_list":["post-17217","post","type-post","status-publish","format-standard","has-post-thumbnail","hentry","category-crp","category-elic","category-general","category-novetats-comunitat","category-portada","tag-curs-25-26"],"post_mailing_queue_ids":[],"_links":{"self":[{"href":"https:\/\/serveiseducatius.xtec.cat\/baixemporda\/wp-json\/wp\/v2\/posts\/17217","targetHints":{"allow":["GET"]}}],"collection":[{"href":"https:\/\/serveiseducatius.xtec.cat\/baixemporda\/wp-json\/wp\/v2\/posts"}],"about":[{"href":"https:\/\/serveiseducatius.xtec.cat\/baixemporda\/wp-json\/wp\/v2\/types\/post"}],"author":[{"embeddable":true,"href":"https:\/\/serveiseducatius.xtec.cat\/baixemporda\/wp-json\/wp\/v2\/users\/1"}],"replies":[{"embeddable":true,"href":"https:\/\/serveiseducatius.xtec.cat\/baixemporda\/wp-json\/wp\/v2\/comments?post=17217"}],"version-history":[{"count":1,"href":"https:\/\/serveiseducatius.xtec.cat\/baixemporda\/wp-json\/wp\/v2\/posts\/17217\/revisions"}],"predecessor-version":[{"id":17219,"href":"https:\/\/serveiseducatius.xtec.cat\/baixemporda\/wp-json\/wp\/v2\/posts\/17217\/revisions\/17219"}],"wp:featuredmedia":[{"embeddable":true,"href":"https:\/\/serveiseducatius.xtec.cat\/baixemporda\/wp-json\/wp\/v2\/media\/17218"}],"wp:attachment":[{"href":"https:\/\/serveiseducatius.xtec.cat\/baixemporda\/wp-json\/wp\/v2\/media?parent=17217"}],"wp:term":[{"taxonomy":"category","embeddable":true,"href":"https:\/\/serveiseducatius.xtec.cat\/baixemporda\/wp-json\/wp\/v2\/categories?post=17217"},{"taxonomy":"post_tag","embeddable":true,"href":"https:\/\/serveiseducatius.xtec.cat\/baixemporda\/wp-json\/wp\/v2\/tags?post=17217"}],"curies":[{"name":"wp","href":"https:\/\/api.w.org\/{rel}","templated":true}]}}