{"id":17141,"date":"2025-09-10T13:59:36","date_gmt":"2025-09-10T11:59:36","guid":{"rendered":"https:\/\/serveiseducatius.xtec.cat\/baixemporda\/?p=17141"},"modified":"2025-09-12T13:15:32","modified_gmt":"2025-09-12T11:15:32","slug":"inscripcions-pfz-2025-2026","status":"publish","type":"post","link":"https:\/\/serveiseducatius.xtec.cat\/baixemporda\/general\/inscripcions-pfz-2025-2026\/","title":{"rendered":"Inscripcions PFZ 2025-2026"},"content":{"rendered":"<p><a href=\"https:\/\/serveiseducatius.xtec.cat\/baixemporda\/wp-content\/uploads\/usu1155\/2025\/09\/pfz.jpg\"><img loading=\"lazy\" decoding=\"async\" class=\"size-full wp-image-17142 aligncenter\" src=\"https:\/\/serveiseducatius.xtec.cat\/baixemporda\/wp-content\/uploads\/usu1155\/2025\/09\/pfz.jpg\" alt=\"\" width=\"258\" height=\"195\" srcset=\"https:\/\/serveiseducatius.xtec.cat\/baixemporda\/wp-content\/uploads\/usu1155\/2025\/09\/pfz.jpg 258w, https:\/\/serveiseducatius.xtec.cat\/baixemporda\/wp-content\/uploads\/usu1155\/2025\/09\/pfz-200x150.jpg 200w\" sizes=\"auto, (max-width: 258px) 100vw, 258px\" \/><\/a><\/p>\n<p>&nbsp;<\/p>\n<p>Benvolgudes docents,<\/p>\n<p>Benvolguts docents,<\/p>\n<p>Hem fet difusi\u00f3 de les activitats del <strong>Pla de Formaci\u00f3 de Zona del Baix Empord\u00e0 <\/strong>d&#8217;aquest curs, 2025-2026, a trav\u00e9s de les xarxes socials, la nostra web i correus directes. Us recordem que <strong>les inscripcions estan obertes <span style=\"color: #ff0000;\">des del dia 5 de setembre i fins el dia 21.<\/span><\/strong><\/p>\n<p>Trobareu totes les activitats en <a href=\"https:\/\/serveiseducatius.xtec.cat\/baixemporda\/formacio\/activitats\/\"><strong>aquest enlla\u00e7<\/strong>. <\/a>Tamb\u00e9 hi trobareu les activitats territorialitzades (prov\u00edncia de Girona).<\/p>\n<p><span style=\"font-weight: 400;\">Enguany, us oferim <\/span><b>tres confer\u00e8ncies. El calendari ser\u00e0 el seg\u00fcent:<\/b><\/p>\n<ul>\n<li style=\"font-weight: 400;\" aria-level=\"1\"><span style=\"font-weight: 400;\"><b><b style=\"font-family: inherit; font-size: 1em;\"><span style=\"font-weight: 400;\">Dimecres 24 de setembre. <\/span><b style=\"font-family: inherit; font-size: 1em;\">Qu\u00e8 \u00e9s avui un centre educatiu?<\/b><span style=\"font-weight: 400;\"> a c\u00e0rrec d&#8217;en Jaume Funes. Al Centre Municipal d&#8217;Educaci\u00f3 de Palafrugell de 17.30 a 19.30h. 5020181502.<\/span><\/b><\/b> <a style=\"font-weight: 400; font-family: inherit; font-size: 1em;\" href=\"https:\/\/aplicacions.gestioeducativa.gencat.cat\/ords\/pls\/soloas\/pk_for_mod_ins.p_for_detall_activitat?p_header=Llista%20d%27activitats%5Epk_for_mod_ins.p_for_cons_activitats?p_crp=502%26p_any=2025-2026%26p_totes=S%26p_inici=11%26p_excloure_crp_rec=T&amp;p_codi=5020181502&amp;p_curs=2025-2026&amp;p_excloure_crp_rec=T\">Enlla\u00e7 a la inscripci\u00f3.\u00a0<\/a><\/span><\/li>\n<li style=\"font-weight: 400;\" aria-level=\"1\"><span style=\"font-weight: 400;\"><b> <\/b>Dimecres 26 de novembre. <\/span><b>De l&#8217;itinerari lector a biblioteca d\u2019aula 0-6<\/b><span style=\"font-weight: 400;\"> a c\u00e0rrec de la Carolina Carreras i la Gemma Mart\u00ednez (lloc a concretar) de 17.45 a 19.45h. <\/span><a href=\"https:\/\/aplicacions.gestioeducativa.gencat.cat\/ords\/pls\/soloas\/pk_for_mod_ins.p_for_detall_activitat?p_header=Llista%20d%27activitats%5Epk_for_mod_ins.p_for_cons_activitats?p_crp=502%26p_any=2025-2026%26p_totes=S%26p_inici=41%26p_excloure_crp_rec=T&amp;p_codi=5020451502&amp;p_curs=2025-2026&amp;p_excloure_crp_rec=T\"><span style=\"font-weight: 400;\">Enlla\u00e7 a la inscripci\u00f3<\/span><\/a><span style=\"font-weight: 400;\">.\u00a0<\/span><\/li>\n<li style=\"font-weight: 400;\" aria-level=\"1\"><span style=\"font-weight: 400;\"><b> <\/b>Dijous 5 de mar\u00e7. <\/span><b>Observaci\u00f3 entre iguals i codoc\u00e8ncia<\/b><span style=\"font-weight: 400;\"> a c\u00e0rrec de la Marta Flores. Confer\u00e8ncia virtual de 17.30 a 19.30h.\u00a0<\/span><\/li>\n<\/ul>\n<p><span style=\"font-weight: 400;\">D\u2019altra banda, us recordem la relaci\u00f3 de <\/span><b>seminaris dinamitzats a la nostra comarca:<\/b><\/p>\n<ol>\n<li style=\"font-weight: 400;\" aria-level=\"1\"><span style=\"font-weight: 400;\">5020011502 Seminari de Direccions de Prim\u00e0ria (dimecres mat\u00ed)<\/span><\/li>\n<li style=\"font-weight: 400;\" aria-level=\"1\"><span style=\"font-weight: 400;\">5020021502 Seminari de Direccions de Secund\u00e0ria (dijous mat\u00ed)<\/span><\/li>\n<li style=\"font-weight: 400;\" aria-level=\"1\"><span style=\"font-weight: 400;\">5020031502 <\/span><span style=\"font-weight: 400;\">Seminari de Caps d\u2019Estudis Prim\u00e0ria (dijous tarda)<\/span><\/li>\n<li style=\"font-weight: 400;\" aria-level=\"1\"><span style=\"font-weight: 400;\">5020041502 Seminari de Secretaries (dimecres tarda)<\/span><\/li>\n<li style=\"font-weight: 400;\" aria-level=\"1\"><span style=\"font-weight: 400;\">5020051502 Seminari de Caps d\u2019Estudis i Coordinaci\u00f3 Pedag\u00f2gica Secund\u00e0ria (dijous tarda)<\/span><\/li>\n<li style=\"font-weight: 400;\" aria-level=\"1\"><span style=\"font-weight: 400;\">5020061502. Seminari de Coordinaci\u00f3 de Cicles Formatius del Baix Empord\u00e0 (dimarts mat\u00ed)<\/span><\/li>\n<li style=\"font-weight: 400;\" aria-level=\"1\"><span style=\"font-weight: 400;\">5020071502 Seminari English Day (dimecres tarda)<\/span><\/li>\n<li style=\"font-weight: 400;\" aria-level=\"1\"><span style=\"font-weight: 400;\">5020081502 Seminari English Time Secund\u00e0ria (dijous tarda)<\/span><\/li>\n<li style=\"font-weight: 400;\" aria-level=\"1\"><span style=\"font-weight: 400;\">5020111502. 15\u00e8 F\u00f2rum Treballs de Recerca (dilluns tarda)<\/span><\/li>\n<li style=\"font-weight: 400;\" aria-level=\"1\"><span style=\"font-weight: 400;\">5020120529 Seminari XCDC (Xarxa de Coordinaci\u00f3 Digital de Centre) (dimarts mat\u00ed)<\/span><\/li>\n<li style=\"font-weight: 400;\" aria-level=\"1\"><span style=\"font-weight: 400;\">5020151502 Formaci\u00f3 de professionals que fan suport a la inclusi\u00f3 SEEZ (dimarts tarda)<\/span><\/li>\n<li style=\"font-weight: 400;\" aria-level=\"1\"><span style=\"font-weight: 400;\">5020190555 Seminari Acompanyament i seguiment de les aules d&#8217;acollida (dimarts tarda)<\/span><\/li>\n<li style=\"font-weight: 400;\" aria-level=\"1\"><span style=\"font-weight: 400;\">5020141502 Taula d\u2019Impuls de la FP (zona) (divendres mat\u00ed)<\/span><\/li>\n<li style=\"font-weight: 400;\" aria-level=\"1\"><span style=\"font-weight: 400;\">5020101502 <\/span><span style=\"font-weight: 400;\">Seminari Biblioteques escolars (Prim\u00e0ria) (dimecres tarda)<\/span><\/li>\n<li style=\"font-weight: 400;\" aria-level=\"1\"><span style=\"font-weight: 400;\">5020221502. Coordinaci\u00f3 Prim\u00e0ria-Secund\u00e0ria Sant Feliu de Gu\u00edxols (dimecres mat\u00ed)<\/span><\/li>\n<li style=\"font-weight: 400;\" aria-level=\"1\"><span style=\"font-weight: 400;\">5020231502 Coordinaci\u00f3 Prim\u00e0ria-Secund\u00e0ria La Bisbal (dimecres mat\u00ed)<\/span><\/li>\n<li style=\"font-weight: 400;\" aria-level=\"1\"><span style=\"font-weight: 400;\">5020241502 Coordinaci\u00f3 Prim\u00e0ria-Secund\u00e0ria Palam\u00f3s (dimecres mat\u00ed)<\/span><\/li>\n<li style=\"font-weight: 400;\" aria-level=\"1\"><span style=\"font-weight: 400;\">5020251502 Coordinaci\u00f3 Prim\u00e0ria-Secund\u00e0ria Calonge-Sant Antoni (dimecres mat\u00ed)<\/span><\/li>\n<li style=\"font-weight: 400;\" aria-level=\"1\"><span style=\"font-weight: 400;\">5020471502 Coordinaci\u00f3 Prim\u00e0ria-Secund\u00e0ria Palafrugell (divendres mat\u00ed)<\/span><\/li>\n<li style=\"font-weight: 400;\" aria-level=\"1\"><span style=\"font-weight: 400;\">5020261502. Seminari de coordinaci\u00f3 Vall d\u2019Aro (dimecres mat\u00ed)<\/span><\/li>\n<li style=\"font-weight: 400;\" aria-level=\"1\"><span style=\"font-weight: 400;\">5020271502 Seminari M\u00fasica La Bisbal d\u2019Empord\u00e0 (dimecres tarda)<\/span><\/li>\n<li style=\"font-weight: 400;\" aria-level=\"1\"><span style=\"font-weight: 400;\">5020281502 Seminari Cant\u00e0nia (Prim\u00e0ria)<\/span><\/li>\n<li style=\"font-weight: 400;\" aria-level=\"1\"><span style=\"font-weight: 400;\">5020301502 Seminari de coordinaci\u00f3 Rodajoc La Bisbal d\u2019Empord\u00e0<\/span><\/li>\n<li style=\"font-weight: 400;\" aria-level=\"1\"><span style=\"font-weight: 400;\">5020311502 Seminari de coordinaci\u00f3 Rodajoc Palafrugell<\/span><\/li>\n<li style=\"font-weight: 400;\" aria-level=\"1\"><span style=\"font-weight: 400;\">5020321502 Seminari de coordinaci\u00f3 Rodajoc Palam\u00f3s<\/span><\/li>\n<li style=\"font-weight: 400;\" aria-level=\"1\"><span style=\"font-weight: 400;\">5020331502 Seminari de coordinaci\u00f3 Rodajoc Torroella<\/span><\/li>\n<li style=\"font-weight: 400;\" aria-level=\"1\"><span style=\"font-weight: 400;\">5020341502 Seminari de coordinaci\u00f3 Rodajoc Vall d\u2019Aro<\/span><\/li>\n<li style=\"font-weight: 400;\" aria-level=\"1\"><span style=\"font-weight: 400;\">5020351502 Seminari de coordinaci\u00f3 Rodajoc St Feliu de Gu\u00edxols<\/span><\/li>\n<li style=\"font-weight: 400;\" aria-level=\"1\"><span style=\"font-weight: 400;\">5020291502 Coordinadors\/es del Pla Catal\u00e0 de l\u2019Esport (dijous tarda)<\/span><\/li>\n<li style=\"font-weight: 400;\" aria-level=\"1\"><span style=\"font-weight: 400;\">5020200545 Educaci\u00f3 per a la sostenibilitat. Seminari de coordinaci\u00f3 d&#8217;equips de centre. Prim\u00e0ria (dijous mat\u00ed)<\/span><\/li>\n<li style=\"font-weight: 400;\" aria-level=\"1\"><span style=\"font-weight: 400;\">5020210545 Educaci\u00f3 per a la sostenibilitat. Seminari de coordinaci\u00f3 d&#8217;equips de centre. Secund\u00e0ria (dijous mat\u00ed)<\/span><\/li>\n<li style=\"font-weight: 400;\" aria-level=\"1\"><span style=\"font-weight: 400;\">5020440555 Xarxa de Compet\u00e8ncia Lectora. 2n any<\/span><\/li>\n<li style=\"font-weight: 400;\" aria-level=\"1\"><span style=\"font-weight: 400;\">5020480555 Trobades Els usos ling\u00fc\u00edstics en l&#8217;\u00e0mbit educatiu (xarxa)<\/span><\/li>\n<\/ol>\n<p><span style=\"font-weight: 400;\">I hi ha novetats! Aquest curs 2025-26 tamb\u00e9 s\u2019oferiran <\/span><b>tres seminaris nous<\/b><span style=\"font-weight: 400;\">. S\u00f3n els seg\u00fcents:<\/span><\/p>\n<p><span style=\"font-weight: 400;\">5020461502 Seminari \u201cMusiquem la Vall d\u2019Aro\u201d (seminari del sector de la Vall d&#8217;Aro)<\/span><span style=\"font-weight: 400;\"><br \/>\n<\/span><span style=\"font-weight: 400;\">5020171502<strong> Seminari Cocobe (pels referents cocobe dels centres)<\/strong><\/span><span style=\"font-weight: 400;\"><br \/>\n<\/span><span style=\"font-weight: 400;\">5020161502 <strong>Seminari d\u2019orientaci\u00f3 educativa\u00a0<\/strong><\/span><\/p>\n<p><span style=\"font-weight: 400;\">Tamb\u00e9 es faran diversos <\/span><b>tallers oberts a tothom. <\/b><span style=\"font-weight: 400;\">M\u00e9s endavant en farem m\u00e9s difusi\u00f3 amb tot el detall:<\/span><\/p>\n<ul>\n<li style=\"font-weight: 400;\" aria-level=\"1\"><span style=\"font-weight: 400;\">5020090555 Consci\u00e8ncia fonol\u00f2gica a educaci\u00f3 infantil i cicle inicial, a c\u00e0rrec de la Carme G\u00fcell (4 sessions d&#8217;1h30). 15h. 1r torn.<\/span><\/li>\n<li style=\"font-weight: 400;\" aria-level=\"1\"><span style=\"font-weight: 400;\">5020361502 Taller d\u2019educaci\u00f3 art\u00edstica: m\u00fasica i arts esc\u00e8niques (prim\u00e0ria i secund\u00e0ria), titulat \u201cArt i valors\u201d, a c\u00e0rrec de l&#8217;Ester Bonal (3 sessions de dues hores per tots els docents en general). 10h. 1r torn.<\/span><\/li>\n<li style=\"font-weight: 400;\" aria-level=\"1\"><span style=\"font-weight: 400;\">5020571502 Els sentits matem\u00e0tics en el nou curr\u00edculum a Prim\u00e0ria. A c\u00e0rrec de l&#8217;ICE UdG. (6 sessions de 2h) 20h. 1r torn.<\/span><\/li>\n<li style=\"font-weight: 400;\" aria-level=\"1\"><span style=\"font-weight: 400;\">5020580509<\/span><span style=\"font-weight: 400;\">. M\u00e9s escacs.15h. 1r torn.<\/span><\/li>\n<li style=\"font-weight: 400;\" aria-level=\"1\"><span style=\"font-weight: 400;\">5020501502. Aula Blava. Saber m\u00e9s de la mar per una mediterr\u00e0nia sostenible. 15h. 1r torn.<\/span><\/li>\n<li style=\"font-weight: 400;\" aria-level=\"1\"><span style=\"font-weight: 400;\">5021130542<\/span><span style=\"font-weight: 400;\">. Llengua i cultura \u00e0rabs. 20h. 1r torn.<\/span><\/li>\n<li style=\"font-weight: 400;\" aria-level=\"1\"><span style=\"font-weight: 400;\">5021140529. Cultura maker i fabricaci\u00f3 digital amb sentit. 30h. Tot el curs.<\/span><\/li>\n<li style=\"font-weight: 400;\" aria-level=\"1\"><span style=\"font-weight: 400;\">5020521502 Les Gavarres, una extensi\u00f3 de l\u2019aula (4 dissabtes al mat\u00ed). 20h. Inscripcions 2n torn.<\/span><\/li>\n<li style=\"font-weight: 400;\" aria-level=\"1\"><span style=\"font-weight: 400;\">5020531502 Maneig de les alteracions de conducta (pels professionals de SIEI i AIS). (2 sessions de 2h).\u00a0 Inscripcions 1r torn.<\/span><\/li>\n<li style=\"font-weight: 400;\" aria-level=\"1\"><span style=\"font-weight: 400;\">5020561502 Coneixements b\u00e0sics de comunicaci\u00f3 augmentativa per a mestres, a c\u00e0rrec de la Charo Valle (CREDA) i Imma Ram\u00edrez (formadora DUA, entre d&#8217;altres). (5 sessions de 2h). 15h.\u00a0 Inscripcions 2n torn.<\/span><\/li>\n<li style=\"font-weight: 400;\" aria-level=\"1\"><span style=\"font-weight: 400;\">5021011502 Visita formativa al CEE Els \u00c0ngels. 5h. Inscripcions 2n torn.<\/span><\/li>\n<\/ul>\n<p>Restem a la vostra disposici\u00f3 per tot el que calgui.<\/p>\n","protected":false},"excerpt":{"rendered":"<p>&nbsp; Benvolgudes docents, Benvolguts docents, Hem fet difusi\u00f3 de les activitats del Pla de Formaci\u00f3 de Zona del Baix Empord\u00e0 d&#8217;aquest curs, 2025-2026, a trav\u00e9s de les xarxes socials, la nostra web i correus directes. Us recordem que les inscripcions estan obertes des del dia 5 de setembre i fins el dia 21. Trobareu totes [&hellip;]<\/p>\n","protected":false},"author":1,"featured_media":17142,"comment_status":"closed","ping_status":"open","sticky":false,"template":"","format":"standard","meta":{"_bbp_topic_count":0,"_bbp_reply_count":0,"_bbp_total_topic_count":0,"_bbp_total_reply_count":0,"_bbp_voice_count":0,"_bbp_anonymous_reply_count":0,"_bbp_topic_count_hidden":0,"_bbp_reply_count_hidden":0,"_bbp_forum_subforum_count":0,"site-sidebar-layout":"default","site-content-layout":"","ast-site-content-layout":"","site-content-style":"default","site-sidebar-style":"default","ast-global-header-display":"","ast-banner-title-visibility":"","ast-main-header-display":"","ast-hfb-above-header-display":"","ast-hfb-below-header-display":"","ast-hfb-mobile-header-display":"","site-post-title":"","ast-breadcrumbs-content":"","ast-featured-img":"","footer-sml-layout":"","theme-transparent-header-meta":"","adv-header-id-meta":"","stick-header-meta":"","header-above-stick-meta":"","header-main-stick-meta":"","header-below-stick-meta":"","astra-migrate-meta-layouts":"default","ast-page-background-enabled":"default","ast-page-background-meta":{"desktop":{"background-color":"var(--ast-global-color-4)","background-image":"","background-repeat":"repeat","background-position":"center center","background-size":"auto","background-attachment":"scroll","background-type":"","background-media":"","overlay-type":"","overlay-color":"","overlay-opacity":"","overlay-gradient":""},"tablet":{"background-color":"","background-image":"","background-repeat":"repeat","background-position":"center center","background-size":"auto","background-attachment":"scroll","background-type":"","background-media":"","overlay-type":"","overlay-color":"","overlay-opacity":"","overlay-gradient":""},"mobile":{"background-color":"","background-image":"","background-repeat":"repeat","background-position":"center center","background-size":"auto","background-attachment":"scroll","background-type":"","background-media":"","overlay-type":"","overlay-color":"","overlay-opacity":"","overlay-gradient":""}},"ast-content-background-meta":{"desktop":{"background-color":"var(--ast-global-color-5)","background-image":"","background-repeat":"repeat","background-position":"center center","background-size":"auto","background-attachment":"scroll","background-type":"","background-media":"","overlay-type":"","overlay-color":"","overlay-opacity":"","overlay-gradient":""},"tablet":{"background-color":"var(--ast-global-color-5)","background-image":"","background-repeat":"repeat","background-position":"center center","background-size":"auto","background-attachment":"scroll","background-type":"","background-media":"","overlay-type":"","overlay-color":"","overlay-opacity":"","overlay-gradient":""},"mobile":{"background-color":"var(--ast-global-color-5)","background-image":"","background-repeat":"repeat","background-position":"center center","background-size":"auto","background-attachment":"scroll","background-type":"","background-media":"","overlay-type":"","overlay-color":"","overlay-opacity":"","overlay-gradient":""}},"footnotes":""},"categories":[65,67,68,1,299,29],"tags":[506],"class_list":["post-17141","post","type-post","status-publish","format-standard","has-post-thumbnail","hentry","category-crp","category-eap","category-elic","category-general","category-novform","category-portada","tag-curs-25-26"],"post_mailing_queue_ids":[],"_links":{"self":[{"href":"https:\/\/serveiseducatius.xtec.cat\/baixemporda\/wp-json\/wp\/v2\/posts\/17141","targetHints":{"allow":["GET"]}}],"collection":[{"href":"https:\/\/serveiseducatius.xtec.cat\/baixemporda\/wp-json\/wp\/v2\/posts"}],"about":[{"href":"https:\/\/serveiseducatius.xtec.cat\/baixemporda\/wp-json\/wp\/v2\/types\/post"}],"author":[{"embeddable":true,"href":"https:\/\/serveiseducatius.xtec.cat\/baixemporda\/wp-json\/wp\/v2\/users\/1"}],"replies":[{"embeddable":true,"href":"https:\/\/serveiseducatius.xtec.cat\/baixemporda\/wp-json\/wp\/v2\/comments?post=17141"}],"version-history":[{"count":4,"href":"https:\/\/serveiseducatius.xtec.cat\/baixemporda\/wp-json\/wp\/v2\/posts\/17141\/revisions"}],"predecessor-version":[{"id":17149,"href":"https:\/\/serveiseducatius.xtec.cat\/baixemporda\/wp-json\/wp\/v2\/posts\/17141\/revisions\/17149"}],"wp:featuredmedia":[{"embeddable":true,"href":"https:\/\/serveiseducatius.xtec.cat\/baixemporda\/wp-json\/wp\/v2\/media\/17142"}],"wp:attachment":[{"href":"https:\/\/serveiseducatius.xtec.cat\/baixemporda\/wp-json\/wp\/v2\/media?parent=17141"}],"wp:term":[{"taxonomy":"category","embeddable":true,"href":"https:\/\/serveiseducatius.xtec.cat\/baixemporda\/wp-json\/wp\/v2\/categories?post=17141"},{"taxonomy":"post_tag","embeddable":true,"href":"https:\/\/serveiseducatius.xtec.cat\/baixemporda\/wp-json\/wp\/v2\/tags?post=17141"}],"curies":[{"name":"wp","href":"https:\/\/api.w.org\/{rel}","templated":true}]}}