{"id":17137,"date":"2025-09-10T13:14:46","date_gmt":"2025-09-10T11:14:46","guid":{"rendered":"https:\/\/serveiseducatius.xtec.cat\/baixemporda\/?p=17137"},"modified":"2025-10-01T12:10:40","modified_gmt":"2025-10-01T10:10:40","slug":"xarxa-descoles-blaves-europees","status":"publish","type":"post","link":"https:\/\/serveiseducatius.xtec.cat\/baixemporda\/general\/xarxa-descoles-blaves-europees\/","title":{"rendered":"Xarxa d\u2019Escoles Blaves Europees"},"content":{"rendered":"<h4><strong>ProBleu subvencionar\u00e0 escoles per desenvolupar projectes educatius per a la sostenibilitat dels oceans<\/strong><\/h4>\n<p><a href=\"https:\/\/serveiseducatius.xtec.cat\/altemporda\/wp-content\/uploads\/usu1156\/2023\/10\/ProBleu.png\"><img loading=\"lazy\" decoding=\"async\" class=\"wp-image-21468 alignright\" src=\"https:\/\/serveiseducatius.xtec.cat\/altemporda\/wp-content\/uploads\/usu1156\/2023\/10\/ProBleu-1024x499.png\" sizes=\"auto, (max-width: 353px) 100vw, 353px\" srcset=\"https:\/\/serveiseducatius.xtec.cat\/altemporda\/wp-content\/uploads\/usu1156\/2023\/10\/ProBleu-1024x499.png 1024w, https:\/\/serveiseducatius.xtec.cat\/altemporda\/wp-content\/uploads\/usu1156\/2023\/10\/ProBleu-300x146.png 300w, https:\/\/serveiseducatius.xtec.cat\/altemporda\/wp-content\/uploads\/usu1156\/2023\/10\/ProBleu-768x375.png 768w, https:\/\/serveiseducatius.xtec.cat\/altemporda\/wp-content\/uploads\/usu1156\/2023\/10\/ProBleu-1536x749.png 1536w, https:\/\/serveiseducatius.xtec.cat\/altemporda\/wp-content\/uploads\/usu1156\/2023\/10\/ProBleu.png 1901w\" alt=\"\" width=\"353\" height=\"172\" data-wp-editing=\"1\" \/><\/a><\/p>\n<p>Compartim un projecte europeu liderat per l\u2019Institut de Ci\u00e8ncies del Mar (ICM-CSIC) que \u200b\u200bampliar\u00e0 i donar\u00e0 suport a la Xarxa d\u2019Escoles Blaves Europees.<\/p>\n<p>La Missi\u00f3 de la Uni\u00f3 Europea\u00a0<em>\u201cRestaurar els nostres oceans i aig\u00fces\u201d<\/em>\u00a0\u00e9s un dels eixos del programa de recerca Horizon Europe i t\u00e9 com a objectiu protegir i restaurar la salut dels ecosistemes aqu\u00e0tics (mars, oceans i aig\u00fces continentals) a trav\u00e9s de la investigaci\u00f3 i la innovaci\u00f3, aix\u00ed com la participaci\u00f3 ciutadana. Aquesta Missi\u00f3, amb reptes plantejats per assolir el 2030, exercir\u00e0 un paper clau per assolir la neutralitat clim\u00e0tica i restaurar els ecosistemes aqu\u00e0tics.<\/p>\n<p>Al llarg dels 3 anys de\u00a0<strong><a href=\"https:\/\/probleu.school\/\" target=\"_blank\" rel=\"noopener\">projecte ProBleu<\/a><\/strong>\u00a0llan\u00e7ar\u00e0 diferents convocat\u00f2ries on almenys 100 escoles europees i de pa\u00efsos associats es beneficiaran de recursos econ\u00f2mics per desenvolupar diferents projectes educatius i de ci\u00e8ncia ciutadana. El projecte contempla adaptar els recursos al m\u00e0xim nombre de lleng\u00fces possibles, incloent-hi algunes de les lleng\u00fces minorit\u00e0ries a Europa.<\/p>\n<p>Durant aquest mes d&#8217;octubre s&#8217;espera que surti la nova convocat\u00f2ria per a ser Escola Blava.<\/p>\n<p>Tamb\u00e9 hi ha l&#8217;opci\u00f3 BlueLightS t\u00e9 encara la convocat\u00f2ria de subvencions oberta fins al dia 2 d&#8217;octubre: <a href=\"https:\/\/blue-lights.eu\/grants-for-schools\/\" target=\"_blank\" rel=\"noopener\" data-saferedirecturl=\"https:\/\/www.google.com\/url?q=https:\/\/blue-lights.eu\/grants-for-schools\/&amp;source=gmail&amp;ust=1758019789482000&amp;usg=AOvVaw1qFktS8vDRD4i_hCQgn0qt\">https:\/\/blue-lights.eu\/grants-<wbr \/>for-schools\/<\/a><\/p>\n<p>A mesura que tinguem m\u00e9s informaci\u00f3 us anirem actualitzant l&#8217;article.<\/p>\n<ul>\n<li><strong>M\u00c9S INFORMACI\u00d3<\/strong>:\u00a0<a href=\"https:\/\/www.icm.csic.es\/ca\/noticia\/arrenca-probleu-que-subvencionara-escoles-desenvolupar-projectes-educatius-la\" target=\"_blank\" rel=\"noopener\">https:\/\/www.icm.csic.es\/ca\/noticia\/arrenca-probleu-que-subvencionara-escoles-desenvolupar-projectes-educatius-la<\/a><\/li>\n<\/ul>\n","protected":false},"excerpt":{"rendered":"<p>ProBleu subvencionar\u00e0 escoles per desenvolupar projectes educatius per a la sostenibilitat dels oceans Compartim un projecte europeu liderat per l\u2019Institut de Ci\u00e8ncies del Mar (ICM-CSIC) que \u200b\u200bampliar\u00e0 i donar\u00e0 suport a la Xarxa d\u2019Escoles Blaves Europees. La Missi\u00f3 de la Uni\u00f3 Europea\u00a0\u201cRestaurar els nostres oceans i aig\u00fces\u201d\u00a0\u00e9s un dels eixos del programa de recerca Horizon [&hellip;]<\/p>\n","protected":false},"author":1,"featured_media":17140,"comment_status":"closed","ping_status":"open","sticky":false,"template":"","format":"standard","meta":{"_bbp_topic_count":0,"_bbp_reply_count":0,"_bbp_total_topic_count":0,"_bbp_total_reply_count":0,"_bbp_voice_count":0,"_bbp_anonymous_reply_count":0,"_bbp_topic_count_hidden":0,"_bbp_reply_count_hidden":0,"_bbp_forum_subforum_count":0,"site-sidebar-layout":"default","site-content-layout":"","ast-site-content-layout":"","site-content-style":"default","site-sidebar-style":"default","ast-global-header-display":"","ast-banner-title-visibility":"","ast-main-header-display":"","ast-hfb-above-header-display":"","ast-hfb-below-header-display":"","ast-hfb-mobile-header-display":"","site-post-title":"","ast-breadcrumbs-content":"","ast-featured-img":"","footer-sml-layout":"","theme-transparent-header-meta":"","adv-header-id-meta":"","stick-header-meta":"","header-above-stick-meta":"","header-main-stick-meta":"","header-below-stick-meta":"","astra-migrate-meta-layouts":"default","ast-page-background-enabled":"default","ast-page-background-meta":{"desktop":{"background-color":"var(--ast-global-color-4)","background-image":"","background-repeat":"repeat","background-position":"center center","background-size":"auto","background-attachment":"scroll","background-type":"","background-media":"","overlay-type":"","overlay-color":"","overlay-opacity":"","overlay-gradient":""},"tablet":{"background-color":"","background-image":"","background-repeat":"repeat","background-position":"center center","background-size":"auto","background-attachment":"scroll","background-type":"","background-media":"","overlay-type":"","overlay-color":"","overlay-opacity":"","overlay-gradient":""},"mobile":{"background-color":"","background-image":"","background-repeat":"repeat","background-position":"center center","background-size":"auto","background-attachment":"scroll","background-type":"","background-media":"","overlay-type":"","overlay-color":"","overlay-opacity":"","overlay-gradient":""}},"ast-content-background-meta":{"desktop":{"background-color":"var(--ast-global-color-5)","background-image":"","background-repeat":"repeat","background-position":"center center","background-size":"auto","background-attachment":"scroll","background-type":"","background-media":"","overlay-type":"","overlay-color":"","overlay-opacity":"","overlay-gradient":""},"tablet":{"background-color":"var(--ast-global-color-5)","background-image":"","background-repeat":"repeat","background-position":"center center","background-size":"auto","background-attachment":"scroll","background-type":"","background-media":"","overlay-type":"","overlay-color":"","overlay-opacity":"","overlay-gradient":""},"mobile":{"background-color":"var(--ast-global-color-5)","background-image":"","background-repeat":"repeat","background-position":"center center","background-size":"auto","background-attachment":"scroll","background-type":"","background-media":"","overlay-type":"","overlay-color":"","overlay-opacity":"","overlay-gradient":""}},"footnotes":""},"categories":[65,1,297,296,29],"tags":[506],"class_list":["post-17137","post","type-post","status-publish","format-standard","has-post-thumbnail","hentry","category-crp","category-general","category-novetats-comunitat","category-novetats-dinamitzacio","category-portada","tag-curs-25-26"],"post_mailing_queue_ids":[],"_links":{"self":[{"href":"https:\/\/serveiseducatius.xtec.cat\/baixemporda\/wp-json\/wp\/v2\/posts\/17137","targetHints":{"allow":["GET"]}}],"collection":[{"href":"https:\/\/serveiseducatius.xtec.cat\/baixemporda\/wp-json\/wp\/v2\/posts"}],"about":[{"href":"https:\/\/serveiseducatius.xtec.cat\/baixemporda\/wp-json\/wp\/v2\/types\/post"}],"author":[{"embeddable":true,"href":"https:\/\/serveiseducatius.xtec.cat\/baixemporda\/wp-json\/wp\/v2\/users\/1"}],"replies":[{"embeddable":true,"href":"https:\/\/serveiseducatius.xtec.cat\/baixemporda\/wp-json\/wp\/v2\/comments?post=17137"}],"version-history":[{"count":4,"href":"https:\/\/serveiseducatius.xtec.cat\/baixemporda\/wp-json\/wp\/v2\/posts\/17137\/revisions"}],"predecessor-version":[{"id":17197,"href":"https:\/\/serveiseducatius.xtec.cat\/baixemporda\/wp-json\/wp\/v2\/posts\/17137\/revisions\/17197"}],"wp:featuredmedia":[{"embeddable":true,"href":"https:\/\/serveiseducatius.xtec.cat\/baixemporda\/wp-json\/wp\/v2\/media\/17140"}],"wp:attachment":[{"href":"https:\/\/serveiseducatius.xtec.cat\/baixemporda\/wp-json\/wp\/v2\/media?parent=17137"}],"wp:term":[{"taxonomy":"category","embeddable":true,"href":"https:\/\/serveiseducatius.xtec.cat\/baixemporda\/wp-json\/wp\/v2\/categories?post=17137"},{"taxonomy":"post_tag","embeddable":true,"href":"https:\/\/serveiseducatius.xtec.cat\/baixemporda\/wp-json\/wp\/v2\/tags?post=17137"}],"curies":[{"name":"wp","href":"https:\/\/api.w.org\/{rel}","templated":true}]}}