{"id":17128,"date":"2025-09-10T13:06:44","date_gmt":"2025-09-10T11:06:44","guid":{"rendered":"https:\/\/serveiseducatius.xtec.cat\/baixemporda\/?p=17128"},"modified":"2025-09-10T13:07:12","modified_gmt":"2025-09-10T11:07:12","slug":"conferencies-25-26","status":"publish","type":"post","link":"https:\/\/serveiseducatius.xtec.cat\/baixemporda\/general\/conferencies-25-26\/","title":{"rendered":"Confer\u00e8ncies 25-26"},"content":{"rendered":"<table style=\"border-collapse: collapse; width: 100%;\">\n<tbody>\n<tr>\n<td style=\"width: 50%;\"><a href=\"https:\/\/serveiseducatius.xtec.cat\/baixemporda\/wp-content\/uploads\/usu1155\/2025\/09\/Xerrada-creaccio-itinerari-lector.jpg\"><img loading=\"lazy\" decoding=\"async\" class=\"alignnone size-full wp-image-17130\" src=\"https:\/\/serveiseducatius.xtec.cat\/baixemporda\/wp-content\/uploads\/usu1155\/2025\/09\/Xerrada-creaccio-itinerari-lector.jpg\" alt=\"\" width=\"800\" height=\"800\" srcset=\"https:\/\/serveiseducatius.xtec.cat\/baixemporda\/wp-content\/uploads\/usu1155\/2025\/09\/Xerrada-creaccio-itinerari-lector.jpg 800w, https:\/\/serveiseducatius.xtec.cat\/baixemporda\/wp-content\/uploads\/usu1155\/2025\/09\/Xerrada-creaccio-itinerari-lector-300x300.jpg 300w, https:\/\/serveiseducatius.xtec.cat\/baixemporda\/wp-content\/uploads\/usu1155\/2025\/09\/Xerrada-creaccio-itinerari-lector-150x150.jpg 150w, https:\/\/serveiseducatius.xtec.cat\/baixemporda\/wp-content\/uploads\/usu1155\/2025\/09\/Xerrada-creaccio-itinerari-lector-768x768.jpg 768w\" sizes=\"auto, (max-width: 800px) 100vw, 800px\" \/><\/a><\/td>\n<td style=\"width: 50%;\"><a href=\"https:\/\/serveiseducatius.xtec.cat\/baixemporda\/wp-content\/uploads\/usu1155\/2025\/09\/Conferencia-Marta-Flores_05-03-26-1.png\"><img loading=\"lazy\" decoding=\"async\" class=\"alignnone size-large wp-image-17133\" src=\"https:\/\/serveiseducatius.xtec.cat\/baixemporda\/wp-content\/uploads\/usu1155\/2025\/09\/Conferencia-Marta-Flores_05-03-26-1-1024x1024.png\" alt=\"\" width=\"1024\" height=\"1024\" srcset=\"https:\/\/serveiseducatius.xtec.cat\/baixemporda\/wp-content\/uploads\/usu1155\/2025\/09\/Conferencia-Marta-Flores_05-03-26-1-1024x1024.png 1024w, https:\/\/serveiseducatius.xtec.cat\/baixemporda\/wp-content\/uploads\/usu1155\/2025\/09\/Conferencia-Marta-Flores_05-03-26-1-300x300.png 300w, https:\/\/serveiseducatius.xtec.cat\/baixemporda\/wp-content\/uploads\/usu1155\/2025\/09\/Conferencia-Marta-Flores_05-03-26-1-150x150.png 150w, https:\/\/serveiseducatius.xtec.cat\/baixemporda\/wp-content\/uploads\/usu1155\/2025\/09\/Conferencia-Marta-Flores_05-03-26-1-768x768.png 768w, https:\/\/serveiseducatius.xtec.cat\/baixemporda\/wp-content\/uploads\/usu1155\/2025\/09\/Conferencia-Marta-Flores_05-03-26-1-1536x1536.png 1536w, https:\/\/serveiseducatius.xtec.cat\/baixemporda\/wp-content\/uploads\/usu1155\/2025\/09\/Conferencia-Marta-Flores_05-03-26-1.png 2000w\" sizes=\"auto, (max-width: 1024px) 100vw, 1024px\" \/><\/a><\/td>\n<\/tr>\n<\/tbody>\n<\/table>\n<p style=\"text-align: justify;\">A m\u00e9s de la <a href=\"https:\/\/serveiseducatius.xtec.cat\/baixemporda\/general\/conferencia-inaugural-curs-25-26\/\" target=\"_blank\" rel=\"noopener\">confer\u00e8ncia inaugural<\/a> d&#8217;en Jaume Funes del proper dimecres 24 de setembre, des del Servei Educatiu us oferim tamb\u00e9 dues xerrades m\u00e9s amb el seg\u00fcent calendari:<\/p>\n<ul>\n<li style=\"font-weight: 400; text-align: justify;\" aria-level=\"1\"><span style=\"font-weight: 400;\">Dimecres 26 de novembre. <\/span><b>De l&#8217;itinerari lector a biblioteca d\u2019aula 0-6<\/b><span style=\"font-weight: 400;\"> a c\u00e0rrec de la Carolina Carreras i la Gemma Mart\u00ednez (lloc a concretar) de 17.45 a 19.45h. <\/span><a href=\"https:\/\/aplicacions.gestioeducativa.gencat.cat\/ords\/pls\/soloas\/pk_for_mod_ins.p_for_detall_activitat?p_header=Llista%20d%27activitats%5Epk_for_mod_ins.p_for_cons_activitats?p_crp=502%26p_any=2025-2026%26p_totes=S%26p_inici=41%26p_excloure_crp_rec=T&amp;p_codi=5020451502&amp;p_curs=2025-2026&amp;p_excloure_crp_rec=T\"><span style=\"font-weight: 400;\">Enlla\u00e7 a la inscripci\u00f3<\/span><\/a><span style=\"font-weight: 400;\">.\u00a0<\/span><\/li>\n<li style=\"font-weight: 400; text-align: justify;\" aria-level=\"1\"><span style=\"font-weight: 400;\">Dijous 5 de mar\u00e7. <\/span><b>Observaci\u00f3 entre iguals i codoc\u00e8ncia<\/b><span style=\"font-weight: 400;\"> a c\u00e0rrec de la Marta Flores. Confer\u00e8ncia virtual de 17.30 a 19.30h. Inscripcions al 2n torn.<\/span><\/li>\n<\/ul>\n","protected":false},"excerpt":{"rendered":"<p>A m\u00e9s de la confer\u00e8ncia inaugural d&#8217;en Jaume Funes del proper dimecres 24 de setembre, des del Servei Educatiu us oferim tamb\u00e9 dues xerrades m\u00e9s amb el seg\u00fcent calendari: Dimecres 26 de novembre. De l&#8217;itinerari lector a biblioteca d\u2019aula 0-6 a c\u00e0rrec de la Carolina Carreras i la Gemma Mart\u00ednez (lloc a concretar) de 17.45 [&hellip;]<\/p>\n","protected":false},"author":1,"featured_media":17130,"comment_status":"closed","ping_status":"open","sticky":false,"template":"","format":"standard","meta":{"_bbp_topic_count":0,"_bbp_reply_count":0,"_bbp_total_topic_count":0,"_bbp_total_reply_count":0,"_bbp_voice_count":0,"_bbp_anonymous_reply_count":0,"_bbp_topic_count_hidden":0,"_bbp_reply_count_hidden":0,"_bbp_forum_subforum_count":0,"site-sidebar-layout":"default","site-content-layout":"","ast-site-content-layout":"","site-content-style":"default","site-sidebar-style":"default","ast-global-header-display":"","ast-banner-title-visibility":"","ast-main-header-display":"","ast-hfb-above-header-display":"","ast-hfb-below-header-display":"","ast-hfb-mobile-header-display":"","site-post-title":"","ast-breadcrumbs-content":"","ast-featured-img":"","footer-sml-layout":"","theme-transparent-header-meta":"","adv-header-id-meta":"","stick-header-meta":"","header-above-stick-meta":"","header-main-stick-meta":"","header-below-stick-meta":"","astra-migrate-meta-layouts":"default","ast-page-background-enabled":"default","ast-page-background-meta":{"desktop":{"background-color":"var(--ast-global-color-4)","background-image":"","background-repeat":"repeat","background-position":"center center","background-size":"auto","background-attachment":"scroll","background-type":"","background-media":"","overlay-type":"","overlay-color":"","overlay-opacity":"","overlay-gradient":""},"tablet":{"background-color":"","background-image":"","background-repeat":"repeat","background-position":"center center","background-size":"auto","background-attachment":"scroll","background-type":"","background-media":"","overlay-type":"","overlay-color":"","overlay-opacity":"","overlay-gradient":""},"mobile":{"background-color":"","background-image":"","background-repeat":"repeat","background-position":"center center","background-size":"auto","background-attachment":"scroll","background-type":"","background-media":"","overlay-type":"","overlay-color":"","overlay-opacity":"","overlay-gradient":""}},"ast-content-background-meta":{"desktop":{"background-color":"var(--ast-global-color-5)","background-image":"","background-repeat":"repeat","background-position":"center center","background-size":"auto","background-attachment":"scroll","background-type":"","background-media":"","overlay-type":"","overlay-color":"","overlay-opacity":"","overlay-gradient":""},"tablet":{"background-color":"var(--ast-global-color-5)","background-image":"","background-repeat":"repeat","background-position":"center center","background-size":"auto","background-attachment":"scroll","background-type":"","background-media":"","overlay-type":"","overlay-color":"","overlay-opacity":"","overlay-gradient":""},"mobile":{"background-color":"var(--ast-global-color-5)","background-image":"","background-repeat":"repeat","background-position":"center center","background-size":"auto","background-attachment":"scroll","background-type":"","background-media":"","overlay-type":"","overlay-color":"","overlay-opacity":"","overlay-gradient":""}},"footnotes":""},"categories":[65,67,68,1,299,29],"tags":[506],"class_list":["post-17128","post","type-post","status-publish","format-standard","has-post-thumbnail","hentry","category-crp","category-eap","category-elic","category-general","category-novform","category-portada","tag-curs-25-26"],"post_mailing_queue_ids":[],"_links":{"self":[{"href":"https:\/\/serveiseducatius.xtec.cat\/baixemporda\/wp-json\/wp\/v2\/posts\/17128","targetHints":{"allow":["GET"]}}],"collection":[{"href":"https:\/\/serveiseducatius.xtec.cat\/baixemporda\/wp-json\/wp\/v2\/posts"}],"about":[{"href":"https:\/\/serveiseducatius.xtec.cat\/baixemporda\/wp-json\/wp\/v2\/types\/post"}],"author":[{"embeddable":true,"href":"https:\/\/serveiseducatius.xtec.cat\/baixemporda\/wp-json\/wp\/v2\/users\/1"}],"replies":[{"embeddable":true,"href":"https:\/\/serveiseducatius.xtec.cat\/baixemporda\/wp-json\/wp\/v2\/comments?post=17128"}],"version-history":[{"count":3,"href":"https:\/\/serveiseducatius.xtec.cat\/baixemporda\/wp-json\/wp\/v2\/posts\/17128\/revisions"}],"predecessor-version":[{"id":17135,"href":"https:\/\/serveiseducatius.xtec.cat\/baixemporda\/wp-json\/wp\/v2\/posts\/17128\/revisions\/17135"}],"wp:featuredmedia":[{"embeddable":true,"href":"https:\/\/serveiseducatius.xtec.cat\/baixemporda\/wp-json\/wp\/v2\/media\/17130"}],"wp:attachment":[{"href":"https:\/\/serveiseducatius.xtec.cat\/baixemporda\/wp-json\/wp\/v2\/media?parent=17128"}],"wp:term":[{"taxonomy":"category","embeddable":true,"href":"https:\/\/serveiseducatius.xtec.cat\/baixemporda\/wp-json\/wp\/v2\/categories?post=17128"},{"taxonomy":"post_tag","embeddable":true,"href":"https:\/\/serveiseducatius.xtec.cat\/baixemporda\/wp-json\/wp\/v2\/tags?post=17128"}],"curies":[{"name":"wp","href":"https:\/\/api.w.org\/{rel}","templated":true}]}}