{"id":17043,"date":"2025-09-05T09:47:43","date_gmt":"2025-09-05T07:47:43","guid":{"rendered":"https:\/\/serveiseducatius.xtec.cat\/baixemporda\/?p=17043"},"modified":"2025-09-05T12:23:44","modified_gmt":"2025-09-05T10:23:44","slug":"seminari-dorientacio-educativa-per-a-secundaria","status":"publish","type":"post","link":"https:\/\/serveiseducatius.xtec.cat\/baixemporda\/general\/seminari-dorientacio-educativa-per-a-secundaria\/","title":{"rendered":"Seminari d&#8217;orientaci\u00f3 educativa per a secund\u00e0ria"},"content":{"rendered":"<p><a href=\"https:\/\/serveiseducatius.xtec.cat\/baixemporda\/wp-content\/uploads\/usu1155\/2025\/07\/Seminari-dorientacio-educativa-secundaria.jpg\"><img loading=\"lazy\" decoding=\"async\" class=\" wp-image-17044 aligncenter\" src=\"https:\/\/serveiseducatius.xtec.cat\/baixemporda\/wp-content\/uploads\/usu1155\/2025\/07\/Seminari-dorientacio-educativa-secundaria-819x1024.jpg\" alt=\"\" width=\"428\" height=\"535\" srcset=\"https:\/\/serveiseducatius.xtec.cat\/baixemporda\/wp-content\/uploads\/usu1155\/2025\/07\/Seminari-dorientacio-educativa-secundaria-819x1024.jpg 819w, https:\/\/serveiseducatius.xtec.cat\/baixemporda\/wp-content\/uploads\/usu1155\/2025\/07\/Seminari-dorientacio-educativa-secundaria-240x300.jpg 240w, https:\/\/serveiseducatius.xtec.cat\/baixemporda\/wp-content\/uploads\/usu1155\/2025\/07\/Seminari-dorientacio-educativa-secundaria-768x960.jpg 768w, https:\/\/serveiseducatius.xtec.cat\/baixemporda\/wp-content\/uploads\/usu1155\/2025\/07\/Seminari-dorientacio-educativa-secundaria.jpg 1080w\" sizes=\"auto, (max-width: 428px) 100vw, 428px\" \/><\/a><\/p>\n<p style=\"text-align: justify;\">El curs 25-26 tindr\u00e0 com a novetat el <strong>Seminari d&#8217;Orientaci\u00f3 Educativa (secund\u00e0ria)<\/strong> dirigit a les orientadores educatives dels centres educatius de secund\u00e0ria del Baix Empord\u00e0.\u00a0<span style=\"font-weight: 400;\">Aquest seminari t\u00e9 com a objectiu oferir un espai estable de trobada, formaci\u00f3 i intercanvi entre els professionals de l\u2019orientaci\u00f3 educativa dels instituts de secund\u00e0ria del Baix Empord\u00e0.\u00a0<\/span><span style=\"font-weight: 400;\">Ser\u00e0 un espai col\u00b7laboratiu on es fomentar\u00e0 l\u2019intercanvi d\u2019experi\u00e8ncies entre professionals de diferents centres, amb l\u2019objectiu de construir coneixement compartit i enfortir la xarxa d\u2019orientadors\/es del territori, aix\u00ed com el nostre rol en els centres.<\/span><\/p>\n<p style=\"text-align: justify;\"><b>Els eixos principals seran:<\/b><\/p>\n<ul style=\"text-align: justify;\">\n<li><span style=\"font-weight: 400;\">L\u2019acompanyament i l\u2019<\/span><b>orientaci\u00f3 personal de l\u2019alumnat.<\/b><span style=\"font-weight: 400;\">\u00a0<\/span><\/li>\n<li><span style=\"font-weight: 400;\">Les <\/span><b>avaluacions psicopedag\u00f2giques i les intervencions<\/b><span style=\"font-weight: 400;\"> tant a nivell individuals com grupal.\u00a0<\/span><\/li>\n<li><span style=\"font-weight: 400;\">La detecci\u00f3, disseny, seguiment i avaluaci\u00f3 dels <\/span><b>Plans de Suport Individualitzats<\/b><span style=\"font-weight: 400;\">. El treball col\u00b7laboratiu amb<\/span><b> les fam\u00edlies<\/b><span style=\"font-weight: 400;\">.<\/span><\/li>\n<li><span style=\"font-weight: 400;\">L\u2019assessorament i la coordinaci\u00f3 amb els <\/span><b>agents interns i externs<\/b><span style=\"font-weight: 400;\">, aix\u00ed com l\u2019organitzaci\u00f3 de la <\/span><b>CAEI, <\/b><span style=\"font-weight: 400;\">analitzar-ne els models m\u00e9s efectius.\u00a0<\/span><\/li>\n<li><span style=\"font-weight: 400;\">L\u2019<\/span><b>orientaci\u00f3 acad\u00e8mica i professional<\/b><span style=\"font-weight: 400;\"> de l\u2019alumnat, sobretot a l\u2019\u00faltim tram de la secund\u00e0ria.\u00a0<\/span><\/li>\n<\/ul>\n<p style=\"text-align: justify;\">Ser\u00e0 un seminari de 15 hores (4 sessions de 2 hores) que es dur\u00e0 a terme durant <strong>4 dijous de 16.30h a 18.30h a l&#8217;INS Baix Empord\u00e0<\/strong>. Anir\u00e0 a c\u00e0rrec de la <strong>Marta L\u00f3pez<\/strong> (orientadora educativa de l&#8217;INS Baix Empord\u00e0 de Palafrugell). El calendari \u00e9s el seg\u00fcent:<\/p>\n<ul style=\"text-align: justify;\">\n<li><strong>Dijous 2 d&#8217;octubre<\/strong><\/li>\n<li><strong>Dijous 15 de gener<\/strong><\/li>\n<li><strong>Dijous 26 de mar\u00e7<\/strong><\/li>\n<li><strong>Dijous 21 de maig<\/strong><\/li>\n<\/ul>\n<p style=\"text-align: justify;\">Us podreu inscriure al seg\u00fcent <a href=\"https:\/\/aplicacions.gestioeducativa.gencat.cat\/ords\/pls\/soloas\/pk_for_mod_ins.p_for_detall_activitat?p_header=Llista%20d%27activitats^pk_for_mod_ins.p_for_cons_activitats?p_crp=502%26p_any=2025-2026%26p_totes=S%26p_inici=11%26p_excloure_crp_rec=T&amp;p_codi=5020161502&amp;p_curs=2025-2026&amp;p_excloure_crp_rec=T\" target=\"_blank\" rel=\"noopener\">enlla\u00e7<\/a><\/p>\n","protected":false},"excerpt":{"rendered":"<p>El curs 25-26 tindr\u00e0 com a novetat el Seminari d&#8217;Orientaci\u00f3 Educativa (secund\u00e0ria) dirigit a les orientadores educatives dels centres educatius de secund\u00e0ria del Baix Empord\u00e0.\u00a0Aquest seminari t\u00e9 com a objectiu oferir un espai estable de trobada, formaci\u00f3 i intercanvi entre els professionals de l\u2019orientaci\u00f3 educativa dels instituts de secund\u00e0ria del Baix Empord\u00e0.\u00a0Ser\u00e0 un espai col\u00b7laboratiu [&hellip;]<\/p>\n","protected":false},"author":1,"featured_media":17044,"comment_status":"closed","ping_status":"open","sticky":false,"template":"","format":"standard","meta":{"_bbp_topic_count":0,"_bbp_reply_count":0,"_bbp_total_topic_count":0,"_bbp_total_reply_count":0,"_bbp_voice_count":0,"_bbp_anonymous_reply_count":0,"_bbp_topic_count_hidden":0,"_bbp_reply_count_hidden":0,"_bbp_forum_subforum_count":0,"site-sidebar-layout":"default","site-content-layout":"","ast-site-content-layout":"","site-content-style":"default","site-sidebar-style":"default","ast-global-header-display":"","ast-banner-title-visibility":"","ast-main-header-display":"","ast-hfb-above-header-display":"","ast-hfb-below-header-display":"","ast-hfb-mobile-header-display":"","site-post-title":"","ast-breadcrumbs-content":"","ast-featured-img":"","footer-sml-layout":"","theme-transparent-header-meta":"","adv-header-id-meta":"","stick-header-meta":"","header-above-stick-meta":"","header-main-stick-meta":"","header-below-stick-meta":"","astra-migrate-meta-layouts":"default","ast-page-background-enabled":"default","ast-page-background-meta":{"desktop":{"background-color":"var(--ast-global-color-4)","background-image":"","background-repeat":"repeat","background-position":"center center","background-size":"auto","background-attachment":"scroll","background-type":"","background-media":"","overlay-type":"","overlay-color":"","overlay-opacity":"","overlay-gradient":""},"tablet":{"background-color":"","background-image":"","background-repeat":"repeat","background-position":"center center","background-size":"auto","background-attachment":"scroll","background-type":"","background-media":"","overlay-type":"","overlay-color":"","overlay-opacity":"","overlay-gradient":""},"mobile":{"background-color":"","background-image":"","background-repeat":"repeat","background-position":"center center","background-size":"auto","background-attachment":"scroll","background-type":"","background-media":"","overlay-type":"","overlay-color":"","overlay-opacity":"","overlay-gradient":""}},"ast-content-background-meta":{"desktop":{"background-color":"var(--ast-global-color-5)","background-image":"","background-repeat":"repeat","background-position":"center center","background-size":"auto","background-attachment":"scroll","background-type":"","background-media":"","overlay-type":"","overlay-color":"","overlay-opacity":"","overlay-gradient":""},"tablet":{"background-color":"var(--ast-global-color-5)","background-image":"","background-repeat":"repeat","background-position":"center center","background-size":"auto","background-attachment":"scroll","background-type":"","background-media":"","overlay-type":"","overlay-color":"","overlay-opacity":"","overlay-gradient":""},"mobile":{"background-color":"var(--ast-global-color-5)","background-image":"","background-repeat":"repeat","background-position":"center center","background-size":"auto","background-attachment":"scroll","background-type":"","background-media":"","overlay-type":"","overlay-color":"","overlay-opacity":"","overlay-gradient":""}},"footnotes":""},"categories":[65,1,299,29],"tags":[506],"class_list":["post-17043","post","type-post","status-publish","format-standard","has-post-thumbnail","hentry","category-crp","category-general","category-novform","category-portada","tag-curs-25-26"],"post_mailing_queue_ids":[],"_links":{"self":[{"href":"https:\/\/serveiseducatius.xtec.cat\/baixemporda\/wp-json\/wp\/v2\/posts\/17043","targetHints":{"allow":["GET"]}}],"collection":[{"href":"https:\/\/serveiseducatius.xtec.cat\/baixemporda\/wp-json\/wp\/v2\/posts"}],"about":[{"href":"https:\/\/serveiseducatius.xtec.cat\/baixemporda\/wp-json\/wp\/v2\/types\/post"}],"author":[{"embeddable":true,"href":"https:\/\/serveiseducatius.xtec.cat\/baixemporda\/wp-json\/wp\/v2\/users\/1"}],"replies":[{"embeddable":true,"href":"https:\/\/serveiseducatius.xtec.cat\/baixemporda\/wp-json\/wp\/v2\/comments?post=17043"}],"version-history":[{"count":2,"href":"https:\/\/serveiseducatius.xtec.cat\/baixemporda\/wp-json\/wp\/v2\/posts\/17043\/revisions"}],"predecessor-version":[{"id":17114,"href":"https:\/\/serveiseducatius.xtec.cat\/baixemporda\/wp-json\/wp\/v2\/posts\/17043\/revisions\/17114"}],"wp:featuredmedia":[{"embeddable":true,"href":"https:\/\/serveiseducatius.xtec.cat\/baixemporda\/wp-json\/wp\/v2\/media\/17044"}],"wp:attachment":[{"href":"https:\/\/serveiseducatius.xtec.cat\/baixemporda\/wp-json\/wp\/v2\/media?parent=17043"}],"wp:term":[{"taxonomy":"category","embeddable":true,"href":"https:\/\/serveiseducatius.xtec.cat\/baixemporda\/wp-json\/wp\/v2\/categories?post=17043"},{"taxonomy":"post_tag","embeddable":true,"href":"https:\/\/serveiseducatius.xtec.cat\/baixemporda\/wp-json\/wp\/v2\/tags?post=17043"}],"curies":[{"name":"wp","href":"https:\/\/api.w.org\/{rel}","templated":true}]}}