{"id":17036,"date":"2025-07-03T12:18:44","date_gmt":"2025-07-03T10:18:44","guid":{"rendered":"https:\/\/serveiseducatius.xtec.cat\/baixemporda\/?p=17036"},"modified":"2025-07-03T12:18:44","modified_gmt":"2025-07-03T10:18:44","slug":"actualitzacio-de-la-guia-les-tecnologies-digitals-a-la-infancia-ladolescencia-i-la-joventut","status":"publish","type":"post","link":"https:\/\/serveiseducatius.xtec.cat\/baixemporda\/general\/actualitzacio-de-la-guia-les-tecnologies-digitals-a-la-infancia-ladolescencia-i-la-joventut\/","title":{"rendered":"Actualitzaci\u00f3 de la guia Les tecnologies digitals a la inf\u00e0ncia, l\u2019adolesc\u00e8ncia i la joventut"},"content":{"rendered":"<p><a href=\"https:\/\/govern.cat\/govern\/docs\/2022\/09\/28\/11\/29\/4930d590-e484-42eb-a98a-a8444f4563a9.pdf\"><img loading=\"lazy\" decoding=\"async\" class=\" wp-image-17037 aligncenter\" src=\"https:\/\/serveiseducatius.xtec.cat\/baixemporda\/wp-content\/uploads\/usu1155\/2025\/07\/document.jpg\" alt=\"\" width=\"470\" height=\"584\" srcset=\"https:\/\/serveiseducatius.xtec.cat\/baixemporda\/wp-content\/uploads\/usu1155\/2025\/07\/document.jpg 630w, https:\/\/serveiseducatius.xtec.cat\/baixemporda\/wp-content\/uploads\/usu1155\/2025\/07\/document-241x300.jpg 241w\" sizes=\"auto, (max-width: 470px) 100vw, 470px\" \/><\/a><\/p>\n<p style=\"text-align: justify;\">Actualitzaci\u00f3 del document <a href=\"https:\/\/govern.cat\/govern\/docs\/2022\/09\/28\/11\/29\/4930d590-e484-42eb-a98a-a8444f4563a9.pdf\" target=\"_blank\" rel=\"noopener\">Les tecnologies digitals a la inf\u00e0ncia, l\u2019adolesc\u00e8ncia i la joventut<\/a>. Vol ser una eina d\u2019acompanyament a les fam\u00edlies, als docents, als educadors, i als mateixos infants, adolescents i joves en el dif\u00edcil cam\u00ed de la conviv\u00e8ncia i la relaci\u00f3 amb els altres mitjan\u00e7ant aquests nous dispositius que anomenem tecnologies de la informaci\u00f3 i la comunicaci\u00f3 (tecnologies digitals).<\/p>\n","protected":false},"excerpt":{"rendered":"<p>Actualitzaci\u00f3 del document Les tecnologies digitals a la inf\u00e0ncia, l\u2019adolesc\u00e8ncia i la joventut. Vol ser una eina d\u2019acompanyament a les fam\u00edlies, als docents, als educadors, i als mateixos infants, adolescents i joves en el dif\u00edcil cam\u00ed de la conviv\u00e8ncia i la relaci\u00f3 amb els altres mitjan\u00e7ant aquests nous dispositius que anomenem tecnologies de la informaci\u00f3 [&hellip;]<\/p>\n","protected":false},"author":1,"featured_media":17037,"comment_status":"closed","ping_status":"open","sticky":false,"template":"","format":"standard","meta":{"_bbp_topic_count":0,"_bbp_reply_count":0,"_bbp_total_topic_count":0,"_bbp_total_reply_count":0,"_bbp_voice_count":0,"_bbp_anonymous_reply_count":0,"_bbp_topic_count_hidden":0,"_bbp_reply_count_hidden":0,"_bbp_forum_subforum_count":0,"site-sidebar-layout":"default","site-content-layout":"","ast-site-content-layout":"","site-content-style":"default","site-sidebar-style":"default","ast-global-header-display":"","ast-banner-title-visibility":"","ast-main-header-display":"","ast-hfb-above-header-display":"","ast-hfb-below-header-display":"","ast-hfb-mobile-header-display":"","site-post-title":"","ast-breadcrumbs-content":"","ast-featured-img":"","footer-sml-layout":"","theme-transparent-header-meta":"","adv-header-id-meta":"","stick-header-meta":"","header-above-stick-meta":"","header-main-stick-meta":"","header-below-stick-meta":"","astra-migrate-meta-layouts":"default","ast-page-background-enabled":"default","ast-page-background-meta":{"desktop":{"background-color":"var(--ast-global-color-4)","background-image":"","background-repeat":"repeat","background-position":"center center","background-size":"auto","background-attachment":"scroll","background-type":"","background-media":"","overlay-type":"","overlay-color":"","overlay-opacity":"","overlay-gradient":""},"tablet":{"background-color":"","background-image":"","background-repeat":"repeat","background-position":"center center","background-size":"auto","background-attachment":"scroll","background-type":"","background-media":"","overlay-type":"","overlay-color":"","overlay-opacity":"","overlay-gradient":""},"mobile":{"background-color":"","background-image":"","background-repeat":"repeat","background-position":"center center","background-size":"auto","background-attachment":"scroll","background-type":"","background-media":"","overlay-type":"","overlay-color":"","overlay-opacity":"","overlay-gradient":""}},"ast-content-background-meta":{"desktop":{"background-color":"var(--ast-global-color-5)","background-image":"","background-repeat":"repeat","background-position":"center center","background-size":"auto","background-attachment":"scroll","background-type":"","background-media":"","overlay-type":"","overlay-color":"","overlay-opacity":"","overlay-gradient":""},"tablet":{"background-color":"var(--ast-global-color-5)","background-image":"","background-repeat":"repeat","background-position":"center center","background-size":"auto","background-attachment":"scroll","background-type":"","background-media":"","overlay-type":"","overlay-color":"","overlay-opacity":"","overlay-gradient":""},"mobile":{"background-color":"var(--ast-global-color-5)","background-image":"","background-repeat":"repeat","background-position":"center center","background-size":"auto","background-attachment":"scroll","background-type":"","background-media":"","overlay-type":"","overlay-color":"","overlay-opacity":"","overlay-gradient":""}},"footnotes":""},"categories":[65,1,295,29],"tags":[500],"class_list":["post-17036","post","type-post","status-publish","format-standard","has-post-thumbnail","hentry","category-crp","category-general","category-novetats-recursos","category-portada","tag-curs-24-25"],"post_mailing_queue_ids":[],"_links":{"self":[{"href":"https:\/\/serveiseducatius.xtec.cat\/baixemporda\/wp-json\/wp\/v2\/posts\/17036","targetHints":{"allow":["GET"]}}],"collection":[{"href":"https:\/\/serveiseducatius.xtec.cat\/baixemporda\/wp-json\/wp\/v2\/posts"}],"about":[{"href":"https:\/\/serveiseducatius.xtec.cat\/baixemporda\/wp-json\/wp\/v2\/types\/post"}],"author":[{"embeddable":true,"href":"https:\/\/serveiseducatius.xtec.cat\/baixemporda\/wp-json\/wp\/v2\/users\/1"}],"replies":[{"embeddable":true,"href":"https:\/\/serveiseducatius.xtec.cat\/baixemporda\/wp-json\/wp\/v2\/comments?post=17036"}],"version-history":[{"count":1,"href":"https:\/\/serveiseducatius.xtec.cat\/baixemporda\/wp-json\/wp\/v2\/posts\/17036\/revisions"}],"predecessor-version":[{"id":17038,"href":"https:\/\/serveiseducatius.xtec.cat\/baixemporda\/wp-json\/wp\/v2\/posts\/17036\/revisions\/17038"}],"wp:featuredmedia":[{"embeddable":true,"href":"https:\/\/serveiseducatius.xtec.cat\/baixemporda\/wp-json\/wp\/v2\/media\/17037"}],"wp:attachment":[{"href":"https:\/\/serveiseducatius.xtec.cat\/baixemporda\/wp-json\/wp\/v2\/media?parent=17036"}],"wp:term":[{"taxonomy":"category","embeddable":true,"href":"https:\/\/serveiseducatius.xtec.cat\/baixemporda\/wp-json\/wp\/v2\/categories?post=17036"},{"taxonomy":"post_tag","embeddable":true,"href":"https:\/\/serveiseducatius.xtec.cat\/baixemporda\/wp-json\/wp\/v2\/tags?post=17036"}],"curies":[{"name":"wp","href":"https:\/\/api.w.org\/{rel}","templated":true}]}}