{"id":16955,"date":"2025-06-12T10:11:20","date_gmt":"2025-06-12T08:11:20","guid":{"rendered":"https:\/\/serveiseducatius.xtec.cat\/baixemporda\/?p=16955"},"modified":"2025-06-12T13:04:39","modified_gmt":"2025-06-12T11:04:39","slug":"iii-trobada-dalumnat-daula-dacollida-del-baix-emporda","status":"publish","type":"post","link":"https:\/\/serveiseducatius.xtec.cat\/baixemporda\/general\/iii-trobada-dalumnat-daula-dacollida-del-baix-emporda\/","title":{"rendered":"III Trobada d\u2019alumnat d\u2019Aula d\u2019Acollida del Baix Empord\u00e0"},"content":{"rendered":"<p><a href=\"https:\/\/serveiseducatius.xtec.cat\/baixemporda\/wp-content\/uploads\/usu1155\/2025\/06\/IMG_0911-scaled.jpg\"><img loading=\"lazy\" decoding=\"async\" class=\" wp-image-16956 aligncenter\" src=\"https:\/\/serveiseducatius.xtec.cat\/baixemporda\/wp-content\/uploads\/usu1155\/2025\/06\/IMG_0911-1024x576.jpg\" alt=\"\" width=\"692\" height=\"389\" srcset=\"https:\/\/serveiseducatius.xtec.cat\/baixemporda\/wp-content\/uploads\/usu1155\/2025\/06\/IMG_0911-1024x576.jpg 1024w, https:\/\/serveiseducatius.xtec.cat\/baixemporda\/wp-content\/uploads\/usu1155\/2025\/06\/IMG_0911-300x169.jpg 300w, https:\/\/serveiseducatius.xtec.cat\/baixemporda\/wp-content\/uploads\/usu1155\/2025\/06\/IMG_0911-768x432.jpg 768w, https:\/\/serveiseducatius.xtec.cat\/baixemporda\/wp-content\/uploads\/usu1155\/2025\/06\/IMG_0911-1536x864.jpg 1536w, https:\/\/serveiseducatius.xtec.cat\/baixemporda\/wp-content\/uploads\/usu1155\/2025\/06\/IMG_0911-2048x1152.jpg 2048w\" sizes=\"auto, (max-width: 692px) 100vw, 692px\" \/><\/a><\/p>\n<p style=\"text-align: justify;\"><span style=\"font-weight: 400;\">El passat dimarts 10 de juny va tenir lloc la <\/span><b>III Trobada d\u2019alumnat d\u2019Aula d\u2019Acollida del Baix Empord\u00e0<\/b><span style=\"font-weight: 400;\">, una jornada que ja s\u2019ha consolidat com una cita imprescindible per a la integraci\u00f3, l\u2019acollida i l\u2019enriquiment mutu dels nostres alumnes nouvinguts. Prop de <\/span><b>400 infants i joves<\/b><span style=\"font-weight: 400;\"> de <\/span><b>24 centres educatius<\/b><span style=\"font-weight: 400;\"> d\u2019arreu de la comarca \u2014incloent municipis com la Bisbal d\u2019Empord\u00e0, Palafrugell, Sant Feliu de Gu\u00edxols, Calonge, Santa Cristina, Palam\u00f3s, Platja d\u2019Aro i Pals \u2014 van participar en aquesta trobada l\u00fadica i educativa celebrada a la <\/span><b>Nau dels 50 metres de Palam\u00f3s<\/b><span style=\"font-weight: 400;\">.<\/span><\/p>\n<p style=\"text-align: justify;\"><span style=\"font-weight: 400;\">La trobada \u00e9s el punt culminant d\u2019un <\/span><b>projecte intercentres<\/b><span style=\"font-weight: 400;\"> coordinat des del <\/span><b>seminari de tutors i tutores d\u2019Aula d\u2019Acollida<\/b><span style=\"font-weight: 400;\">, que ha promogut durant tot el curs diverses activitats telem\u00e0tiques entre l\u2019alumnat nouvingut dels centres. El seu objectiu principal \u00e9s <\/span><b>millorar la compet\u00e8ncia comunicativa en catal\u00e0<\/b><span style=\"font-weight: 400;\">, aix\u00ed com fomentar la <\/span><b>cohesi\u00f3 social<\/b><span style=\"font-weight: 400;\"> i <\/span><b>l\u2019equitat <\/b><span style=\"font-weight: 400;\">\u00a0a trav\u00e9s de l\u2019experi\u00e8ncia compartida.<\/span><\/p>\n<p style=\"text-align: justify;\"><span style=\"font-weight: 400;\">La jornada es va estructurar en blocs d\u2019activitats l\u00fadiques i din\u00e0miques de coneixen\u00e7a, pensades per facilitar la interacci\u00f3 entre infants i adolescents de diferents or\u00edgens i municipis. Tallers creatius, jocs tradicionals com el mocador o les bitlles catalanes, activitats motrius amb paracaigudes, futbol xin\u00e8s o malabars van omplir el mat\u00ed de rialles, descobertes i complicitats.\u00a0<\/span><\/p>\n<p style=\"text-align: justify;\"><span style=\"font-weight: 400;\">Des de l\u2019equip LIC del Baix Empord\u00e0 volem <\/span><b>agrair la implicaci\u00f3 de tots els docents i centres participants<\/b><span style=\"font-weight: 400;\">, aix\u00ed com l\u2019entusiasme dels alumnes. Valorem molt positivament l\u2019impacte d\u2019aquesta trobada tant des del punt de vista ling\u00fc\u00edstic com personal i social. \u00c9s per aix\u00f2 que <\/span><b>convidem a tots els tutors i tutores d\u2019Aula d\u2019Acollida<\/b><span style=\"font-weight: 400;\"> a sumar-se al seminari i participar activament en la <\/span><b>edici\u00f3 de l\u2019any vinent<\/b><span style=\"font-weight: 400;\">.<\/span><\/p>\n<p style=\"text-align: justify;\"><span style=\"font-weight: 400;\">Continuem treballant plegats per fer del nostre territori un espai d\u2019acollida real, on la diversitat esdevingui una font de riquesa compartida.<\/span><\/p>\n<p style=\"text-align: justify;\"><b>Equip LIC Baix Empord\u00e0<\/b><\/p>\n","protected":false},"excerpt":{"rendered":"<p>El passat dimarts 10 de juny va tenir lloc la III Trobada d\u2019alumnat d\u2019Aula d\u2019Acollida del Baix Empord\u00e0, una jornada que ja s\u2019ha consolidat com una cita imprescindible per a la integraci\u00f3, l\u2019acollida i l\u2019enriquiment mutu dels nostres alumnes nouvinguts. Prop de 400 infants i joves de 24 centres educatius d\u2019arreu de la comarca \u2014incloent [&hellip;]<\/p>\n","protected":false},"author":1,"featured_media":16956,"comment_status":"closed","ping_status":"open","sticky":false,"template":"","format":"standard","meta":{"_bbp_topic_count":0,"_bbp_reply_count":0,"_bbp_total_topic_count":0,"_bbp_total_reply_count":0,"_bbp_voice_count":0,"_bbp_anonymous_reply_count":0,"_bbp_topic_count_hidden":0,"_bbp_reply_count_hidden":0,"_bbp_forum_subforum_count":0,"site-sidebar-layout":"default","site-content-layout":"","ast-site-content-layout":"","site-content-style":"default","site-sidebar-style":"default","ast-global-header-display":"","ast-banner-title-visibility":"","ast-main-header-display":"","ast-hfb-above-header-display":"","ast-hfb-below-header-display":"","ast-hfb-mobile-header-display":"","site-post-title":"","ast-breadcrumbs-content":"","ast-featured-img":"","footer-sml-layout":"","theme-transparent-header-meta":"","adv-header-id-meta":"","stick-header-meta":"","header-above-stick-meta":"","header-main-stick-meta":"","header-below-stick-meta":"","astra-migrate-meta-layouts":"default","ast-page-background-enabled":"default","ast-page-background-meta":{"desktop":{"background-color":"var(--ast-global-color-4)","background-image":"","background-repeat":"repeat","background-position":"center center","background-size":"auto","background-attachment":"scroll","background-type":"","background-media":"","overlay-type":"","overlay-color":"","overlay-opacity":"","overlay-gradient":""},"tablet":{"background-color":"","background-image":"","background-repeat":"repeat","background-position":"center center","background-size":"auto","background-attachment":"scroll","background-type":"","background-media":"","overlay-type":"","overlay-color":"","overlay-opacity":"","overlay-gradient":""},"mobile":{"background-color":"","background-image":"","background-repeat":"repeat","background-position":"center center","background-size":"auto","background-attachment":"scroll","background-type":"","background-media":"","overlay-type":"","overlay-color":"","overlay-opacity":"","overlay-gradient":""}},"ast-content-background-meta":{"desktop":{"background-color":"var(--ast-global-color-5)","background-image":"","background-repeat":"repeat","background-position":"center center","background-size":"auto","background-attachment":"scroll","background-type":"","background-media":"","overlay-type":"","overlay-color":"","overlay-opacity":"","overlay-gradient":""},"tablet":{"background-color":"var(--ast-global-color-5)","background-image":"","background-repeat":"repeat","background-position":"center center","background-size":"auto","background-attachment":"scroll","background-type":"","background-media":"","overlay-type":"","overlay-color":"","overlay-opacity":"","overlay-gradient":""},"mobile":{"background-color":"var(--ast-global-color-5)","background-image":"","background-repeat":"repeat","background-position":"center center","background-size":"auto","background-attachment":"scroll","background-type":"","background-media":"","overlay-type":"","overlay-color":"","overlay-opacity":"","overlay-gradient":""}},"footnotes":""},"categories":[68,1,297,29],"tags":[500],"class_list":["post-16955","post","type-post","status-publish","format-standard","has-post-thumbnail","hentry","category-elic","category-general","category-novetats-comunitat","category-portada","tag-curs-24-25"],"post_mailing_queue_ids":[],"_links":{"self":[{"href":"https:\/\/serveiseducatius.xtec.cat\/baixemporda\/wp-json\/wp\/v2\/posts\/16955","targetHints":{"allow":["GET"]}}],"collection":[{"href":"https:\/\/serveiseducatius.xtec.cat\/baixemporda\/wp-json\/wp\/v2\/posts"}],"about":[{"href":"https:\/\/serveiseducatius.xtec.cat\/baixemporda\/wp-json\/wp\/v2\/types\/post"}],"author":[{"embeddable":true,"href":"https:\/\/serveiseducatius.xtec.cat\/baixemporda\/wp-json\/wp\/v2\/users\/1"}],"replies":[{"embeddable":true,"href":"https:\/\/serveiseducatius.xtec.cat\/baixemporda\/wp-json\/wp\/v2\/comments?post=16955"}],"version-history":[{"count":2,"href":"https:\/\/serveiseducatius.xtec.cat\/baixemporda\/wp-json\/wp\/v2\/posts\/16955\/revisions"}],"predecessor-version":[{"id":16958,"href":"https:\/\/serveiseducatius.xtec.cat\/baixemporda\/wp-json\/wp\/v2\/posts\/16955\/revisions\/16958"}],"wp:featuredmedia":[{"embeddable":true,"href":"https:\/\/serveiseducatius.xtec.cat\/baixemporda\/wp-json\/wp\/v2\/media\/16956"}],"wp:attachment":[{"href":"https:\/\/serveiseducatius.xtec.cat\/baixemporda\/wp-json\/wp\/v2\/media?parent=16955"}],"wp:term":[{"taxonomy":"category","embeddable":true,"href":"https:\/\/serveiseducatius.xtec.cat\/baixemporda\/wp-json\/wp\/v2\/categories?post=16955"},{"taxonomy":"post_tag","embeddable":true,"href":"https:\/\/serveiseducatius.xtec.cat\/baixemporda\/wp-json\/wp\/v2\/tags?post=16955"}],"curies":[{"name":"wp","href":"https:\/\/api.w.org\/{rel}","templated":true}]}}