{"id":16175,"date":"2024-10-25T10:40:05","date_gmt":"2024-10-25T08:40:05","guid":{"rendered":"https:\/\/serveiseducatius.xtec.cat\/baixemporda\/?p=16175"},"modified":"2024-11-15T11:08:57","modified_gmt":"2024-11-15T10:08:57","slug":"bona-practica-podem-potenciar-la-lectura-de-la-gent-del-poble-creant-la-fira-del-conte-de-vulpellac","status":"publish","type":"post","link":"https:\/\/serveiseducatius.xtec.cat\/baixemporda\/general\/bona-practica-podem-potenciar-la-lectura-de-la-gent-del-poble-creant-la-fira-del-conte-de-vulpellac\/","title":{"rendered":"Bona pr\u00e0ctica:  Podem potenciar la lectura de la gent del poble creant la Fira del Conte de Vulpellac?"},"content":{"rendered":"<p>&nbsp;<\/p>\n<p style=\"text-align: center;\"><a href=\"https:\/\/serveiseducatius.xtec.cat\/baixemporda\/wp-content\/uploads\/usu1155\/2024\/10\/contes.png\"><img loading=\"lazy\" decoding=\"async\" class=\"alignnone size-full wp-image-16182\" src=\"https:\/\/serveiseducatius.xtec.cat\/baixemporda\/wp-content\/uploads\/usu1155\/2024\/10\/contes.png\" alt=\"\" width=\"470\" height=\"566\" srcset=\"https:\/\/serveiseducatius.xtec.cat\/baixemporda\/wp-content\/uploads\/usu1155\/2024\/10\/contes.png 470w, https:\/\/serveiseducatius.xtec.cat\/baixemporda\/wp-content\/uploads\/usu1155\/2024\/10\/contes-249x300.png 249w\" sizes=\"auto, (max-width: 470px) 100vw, 470px\" \/><\/a><\/p>\n<p>El BESCAT (Biblioteques Escolars de Catalunya) ha atorgat un <a href=\"https:\/\/projectes.xtec.cat\/bescat\/segellbonespractiques\/\"><strong>segell de bona pr\u00e0ctica educativa<\/strong><\/a>\u00a0a l\u2019Escola de Forallac dins la <strong>L\u00ednia 3<\/strong>, reconeixent la seva biblioteca com a agent dinamitzador cultural. Aquest guard\u00f3 valora l&#8217;organitzaci\u00f3 de la <strong>Fira del Conte de Vulpellac<\/strong> per part de l\u2019alumnat de 6\u00e8, una iniciativa que fomenta i difon l\u2019h\u00e0bit lector entre la comunitat local.<\/p>\n<p>Podeu consultar l\u2019<a href=\"https:\/\/projectes.xtec.cat\/bescat\/general\/bones-practiques-podem-potenciar-la-lectura-de-la-gent-del-poble-creant-la-fira-del-conte-de-vulpellac\/\">article complet al Nodes<\/a> de les Biblioteques Escolars de Catalunya per obtenir m\u00e9s informaci\u00f3.<\/p>\n<p><strong>Enhorabona, Escola de Forallac!<\/strong> \ud83d\udc4f<\/p>\n<p>&nbsp;<\/p>\n<p>&nbsp;<\/p>\n","protected":false},"excerpt":{"rendered":"<p>&nbsp; El BESCAT (Biblioteques Escolars de Catalunya) ha atorgat un segell de bona pr\u00e0ctica educativa\u00a0a l\u2019Escola de Forallac dins la L\u00ednia 3, reconeixent la seva biblioteca com a agent dinamitzador cultural. Aquest guard\u00f3 valora l&#8217;organitzaci\u00f3 de la Fira del Conte de Vulpellac per part de l\u2019alumnat de 6\u00e8, una iniciativa que fomenta i difon l\u2019h\u00e0bit [&hellip;]<\/p>\n","protected":false},"author":1,"featured_media":16182,"comment_status":"closed","ping_status":"closed","sticky":false,"template":"","format":"standard","meta":{"_bbp_topic_count":0,"_bbp_reply_count":0,"_bbp_total_topic_count":0,"_bbp_total_reply_count":0,"_bbp_voice_count":0,"_bbp_anonymous_reply_count":0,"_bbp_topic_count_hidden":0,"_bbp_reply_count_hidden":0,"_bbp_forum_subforum_count":0,"site-sidebar-layout":"default","site-content-layout":"","ast-site-content-layout":"","site-content-style":"default","site-sidebar-style":"default","ast-global-header-display":"","ast-banner-title-visibility":"","ast-main-header-display":"","ast-hfb-above-header-display":"","ast-hfb-below-header-display":"","ast-hfb-mobile-header-display":"","site-post-title":"","ast-breadcrumbs-content":"","ast-featured-img":"","footer-sml-layout":"","theme-transparent-header-meta":"","adv-header-id-meta":"","stick-header-meta":"","header-above-stick-meta":"","header-main-stick-meta":"","header-below-stick-meta":"","astra-migrate-meta-layouts":"default","ast-page-background-enabled":"default","ast-page-background-meta":{"desktop":{"background-color":"var(--ast-global-color-4)","background-image":"","background-repeat":"repeat","background-position":"center center","background-size":"auto","background-attachment":"scroll","background-type":"","background-media":"","overlay-type":"","overlay-color":"","overlay-opacity":"","overlay-gradient":""},"tablet":{"background-color":"","background-image":"","background-repeat":"repeat","background-position":"center center","background-size":"auto","background-attachment":"scroll","background-type":"","background-media":"","overlay-type":"","overlay-color":"","overlay-opacity":"","overlay-gradient":""},"mobile":{"background-color":"","background-image":"","background-repeat":"repeat","background-position":"center center","background-size":"auto","background-attachment":"scroll","background-type":"","background-media":"","overlay-type":"","overlay-color":"","overlay-opacity":"","overlay-gradient":""}},"ast-content-background-meta":{"desktop":{"background-color":"var(--ast-global-color-5)","background-image":"","background-repeat":"repeat","background-position":"center center","background-size":"auto","background-attachment":"scroll","background-type":"","background-media":"","overlay-type":"","overlay-color":"","overlay-opacity":"","overlay-gradient":""},"tablet":{"background-color":"var(--ast-global-color-5)","background-image":"","background-repeat":"repeat","background-position":"center center","background-size":"auto","background-attachment":"scroll","background-type":"","background-media":"","overlay-type":"","overlay-color":"","overlay-opacity":"","overlay-gradient":""},"mobile":{"background-color":"var(--ast-global-color-5)","background-image":"","background-repeat":"repeat","background-position":"center center","background-size":"auto","background-attachment":"scroll","background-type":"","background-media":"","overlay-type":"","overlay-color":"","overlay-opacity":"","overlay-gradient":""}},"footnotes":""},"categories":[65,1,297,29,76],"tags":[500],"class_list":["post-16175","post","type-post","status-publish","format-standard","has-post-thumbnail","hentry","category-crp","category-general","category-novetats-comunitat","category-portada","category-recursos","tag-curs-24-25"],"post_mailing_queue_ids":[],"_links":{"self":[{"href":"https:\/\/serveiseducatius.xtec.cat\/baixemporda\/wp-json\/wp\/v2\/posts\/16175","targetHints":{"allow":["GET"]}}],"collection":[{"href":"https:\/\/serveiseducatius.xtec.cat\/baixemporda\/wp-json\/wp\/v2\/posts"}],"about":[{"href":"https:\/\/serveiseducatius.xtec.cat\/baixemporda\/wp-json\/wp\/v2\/types\/post"}],"author":[{"embeddable":true,"href":"https:\/\/serveiseducatius.xtec.cat\/baixemporda\/wp-json\/wp\/v2\/users\/1"}],"replies":[{"embeddable":true,"href":"https:\/\/serveiseducatius.xtec.cat\/baixemporda\/wp-json\/wp\/v2\/comments?post=16175"}],"version-history":[{"count":3,"href":"https:\/\/serveiseducatius.xtec.cat\/baixemporda\/wp-json\/wp\/v2\/posts\/16175\/revisions"}],"predecessor-version":[{"id":16300,"href":"https:\/\/serveiseducatius.xtec.cat\/baixemporda\/wp-json\/wp\/v2\/posts\/16175\/revisions\/16300"}],"wp:featuredmedia":[{"embeddable":true,"href":"https:\/\/serveiseducatius.xtec.cat\/baixemporda\/wp-json\/wp\/v2\/media\/16182"}],"wp:attachment":[{"href":"https:\/\/serveiseducatius.xtec.cat\/baixemporda\/wp-json\/wp\/v2\/media?parent=16175"}],"wp:term":[{"taxonomy":"category","embeddable":true,"href":"https:\/\/serveiseducatius.xtec.cat\/baixemporda\/wp-json\/wp\/v2\/categories?post=16175"},{"taxonomy":"post_tag","embeddable":true,"href":"https:\/\/serveiseducatius.xtec.cat\/baixemporda\/wp-json\/wp\/v2\/tags?post=16175"}],"curies":[{"name":"wp","href":"https:\/\/api.w.org\/{rel}","templated":true}]}}