{"id":16025,"date":"2024-09-18T13:37:13","date_gmt":"2024-09-18T11:37:13","guid":{"rendered":"https:\/\/serveiseducatius.xtec.cat\/baixemporda\/?p=16025"},"modified":"2024-09-18T13:37:51","modified_gmt":"2024-09-18T11:37:51","slug":"preinscripcio-oberta-a-la-lliga-de-debat-secundaria","status":"publish","type":"post","link":"https:\/\/serveiseducatius.xtec.cat\/baixemporda\/general\/preinscripcio-oberta-a-la-lliga-de-debat-secundaria\/","title":{"rendered":"Preinscripci\u00f3 oberta a la Lliga de debat Secund\u00e0ria i Batxillerat"},"content":{"rendered":"<p><a href=\"https:\/\/serveiseducatius.xtec.cat\/baixemporda\/wp-content\/uploads\/usu1155\/2024\/09\/GXqdpX2WsAAYxgl.jpg\"><img loading=\"lazy\" decoding=\"async\" class=\"wp-image-16026 aligncenter\" src=\"https:\/\/serveiseducatius.xtec.cat\/baixemporda\/wp-content\/uploads\/usu1155\/2024\/09\/GXqdpX2WsAAYxgl-819x1024.jpg\" alt=\"\" width=\"385\" height=\"482\" srcset=\"https:\/\/serveiseducatius.xtec.cat\/baixemporda\/wp-content\/uploads\/usu1155\/2024\/09\/GXqdpX2WsAAYxgl-819x1024.jpg 819w, https:\/\/serveiseducatius.xtec.cat\/baixemporda\/wp-content\/uploads\/usu1155\/2024\/09\/GXqdpX2WsAAYxgl-240x300.jpg 240w, https:\/\/serveiseducatius.xtec.cat\/baixemporda\/wp-content\/uploads\/usu1155\/2024\/09\/GXqdpX2WsAAYxgl-768x960.jpg 768w, https:\/\/serveiseducatius.xtec.cat\/baixemporda\/wp-content\/uploads\/usu1155\/2024\/09\/GXqdpX2WsAAYxgl.jpg 1080w\" sizes=\"auto, (max-width: 385px) 100vw, 385px\" \/><\/a><\/p>\n<p>La <strong>Lliga de Debat de Secund\u00e0ria i Batxillerat<\/strong> \u00e9s una competici\u00f3 d\u2019orat\u00f2ria en la qual diversos equips d\u2019estudiants de 4t d\u2019ESO, batxillerat i Formaci\u00f3 Professional de diferents centres docents debaten sobre un tema pol\u00e8mic i d\u2019actualitat. L\u2019objectiu de la Lliga \u00e9s fomentar les compet\u00e8ncies transversals dels estudiants mitjan\u00e7ant l\u2019\u00fas de la paraula i crear un espai de formaci\u00f3 on s\u2019utilitza el catal\u00e0 com a llengua vehicular. Enguany debatrem sobre la q\u00fcesti\u00f3 seg\u00fcent: <em><strong>\u00ab<\/strong><\/em><em><strong>\u00c9s el culte al cos una amena\u00e7a per a la salut?<\/strong><\/em><em><strong>\u00bb<\/strong><\/em><\/p>\n<p>M\u00e9s informaci\u00f3 i inscripcions al seg\u00fcent <a href=\"https:\/\/xtec.gencat.cat\/ca\/agenda\/Preinscripcio-a-la-Lliga-de-Debat-2024-00001\" target=\"_blank\" rel=\"noopener\">enlla\u00e7<\/a>.<\/p>\n","protected":false},"excerpt":{"rendered":"<p>La Lliga de Debat de Secund\u00e0ria i Batxillerat \u00e9s una competici\u00f3 d\u2019orat\u00f2ria en la qual diversos equips d\u2019estudiants de 4t d\u2019ESO, batxillerat i Formaci\u00f3 Professional de diferents centres docents debaten sobre un tema pol\u00e8mic i d\u2019actualitat. L\u2019objectiu de la Lliga \u00e9s fomentar les compet\u00e8ncies transversals dels estudiants mitjan\u00e7ant l\u2019\u00fas de la paraula i crear un [&hellip;]<\/p>\n","protected":false},"author":1,"featured_media":16026,"comment_status":"closed","ping_status":"closed","sticky":false,"template":"","format":"standard","meta":{"_bbp_topic_count":0,"_bbp_reply_count":0,"_bbp_total_topic_count":0,"_bbp_total_reply_count":0,"_bbp_voice_count":0,"_bbp_anonymous_reply_count":0,"_bbp_topic_count_hidden":0,"_bbp_reply_count_hidden":0,"_bbp_forum_subforum_count":0,"site-sidebar-layout":"default","site-content-layout":"","ast-site-content-layout":"","site-content-style":"default","site-sidebar-style":"default","ast-global-header-display":"","ast-banner-title-visibility":"","ast-main-header-display":"","ast-hfb-above-header-display":"","ast-hfb-below-header-display":"","ast-hfb-mobile-header-display":"","site-post-title":"","ast-breadcrumbs-content":"","ast-featured-img":"","footer-sml-layout":"","theme-transparent-header-meta":"","adv-header-id-meta":"","stick-header-meta":"","header-above-stick-meta":"","header-main-stick-meta":"","header-below-stick-meta":"","astra-migrate-meta-layouts":"default","ast-page-background-enabled":"default","ast-page-background-meta":{"desktop":{"background-color":"var(--ast-global-color-4)","background-image":"","background-repeat":"repeat","background-position":"center center","background-size":"auto","background-attachment":"scroll","background-type":"","background-media":"","overlay-type":"","overlay-color":"","overlay-opacity":"","overlay-gradient":""},"tablet":{"background-color":"","background-image":"","background-repeat":"repeat","background-position":"center center","background-size":"auto","background-attachment":"scroll","background-type":"","background-media":"","overlay-type":"","overlay-color":"","overlay-opacity":"","overlay-gradient":""},"mobile":{"background-color":"","background-image":"","background-repeat":"repeat","background-position":"center center","background-size":"auto","background-attachment":"scroll","background-type":"","background-media":"","overlay-type":"","overlay-color":"","overlay-opacity":"","overlay-gradient":""}},"ast-content-background-meta":{"desktop":{"background-color":"var(--ast-global-color-5)","background-image":"","background-repeat":"repeat","background-position":"center center","background-size":"auto","background-attachment":"scroll","background-type":"","background-media":"","overlay-type":"","overlay-color":"","overlay-opacity":"","overlay-gradient":""},"tablet":{"background-color":"var(--ast-global-color-5)","background-image":"","background-repeat":"repeat","background-position":"center center","background-size":"auto","background-attachment":"scroll","background-type":"","background-media":"","overlay-type":"","overlay-color":"","overlay-opacity":"","overlay-gradient":""},"mobile":{"background-color":"var(--ast-global-color-5)","background-image":"","background-repeat":"repeat","background-position":"center center","background-size":"auto","background-attachment":"scroll","background-type":"","background-media":"","overlay-type":"","overlay-color":"","overlay-opacity":"","overlay-gradient":""}},"footnotes":""},"categories":[65,1,296,29],"tags":[500],"class_list":["post-16025","post","type-post","status-publish","format-standard","has-post-thumbnail","hentry","category-crp","category-general","category-novetats-dinamitzacio","category-portada","tag-curs-24-25"],"post_mailing_queue_ids":[],"_links":{"self":[{"href":"https:\/\/serveiseducatius.xtec.cat\/baixemporda\/wp-json\/wp\/v2\/posts\/16025","targetHints":{"allow":["GET"]}}],"collection":[{"href":"https:\/\/serveiseducatius.xtec.cat\/baixemporda\/wp-json\/wp\/v2\/posts"}],"about":[{"href":"https:\/\/serveiseducatius.xtec.cat\/baixemporda\/wp-json\/wp\/v2\/types\/post"}],"author":[{"embeddable":true,"href":"https:\/\/serveiseducatius.xtec.cat\/baixemporda\/wp-json\/wp\/v2\/users\/1"}],"replies":[{"embeddable":true,"href":"https:\/\/serveiseducatius.xtec.cat\/baixemporda\/wp-json\/wp\/v2\/comments?post=16025"}],"version-history":[{"count":2,"href":"https:\/\/serveiseducatius.xtec.cat\/baixemporda\/wp-json\/wp\/v2\/posts\/16025\/revisions"}],"predecessor-version":[{"id":16028,"href":"https:\/\/serveiseducatius.xtec.cat\/baixemporda\/wp-json\/wp\/v2\/posts\/16025\/revisions\/16028"}],"wp:featuredmedia":[{"embeddable":true,"href":"https:\/\/serveiseducatius.xtec.cat\/baixemporda\/wp-json\/wp\/v2\/media\/16026"}],"wp:attachment":[{"href":"https:\/\/serveiseducatius.xtec.cat\/baixemporda\/wp-json\/wp\/v2\/media?parent=16025"}],"wp:term":[{"taxonomy":"category","embeddable":true,"href":"https:\/\/serveiseducatius.xtec.cat\/baixemporda\/wp-json\/wp\/v2\/categories?post=16025"},{"taxonomy":"post_tag","embeddable":true,"href":"https:\/\/serveiseducatius.xtec.cat\/baixemporda\/wp-json\/wp\/v2\/tags?post=16025"}],"curies":[{"name":"wp","href":"https:\/\/api.w.org\/{rel}","templated":true}]}}