{"id":16016,"date":"2024-09-13T12:37:36","date_gmt":"2024-09-13T10:37:36","guid":{"rendered":"https:\/\/serveiseducatius.xtec.cat\/baixemporda\/?p=16016"},"modified":"2024-09-13T12:37:36","modified_gmt":"2024-09-13T10:37:36","slug":"oberta-la-convocatoria-de-la-novena-edicio-del-concurs-icip-de-hip-hop-per-la-pau","status":"publish","type":"post","link":"https:\/\/serveiseducatius.xtec.cat\/baixemporda\/general\/oberta-la-convocatoria-de-la-novena-edicio-del-concurs-icip-de-hip-hop-per-la-pau\/","title":{"rendered":"Oberta la convocat\u00f2ria de la novena edici\u00f3 del Concurs ICIP de Hip-hop per la Pau"},"content":{"rendered":"<p><a href=\"https:\/\/www.icip.cat\/ca\/oberta-la-convocatoria-de-la-novena-edicio-del-concurs-icip-de-hip-hop-per-la-pau\/\" target=\"_blank\" rel=\"noopener\"><img loading=\"lazy\" decoding=\"async\" class=\" wp-image-16017 aligncenter\" src=\"https:\/\/serveiseducatius.xtec.cat\/baixemporda\/wp-content\/uploads\/usu1155\/2024\/09\/GWyjH5BXAAAGLyw-819x1024.jpg\" alt=\"\" width=\"398\" height=\"498\" srcset=\"https:\/\/serveiseducatius.xtec.cat\/baixemporda\/wp-content\/uploads\/usu1155\/2024\/09\/GWyjH5BXAAAGLyw-819x1024.jpg 819w, https:\/\/serveiseducatius.xtec.cat\/baixemporda\/wp-content\/uploads\/usu1155\/2024\/09\/GWyjH5BXAAAGLyw-240x300.jpg 240w, https:\/\/serveiseducatius.xtec.cat\/baixemporda\/wp-content\/uploads\/usu1155\/2024\/09\/GWyjH5BXAAAGLyw-768x960.jpg 768w, https:\/\/serveiseducatius.xtec.cat\/baixemporda\/wp-content\/uploads\/usu1155\/2024\/09\/GWyjH5BXAAAGLyw.jpg 1080w\" sizes=\"auto, (max-width: 398px) 100vw, 398px\" \/><\/a><\/p>\n<p style=\"text-align: justify;\">Un any m\u00e9s, amb l\u2019inici del curs escolar, l\u2019ICIP posa en marxa una nova edici\u00f3\u00a0del\u00a0<a href=\"https:\/\/www.icip.cat\/ca\/premi-icip-hip-hop-per-la-pau\/\" target=\"_blank\" rel=\"noreferrer noopener\">Concurs de Hip-hop per la Pau<\/a>, el certamen que anima el jovent de Catalunya a crear peces musicals per reflexionar sobre la pau i la noviol\u00e8ncia a trav\u00e9s del rap.\u00a0El concurs s\u2019adre\u00e7a als i les joves de 12 a 25 anys perqu\u00e8 posin en marxa la seva creativitat per parlar d\u2019alguns dels temes que m\u00e9s els interessen.<\/p>\n<p style=\"text-align: justify;\">La lletra de les can\u00e7ons ha d\u2019estar relacionada amb la cr\u00edtica de la viol\u00e8ncia, la den\u00fancia de violacions de drets humans, la solidaritat amb persones atrapades o que fugen de conflictes armats, la reivindicaci\u00f3 de les difer\u00e8ncies, la conviv\u00e8ncia o el paper dels joves en la construcci\u00f3 de pau.<\/p>\n<p style=\"text-align: justify;\">El concurs t\u00e9 dues modalitats:<\/p>\n<ul style=\"text-align: justify;\">\n<li>Modalitat 1: adre\u00e7ada a estudiants d\u2019educaci\u00f3 secund\u00e0ria obligat\u00f2ria, formaci\u00f3 professional o batxillerat de Catalunya.<\/li>\n<li>Modalitat 2: adre\u00e7ada a joves d\u2019entre 12 i 25 anys vinculats a centres i entitats juvenils, cultural, c\u00edviques o d\u2019acci\u00f3 socioeducativa de Catalunya.<\/li>\n<\/ul>\n<p style=\"text-align: justify;\">Per participar-hi cal formar un grup d\u2019un m\u00ednim de tres persones, composar una pe\u00e7a de hip-hop amb versos de creaci\u00f3 pr\u00f2pia i fer-ne una gravaci\u00f3 en v\u00eddeo.<\/p>\n<p style=\"text-align: justify;\">La novena edici\u00f3 del concurs estar\u00e0 oberta fins al 30 de gener de 2025, Dia Escolar de la Noviol\u00e8ncia i la Pau.<\/p>\n<p style=\"text-align: justify;\">M\u00e9s informaci\u00f3 al seg\u00fcent <a href=\"https:\/\/www.icip.cat\/ca\/oberta-la-convocatoria-de-la-novena-edicio-del-concurs-icip-de-hip-hop-per-la-pau\/\" target=\"_blank\" rel=\"noopener\">enlla\u00e7<\/a>.<\/p>\n<p>&nbsp;<\/p>\n","protected":false},"excerpt":{"rendered":"<p>Un any m\u00e9s, amb l\u2019inici del curs escolar, l\u2019ICIP posa en marxa una nova edici\u00f3\u00a0del\u00a0Concurs de Hip-hop per la Pau, el certamen que anima el jovent de Catalunya a crear peces musicals per reflexionar sobre la pau i la noviol\u00e8ncia a trav\u00e9s del rap.\u00a0El concurs s\u2019adre\u00e7a als i les joves de 12 a 25 anys [&hellip;]<\/p>\n","protected":false},"author":1,"featured_media":16017,"comment_status":"closed","ping_status":"closed","sticky":false,"template":"","format":"standard","meta":{"_bbp_topic_count":0,"_bbp_reply_count":0,"_bbp_total_topic_count":0,"_bbp_total_reply_count":0,"_bbp_voice_count":0,"_bbp_anonymous_reply_count":0,"_bbp_topic_count_hidden":0,"_bbp_reply_count_hidden":0,"_bbp_forum_subforum_count":0,"site-sidebar-layout":"default","site-content-layout":"","ast-site-content-layout":"","site-content-style":"default","site-sidebar-style":"default","ast-global-header-display":"","ast-banner-title-visibility":"","ast-main-header-display":"","ast-hfb-above-header-display":"","ast-hfb-below-header-display":"","ast-hfb-mobile-header-display":"","site-post-title":"","ast-breadcrumbs-content":"","ast-featured-img":"","footer-sml-layout":"","theme-transparent-header-meta":"","adv-header-id-meta":"","stick-header-meta":"","header-above-stick-meta":"","header-main-stick-meta":"","header-below-stick-meta":"","astra-migrate-meta-layouts":"default","ast-page-background-enabled":"default","ast-page-background-meta":{"desktop":{"background-color":"var(--ast-global-color-4)","background-image":"","background-repeat":"repeat","background-position":"center center","background-size":"auto","background-attachment":"scroll","background-type":"","background-media":"","overlay-type":"","overlay-color":"","overlay-opacity":"","overlay-gradient":""},"tablet":{"background-color":"","background-image":"","background-repeat":"repeat","background-position":"center center","background-size":"auto","background-attachment":"scroll","background-type":"","background-media":"","overlay-type":"","overlay-color":"","overlay-opacity":"","overlay-gradient":""},"mobile":{"background-color":"","background-image":"","background-repeat":"repeat","background-position":"center center","background-size":"auto","background-attachment":"scroll","background-type":"","background-media":"","overlay-type":"","overlay-color":"","overlay-opacity":"","overlay-gradient":""}},"ast-content-background-meta":{"desktop":{"background-color":"var(--ast-global-color-5)","background-image":"","background-repeat":"repeat","background-position":"center center","background-size":"auto","background-attachment":"scroll","background-type":"","background-media":"","overlay-type":"","overlay-color":"","overlay-opacity":"","overlay-gradient":""},"tablet":{"background-color":"var(--ast-global-color-5)","background-image":"","background-repeat":"repeat","background-position":"center center","background-size":"auto","background-attachment":"scroll","background-type":"","background-media":"","overlay-type":"","overlay-color":"","overlay-opacity":"","overlay-gradient":""},"mobile":{"background-color":"var(--ast-global-color-5)","background-image":"","background-repeat":"repeat","background-position":"center center","background-size":"auto","background-attachment":"scroll","background-type":"","background-media":"","overlay-type":"","overlay-color":"","overlay-opacity":"","overlay-gradient":""}},"footnotes":""},"categories":[65,1,296,29],"tags":[500],"class_list":["post-16016","post","type-post","status-publish","format-standard","has-post-thumbnail","hentry","category-crp","category-general","category-novetats-dinamitzacio","category-portada","tag-curs-24-25"],"post_mailing_queue_ids":[],"_links":{"self":[{"href":"https:\/\/serveiseducatius.xtec.cat\/baixemporda\/wp-json\/wp\/v2\/posts\/16016","targetHints":{"allow":["GET"]}}],"collection":[{"href":"https:\/\/serveiseducatius.xtec.cat\/baixemporda\/wp-json\/wp\/v2\/posts"}],"about":[{"href":"https:\/\/serveiseducatius.xtec.cat\/baixemporda\/wp-json\/wp\/v2\/types\/post"}],"author":[{"embeddable":true,"href":"https:\/\/serveiseducatius.xtec.cat\/baixemporda\/wp-json\/wp\/v2\/users\/1"}],"replies":[{"embeddable":true,"href":"https:\/\/serveiseducatius.xtec.cat\/baixemporda\/wp-json\/wp\/v2\/comments?post=16016"}],"version-history":[{"count":1,"href":"https:\/\/serveiseducatius.xtec.cat\/baixemporda\/wp-json\/wp\/v2\/posts\/16016\/revisions"}],"predecessor-version":[{"id":16018,"href":"https:\/\/serveiseducatius.xtec.cat\/baixemporda\/wp-json\/wp\/v2\/posts\/16016\/revisions\/16018"}],"wp:featuredmedia":[{"embeddable":true,"href":"https:\/\/serveiseducatius.xtec.cat\/baixemporda\/wp-json\/wp\/v2\/media\/16017"}],"wp:attachment":[{"href":"https:\/\/serveiseducatius.xtec.cat\/baixemporda\/wp-json\/wp\/v2\/media?parent=16016"}],"wp:term":[{"taxonomy":"category","embeddable":true,"href":"https:\/\/serveiseducatius.xtec.cat\/baixemporda\/wp-json\/wp\/v2\/categories?post=16016"},{"taxonomy":"post_tag","embeddable":true,"href":"https:\/\/serveiseducatius.xtec.cat\/baixemporda\/wp-json\/wp\/v2\/tags?post=16016"}],"curies":[{"name":"wp","href":"https:\/\/api.w.org\/{rel}","templated":true}]}}