{"id":15969,"date":"2024-09-10T17:30:41","date_gmt":"2024-09-10T15:30:41","guid":{"rendered":"https:\/\/serveiseducatius.xtec.cat\/baixemporda\/?p=15969"},"modified":"2024-09-10T17:30:41","modified_gmt":"2024-09-10T15:30:41","slug":"projecte-estimat","status":"publish","type":"post","link":"https:\/\/serveiseducatius.xtec.cat\/baixemporda\/general\/projecte-estimat\/","title":{"rendered":"Projecte Estima&#8217;t"},"content":{"rendered":"<p style=\"text-align: justify;\"><a href=\"https:\/\/sites.google.com\/view\/projecte-estimat\/\"><img loading=\"lazy\" decoding=\"async\" class=\" wp-image-15972 aligncenter\" src=\"https:\/\/serveiseducatius.xtec.cat\/baixemporda\/wp-content\/uploads\/usu1155\/2024\/09\/Estimat-1.png\" alt=\"\" width=\"610\" height=\"347\" srcset=\"https:\/\/serveiseducatius.xtec.cat\/baixemporda\/wp-content\/uploads\/usu1155\/2024\/09\/Estimat-1.png 844w, https:\/\/serveiseducatius.xtec.cat\/baixemporda\/wp-content\/uploads\/usu1155\/2024\/09\/Estimat-1-300x171.png 300w, https:\/\/serveiseducatius.xtec.cat\/baixemporda\/wp-content\/uploads\/usu1155\/2024\/09\/Estimat-1-768x437.png 768w\" sizes=\"auto, (max-width: 610px) 100vw, 610px\" \/><\/a>\u200b<\/p>\n<p style=\"text-align: justify;\">El <a href=\"https:\/\/sites.google.com\/view\/projecte-estimat\/\">Projecte Estima&#8217;t<\/a> \u00e9s una iniciativa desenvolupada per l&#8217;\u00c0rea B\u00e0sica de Salut de la Bisbal, amb l&#8217;objectiu de promoure una imatge corporal positiva i saludable, fomentant un ideal de cos basat en la salut i el benestar, i no en l&#8217;aparen\u00e7a.<\/p>\n<p style=\"text-align: justify;\">El <a href=\"https:\/\/sites.google.com\/view\/projecte-estimat\/\">projecte<\/a> est\u00e0 dissenyat per ser aplicat als alumnes de prim\u00e0ria, amb continguts i activitats diferenciats per cicles. Es pot treballar a trav\u00e9s de les tutories o en altres espais que l&#8217;escola consideri adequats per introduir aquests conceptes. A m\u00e9s, en algunes activitats, es pret\u00e9n implicar les fam\u00edlies perqu\u00e8 la informaci\u00f3 i els aprenentatges tamb\u00e9 es puguin abordar en el nucli familiar.<\/p>\n<p class=\"zfr3Q CDt4Ke \" dir=\"ltr\"><span class=\"C9DxTc \"> <a href=\"https:\/\/sites.google.com\/view\/projecte-estimat\/\"><img loading=\"lazy\" decoding=\"async\" class=\" wp-image-15978 aligncenter\" src=\"https:\/\/serveiseducatius.xtec.cat\/baixemporda\/wp-content\/uploads\/usu1155\/2024\/09\/Estimat-1024x498.png\" alt=\"\" width=\"851\" height=\"414\" srcset=\"https:\/\/serveiseducatius.xtec.cat\/baixemporda\/wp-content\/uploads\/usu1155\/2024\/09\/Estimat-1024x498.png 1024w, https:\/\/serveiseducatius.xtec.cat\/baixemporda\/wp-content\/uploads\/usu1155\/2024\/09\/Estimat-300x146.png 300w, https:\/\/serveiseducatius.xtec.cat\/baixemporda\/wp-content\/uploads\/usu1155\/2024\/09\/Estimat-768x373.png 768w, https:\/\/serveiseducatius.xtec.cat\/baixemporda\/wp-content\/uploads\/usu1155\/2024\/09\/Estimat-1536x747.png 1536w, https:\/\/serveiseducatius.xtec.cat\/baixemporda\/wp-content\/uploads\/usu1155\/2024\/09\/Estimat.png 1643w\" sizes=\"auto, (max-width: 851px) 100vw, 851px\" \/><\/a><\/span><\/p>\n<p>A la mediateca dels Serveis educatius podeu <a href=\"https:\/\/baixemporda.mediateca.cat\/recurs\/projecte-estima-t\/\">demanar<\/a> en pr\u00e9stec el joc de l&#8217;activitat de Cicle Mitj\u00e0<\/p>\n<p><a href=\"https:\/\/serveiseducatius.xtec.cat\/baixemporda\/wp-content\/uploads\/usu1155\/2024\/07\/Joc096.png\"><img loading=\"lazy\" decoding=\"async\" class=\"size-full wp-image-15891 aligncenter\" src=\"https:\/\/serveiseducatius.xtec.cat\/baixemporda\/wp-content\/uploads\/usu1155\/2024\/07\/Joc096.png\" alt=\"\" width=\"433\" height=\"577\" srcset=\"https:\/\/serveiseducatius.xtec.cat\/baixemporda\/wp-content\/uploads\/usu1155\/2024\/07\/Joc096.png 433w, https:\/\/serveiseducatius.xtec.cat\/baixemporda\/wp-content\/uploads\/usu1155\/2024\/07\/Joc096-225x300.png 225w\" sizes=\"auto, (max-width: 433px) 100vw, 433px\" \/><\/a><\/p>\n<p>&nbsp;<\/p>\n<p style=\"text-align: justify;\">\n","protected":false},"excerpt":{"rendered":"<p>\u200b El Projecte Estima&#8217;t \u00e9s una iniciativa desenvolupada per l&#8217;\u00c0rea B\u00e0sica de Salut de la Bisbal, amb l&#8217;objectiu de promoure una imatge corporal positiva i saludable, fomentant un ideal de cos basat en la salut i el benestar, i no en l&#8217;aparen\u00e7a. El projecte est\u00e0 dissenyat per ser aplicat als alumnes de prim\u00e0ria, amb continguts [&hellip;]<\/p>\n","protected":false},"author":1,"featured_media":15972,"comment_status":"closed","ping_status":"closed","sticky":false,"template":"","format":"standard","meta":{"_bbp_topic_count":0,"_bbp_reply_count":0,"_bbp_total_topic_count":0,"_bbp_total_reply_count":0,"_bbp_voice_count":0,"_bbp_anonymous_reply_count":0,"_bbp_topic_count_hidden":0,"_bbp_reply_count_hidden":0,"_bbp_forum_subforum_count":0,"site-sidebar-layout":"default","site-content-layout":"","ast-site-content-layout":"","site-content-style":"default","site-sidebar-style":"default","ast-global-header-display":"","ast-banner-title-visibility":"","ast-main-header-display":"","ast-hfb-above-header-display":"","ast-hfb-below-header-display":"","ast-hfb-mobile-header-display":"","site-post-title":"","ast-breadcrumbs-content":"","ast-featured-img":"","footer-sml-layout":"","theme-transparent-header-meta":"","adv-header-id-meta":"","stick-header-meta":"","header-above-stick-meta":"","header-main-stick-meta":"","header-below-stick-meta":"","astra-migrate-meta-layouts":"default","ast-page-background-enabled":"default","ast-page-background-meta":{"desktop":{"background-color":"var(--ast-global-color-4)","background-image":"","background-repeat":"repeat","background-position":"center center","background-size":"auto","background-attachment":"scroll","background-type":"","background-media":"","overlay-type":"","overlay-color":"","overlay-opacity":"","overlay-gradient":""},"tablet":{"background-color":"","background-image":"","background-repeat":"repeat","background-position":"center center","background-size":"auto","background-attachment":"scroll","background-type":"","background-media":"","overlay-type":"","overlay-color":"","overlay-opacity":"","overlay-gradient":""},"mobile":{"background-color":"","background-image":"","background-repeat":"repeat","background-position":"center center","background-size":"auto","background-attachment":"scroll","background-type":"","background-media":"","overlay-type":"","overlay-color":"","overlay-opacity":"","overlay-gradient":""}},"ast-content-background-meta":{"desktop":{"background-color":"var(--ast-global-color-5)","background-image":"","background-repeat":"repeat","background-position":"center center","background-size":"auto","background-attachment":"scroll","background-type":"","background-media":"","overlay-type":"","overlay-color":"","overlay-opacity":"","overlay-gradient":""},"tablet":{"background-color":"var(--ast-global-color-5)","background-image":"","background-repeat":"repeat","background-position":"center center","background-size":"auto","background-attachment":"scroll","background-type":"","background-media":"","overlay-type":"","overlay-color":"","overlay-opacity":"","overlay-gradient":""},"mobile":{"background-color":"var(--ast-global-color-5)","background-image":"","background-repeat":"repeat","background-position":"center center","background-size":"auto","background-attachment":"scroll","background-type":"","background-media":"","overlay-type":"","overlay-color":"","overlay-opacity":"","overlay-gradient":""}},"footnotes":""},"categories":[65,1,297,296,295,29],"tags":[500],"class_list":["post-15969","post","type-post","status-publish","format-standard","has-post-thumbnail","hentry","category-crp","category-general","category-novetats-comunitat","category-novetats-dinamitzacio","category-novetats-recursos","category-portada","tag-curs-24-25"],"post_mailing_queue_ids":[],"_links":{"self":[{"href":"https:\/\/serveiseducatius.xtec.cat\/baixemporda\/wp-json\/wp\/v2\/posts\/15969","targetHints":{"allow":["GET"]}}],"collection":[{"href":"https:\/\/serveiseducatius.xtec.cat\/baixemporda\/wp-json\/wp\/v2\/posts"}],"about":[{"href":"https:\/\/serveiseducatius.xtec.cat\/baixemporda\/wp-json\/wp\/v2\/types\/post"}],"author":[{"embeddable":true,"href":"https:\/\/serveiseducatius.xtec.cat\/baixemporda\/wp-json\/wp\/v2\/users\/1"}],"replies":[{"embeddable":true,"href":"https:\/\/serveiseducatius.xtec.cat\/baixemporda\/wp-json\/wp\/v2\/comments?post=15969"}],"version-history":[{"count":3,"href":"https:\/\/serveiseducatius.xtec.cat\/baixemporda\/wp-json\/wp\/v2\/posts\/15969\/revisions"}],"predecessor-version":[{"id":15979,"href":"https:\/\/serveiseducatius.xtec.cat\/baixemporda\/wp-json\/wp\/v2\/posts\/15969\/revisions\/15979"}],"wp:featuredmedia":[{"embeddable":true,"href":"https:\/\/serveiseducatius.xtec.cat\/baixemporda\/wp-json\/wp\/v2\/media\/15972"}],"wp:attachment":[{"href":"https:\/\/serveiseducatius.xtec.cat\/baixemporda\/wp-json\/wp\/v2\/media?parent=15969"}],"wp:term":[{"taxonomy":"category","embeddable":true,"href":"https:\/\/serveiseducatius.xtec.cat\/baixemporda\/wp-json\/wp\/v2\/categories?post=15969"},{"taxonomy":"post_tag","embeddable":true,"href":"https:\/\/serveiseducatius.xtec.cat\/baixemporda\/wp-json\/wp\/v2\/tags?post=15969"}],"curies":[{"name":"wp","href":"https:\/\/api.w.org\/{rel}","templated":true}]}}